{"id":10720,"date":"2025-05-06T14:20:28","date_gmt":"2025-05-06T12:20:28","guid":{"rendered":"https:\/\/educationbiencommun.fr\/?p=10720"},"modified":"2025-05-06T14:20:28","modified_gmt":"2025-05-06T12:20:28","slug":"betharram-penser-en-sociologue-plutot-quen-procureur","status":"publish","type":"post","link":"https:\/\/education-bien-commun.fr\/?p=10720","title":{"rendered":"B\u00e9tharram : penser en sociologue plut\u00f4t qu&rsquo;en procureur"},"content":{"rendered":"\n<p class=\"wp-block-paragraph\">Philippe Watrelot, ancien professeur de Sciences \u00e9conomiques et sociales, formateur, militant p\u00e9dagogique. Publi\u00e9 dans Syst\u00e8me \u00e9ducatif.<\/p>\n\n\n\n<h3 class=\"wp-block-heading has-text-align-center\"><mark style=\"background-color:#ff6900\" class=\"has-inline-color has-black-color\">Introduction <\/mark><\/h3>\n\n\n\n<p class=\"wp-block-paragraph\">L\u2019\u00ab affaire B\u00e9tharram \u00bb continue \u00e0 susciter de nombreuses r\u00e9actions. Ce peut \u00eatre le d\u00e9clencheur d\u2019un v\u00e9ritable \u00ab metoo scolaire \u00bb et d\u2019une vraie r\u00e9flexion sur l\u2019\u00e9ducation. Le livre qui sort, <strong>\u00ab Les silences de B\u00e9tharram \u00bb<\/strong> par sa m\u00e9diatisation peut y contribuer (voir note). Mais pour y parvenir, il me semble qu\u2019il faut bien distinguer les logiques et se garder de deux tentations d\u2019instrumentalisation.<br><\/p>\n\n\n\n<h3 class=\"wp-block-heading has-text-align-center\" id=\"page-title\"><strong><mark style=\"background-color:#ff6900\" class=\"has-inline-color\">Deux logiques<\/mark><\/strong><\/h3>\n\n\n\n<p class=\"has-text-align-left wp-block-paragraph\">Dans ce qui se passe autour de B\u00e9tharram il y a deux logiques qui sont intriqu\u00e9es.<br>Il y a \u00e9videmment <strong>une dimension politique <\/strong>qui est li\u00e9e au fait que Fran\u00e7ois Bayrou est, de fait, concern\u00e9 par ce dossier. La tentation est grande (et elle n&rsquo;est pas absente chez certains d\u00e9put\u00e9s) d&rsquo;une instrumentalisation et d&rsquo;en profiter pour \u00ab\u00a0se payer Bayrou\u00a0\u00bb avec ce dossier. Celui-ci serait forc\u00e9ment coupable.<\/p>\n\n\n\n<p class=\"has-text-align-center wp-block-paragraph\"><mark style=\"background-color:rgba(0, 0, 0, 0)\" class=\"has-inline-color has-black-color\"><br>Mais il y a <strong>une<\/strong> <strong>autre dimension qui est soci\u00e9tale et syst\u00e9mique<\/strong>.<\/mark><\/p>\n\n\n\n<p class=\"has-text-align-left wp-block-paragraph\"> B\u00e9tharram n&rsquo;est que le cas le plus visible d&rsquo;un ensemble d&rsquo;\u00e9tablissements o\u00f9 <strong>les m\u00e9canismes<\/strong> sont plus ou moins les m\u00eames : <strong>aveuglement, surdit\u00e9, culture de la violence et masculiniste, violences sexuelles&#8230; <\/strong><\/p>\n\n\n\n<p class=\"has-text-align-left wp-block-paragraph\">Et la question globale est donc de se demander pourquoi \u00ab\u00a0on\u00a0\u00bb n&rsquo;a rien vu, rien entendu&#8230; Et cela ne concerne pas\/plus seulement la personne de Bayrou et sa seule responsabilit\u00e9 mais <strong>un ensemble de m\u00e9canismes sociaux.<\/strong><br>Bayrou (qui ne brille pas par son courage politique) \u00e9tait et est encore enserr\u00e9 dans un ensemble de m\u00e9canismes sociaux qui n&rsquo;en font qu&rsquo;un \u00ab\u00a0responsable\u00a0\u00bb parmi d&rsquo;autres. Dire cela ne le d\u00e9douane pas mais nous oblige \u00e0 une analyse moins binaire et plus nuanc\u00e9e.<\/p>\n\n\n\n<p class=\"has-text-align-left wp-block-paragraph\">H\u00e9l\u00e8ne Perlant s&rsquo;y est essay\u00e9 et,&nbsp;<a href=\"https:\/\/www.radiofrance.fr\/franceinter\/podcasts\/l-invite-de-8h20-le-grand-entretien\/l-invite-de-8h20-le-grand-entretien-du-jeudi-24-avril-2025-8287995\"><strong>sur France Inter, (24\/04\/2025)<\/strong><\/a>, fait presque \u0153uvre de sociologue en proposant d&rsquo;expliquer les causes du \u00absilence de B\u00e9tharram\u00bb (c&rsquo;est aussi le titre de ce livre) en partant d&rsquo;un double paradoxe : \u00ab<em>&nbsp;plus il y a de t\u00e9moins, moins \u00e7a parle&nbsp;<\/em>\u00bb et \u00ab&nbsp;<em>plus on est intriqu\u00e9, moins on voit<\/em>&nbsp;\u00bb. Les m\u00e9canismes du contr\u00f4le social et des \u00ab\u00a0solidarit\u00e9s m\u00e9caniques\u00a0\u00bb dans les petites communaut\u00e9s fonctionnent en effet ainsi. Et cela peut expliquer l&rsquo;aveuglement et la surdit\u00e9.<\/p>\n\n\n\n<p class=\"has-text-align-left wp-block-paragraph\">M\u00eame s&rsquo;il est important de chercher des responsables et des coupables, pour comprendre ce qui se joue il faut penser en sociologue et non pas uniquement en procureur.<\/p>\n\n\n\n<h3 class=\"wp-block-heading has-text-align-center\"><strong><mark style=\"background-color:#ff6900\" class=\"has-inline-color\">D\u00e9livrez-nous de la tentation&#8230;<\/mark><\/strong><\/h3>\n\n\n\n<p class=\"wp-block-paragraph\">Il y a donc <strong>une premi\u00e8re tentation<\/strong> qui est celle d\u2019instrumentaliser cette affaire pour \u00e9liminer Fran\u00e7ois Bayrou, coupable de ne pas avoir vu et surtout de ne pas avoir entendu ce que disaient les lanceurs d\u2019alerte. Aujourd\u2019hui, sa ligne de d\u00e9fense est confuse et est d\u2019ailleurs perturb\u00e9e par une vision politicienne puisqu\u2019il pense qu\u2019on veut sa peau. R\u00e9duire, d\u2019un c\u00f4t\u00e9 comme de l\u2019autre, cette affaire \u00e0 cette dimension de cuisine politique est indigne des souffrances des victimes.<\/p>\n\n\n\n<p class=\"wp-block-paragraph\">On peut rajouter <strong>une deuxi\u00e8me tentation d&rsquo;instrumentalisation <\/strong>qui serait celle de \u00ab\u00a0se payer l&rsquo;enseignement priv\u00e9\u00a0\u00bb et d&rsquo;en faire le seul lieu des violences physiques et sexuelles.<\/p>\n\n\n\n<p class=\"wp-block-paragraph\">Certes, je suis d&rsquo;accord pour dire <strong><a href=\"https:\/\/www.alternatives-economiques.fr\/philippe-watrelot\/revele-laffaire-betharram\/00114616\">(et je l&rsquo;\u00e9cris !)<\/a><\/strong>&nbsp;qu&rsquo;il y a une pr\u00e9valence du priv\u00e9 et un \u00ab\u00a0syst\u00e8me\u00a0\u00bb qui favorise ces violences : relations de d\u00e9pendance mutuelle et d&#8217;emprise, \u00ab\u00a0solidarit\u00e9\u00a0\u00bb et contr\u00f4le social propres aux petites communaut\u00e9s, internats, non mixit\u00e9, etc.<br>Mais ces faits existaient (existent encore) aussi dans le public. On voit ressurgir aujourd\u2019hui des situations voisines.<\/p>\n\n\n\n<p class=\"wp-block-paragraph\"><strong>C&rsquo;est bien une culture de la violence et de la domination &nbsp;qu&rsquo;il faut questionner et pas seulement un syst\u00e8me d&rsquo;enseignement.<\/strong><br>Si l\u2019enseignement priv\u00e9 doit \u00eatre interpell\u00e9 c\u2019est d\u2019abord et surtout sur son r\u00f4le dans le s\u00e9paratisme et l\u2019entre-soi et le refus de la mixit\u00e9 sociale qui ne font que renforcer les in\u00e9galit\u00e9s sociales.<\/p>\n\n\n\n<p class=\"has-text-align-left wp-block-paragraph\">Mais c\u2019est tout le syst\u00e8me \u00e9ducatif et notre soci\u00e9t\u00e9 dans son ensemble qui doit se questionner sur la place donn\u00e9e aux enfants et aux jeunes. Peut-on fonder une \u00e9ducation sur la menace, la peur et la violence ? Quelles valeurs voulons nous transmettre ?<\/p>\n\n\n\n<p class=\"has-text-align-right wp-block-paragraph\"><br>PhW le 24 avril 2025<\/p>\n\n\n\n<p class=\"wp-block-paragraph\">Notes<\/p>\n\n\n\n<p class=\"wp-block-paragraph\"><strong><a href=\"https:\/\/france3-regions.francetvinfo.fr\/nouvelle-aquitaine\/pyrenees-atlantiques\/pau\/je-decouvre-un-continent-de-violences-sexuelles-le-silence-de-betharram-le-livre-choc-d-un-ancien-eleve-devenu-lanceur-d-alerte-3142277.html\">Le livre du lanceur d&rsquo;alerte Alain Esquerre <\/a><\/strong>: une affaire de p\u00e9dophilie ou plut\u00f4t de p\u00e9docriminalit\u00e9 ?<\/p>\n\n\n\n<figure class=\"wp-block-image size-large\"><img loading=\"lazy\" decoding=\"async\" width=\"1964\" height=\"1440\" src=\"https:\/\/education-bien-commun.fr\/wp-content\/uploads\/2025\/05\/capture-decran-2025-05-06-a-14.04.25.png?w=1024\" alt=\"\" class=\"wp-image-10745\" srcset=\"https:\/\/education-bien-commun.fr\/wp-content\/uploads\/2025\/05\/capture-decran-2025-05-06-a-14.04.25.png 1964w, https:\/\/education-bien-commun.fr\/wp-content\/uploads\/2025\/05\/capture-decran-2025-05-06-a-14.04.25-300x220.png 300w, https:\/\/education-bien-commun.fr\/wp-content\/uploads\/2025\/05\/capture-decran-2025-05-06-a-14.04.25-1024x751.png 1024w, https:\/\/education-bien-commun.fr\/wp-content\/uploads\/2025\/05\/capture-decran-2025-05-06-a-14.04.25-768x563.png 768w, https:\/\/education-bien-commun.fr\/wp-content\/uploads\/2025\/05\/capture-decran-2025-05-06-a-14.04.25-1536x1126.png 1536w\" sizes=\"auto, (max-width: 1964px) 100vw, 1964px\" \/><\/figure>\n\n\n\n<p class=\"wp-block-paragraph\"><strong>Le livre sur l&rsquo;affaire Notre-Dame de B\u00e9tharram est sorti le jeudi 24 avril 2025, plus d&rsquo;un an et demi apr\u00e8s le d\u00e9but du scandale. L&rsquo;ouvrage est co-\u00e9crit par Alain Esquerre, le porte-parole des victimes, et par la journaliste Cl\u00e9mence Badault.<\/strong><\/p>\n\n\n\n<p class=\"wp-block-paragraph\">L\u2019Affaire Betharram d\u00e9passe :<\/p>\n\n\n\n<p class=\"wp-block-paragraph\">\u2013 le cas de Fran\u00e7ois Bayrou qui n\u2019a rien vu rien entendu<\/p>\n\n\n\n<p class=\"wp-block-paragraph\">\u2013 l\u2019unique cas de l\u2019enseignement priv\u00e9 sa violence et ses d\u00e9rives m\u00eame si avec les ministres macronistes (Blanquer, Attal et les ministres suivantes qui ne les ont pas contredits), il est l&rsquo;objet de tous les soins et aides financi\u00e8res qui outrepassent scandaleursemenet, ceux d\u00e9di\u00e9s au Service public de plus en plus mis \u00e0 mal.<\/p>\n\n\n\n<p class=\"wp-block-paragraph\">\u2013&nbsp;<strong>Il doit questionner aussi l&rsquo;enseignement public et son approche de l\u2019\u00e9mancipation des enfants et des jeunes<\/strong>&nbsp;<strong>tr\u00e8s peu interrog\u00e9e<\/strong> car allant de soi alors que les m\u00eames m\u00e9canismes que dans le priv\u00e9 y sont aussi \u00e0 l\u2019\u0153uvre : violence institutionnelle mais aussi abus sexuels : voir le cas d\u00e9nonc\u00e9 dans l&rsquo;article du Caf\u00e9 p\u00e9dagogique du 6 mai 2025. <strong><a href=\"https:\/\/cafepedagogique.net\/2025\/05\/06\/accusation-de-violences-au-lycee-bayen-des-defaillances-et-des-failles-de-leducation-nationale\/\">\u00ab\u00a0Accusation de violences au lyc\u00e9e Bayen : d\u00e9faillances et failles de l\u2019\u00c9ducation nationale.\u00a0\u00bb<\/a><\/strong><\/p>\n\n\n\n<p class=\"wp-block-paragraph\">C\u2019est d\u2019ailleurs le propos de notre collectif Education bien commun depuis 2020.&nbsp;La soci\u00e9t\u00e9 g\u00e9n\u00e8re depuis des mill\u00e9naires des comportements qui ne respectent ni les enfants ni les jeunes. Et \u00e7a peut aller tr\u00e8s loin dans la violence.<\/p>\n\n\n\n<p class=\"wp-block-paragraph\">C&rsquo;est le propos de Raymond Millot dans son dernier livre-testament o\u00f9 il nous a d\u00e9livr\u00e9 son espoir que les choses changent enfin : <strong>\u00ab\u00a0Bifurque, changer l&rsquo;ordre mill\u00e9naire\u00a0\u00bb<\/strong>.<\/p>\n\n\n\n<p class=\"wp-block-paragraph\"><\/p>\n\n\n\n<p class=\"wp-block-paragraph\"><\/p>\n\n\n\n<p class=\"wp-block-paragraph\"><\/p>\n\n\n\n<p class=\"wp-block-paragraph\"><\/p>\n\n\n\n<p class=\"wp-block-paragraph\"><\/p>\n\n\n\n<p class=\"wp-block-paragraph\"><\/p>\n\n\n\n<p class=\"wp-block-paragraph\"><\/p>\n\n\n\n<p class=\"wp-block-paragraph\"><\/p>\n\n\n\n<p class=\"wp-block-paragraph\"><\/p>\n\n\n\n<p class=\"wp-block-paragraph\"><\/p>\n\n\n\n<p class=\"wp-block-paragraph\"><\/p>\n\n\n\n<p class=\"wp-block-paragraph\"><\/p>\n\n\n\n<p class=\"wp-block-paragraph\"><\/p>\n\n\n\n<p class=\"wp-block-paragraph\"><\/p>\n\n\n\n<p class=\"wp-block-paragraph\"><\/p>\n\n\n\n<p class=\"wp-block-paragraph\">Notes<\/p>\n\n\n\n<p class=\"wp-block-paragraph\">Philippe Wat<\/p>\n","protected":false},"excerpt":{"rendered":"<p>Philippe Watrelot, ancien professeur de Sciences \u00e9conomiques et sociales, formateur, militant p\u00e9dagogique. Publi\u00e9 dans Syst\u00e8me \u00e9ducatif. Introduction L\u2019\u00ab affaire B\u00e9tharram \u00bb continue \u00e0 susciter de nombreuses r\u00e9actions. Ce peut \u00eatre le d\u00e9clencheur d\u2019un v\u00e9ritable \u00ab metoo scolaire \u00bb et d\u2019une vraie r\u00e9flexion sur l\u2019\u00e9ducation. Le livre qui sort, \u00ab Les silences de B\u00e9tharram \u00bb par&hellip; <a class=\"more-link\" href=\"https:\/\/education-bien-commun.fr\/?p=10720\">Lire la suite <span class=\"screen-reader-text\">B\u00e9tharram : penser en sociologue plut\u00f4t qu&rsquo;en procureur<\/span><\/a><\/p>\n","protected":false},"author":3,"featured_media":0,"comment_status":"open","ping_status":"open","sticky":false,"template":"","format":"standard","meta":{"_jetpack_newsletter_access":"","_jetpack_dont_email_post_to_subs":false,"_jetpack_newsletter_tier_id":0,"_jetpack_memberships_contains_paywalled_content":false,"_jetpack_feature_clip_id":0,"_jetpack_memberships_contains_paid_content":false,"footnotes":"","jetpack_post_was_ever_published":false},"categories":[3,44,49,50,96,100],"tags":[],"class_list":["post-10720","post","type-post","status-publish","format-standard","hentry","category-abus-sexuels","category-emancipation","category-enseignement-prive","category-enseignement-public","category-systeme-educatif","category-violence-institutionnelle"],"jetpack_sharing_enabled":true,"jetpack_featured_media_url":"","_links":{"self":[{"href":"https:\/\/education-bien-commun.fr\/index.php?rest_route=\/wp\/v2\/posts\/10720","targetHints":{"allow":["GET"]}}],"collection":[{"href":"https:\/\/education-bien-commun.fr\/index.php?rest_route=\/wp\/v2\/posts"}],"about":[{"href":"https:\/\/education-bien-commun.fr\/index.php?rest_route=\/wp\/v2\/types\/post"}],"author":[{"embeddable":true,"href":"https:\/\/education-bien-commun.fr\/index.php?rest_route=\/wp\/v2\/users\/3"}],"replies":[{"embeddable":true,"href":"https:\/\/education-bien-commun.fr\/index.php?rest_route=%2Fwp%2Fv2%2Fcomments&post=10720"}],"version-history":[{"count":0,"href":"https:\/\/education-bien-commun.fr\/index.php?rest_route=\/wp\/v2\/posts\/10720\/revisions"}],"wp:attachment":[{"href":"https:\/\/education-bien-commun.fr\/index.php?rest_route=%2Fwp%2Fv2%2Fmedia&parent=10720"}],"wp:term":[{"taxonomy":"category","embeddable":true,"href":"https:\/\/education-bien-commun.fr\/index.php?rest_route=%2Fwp%2Fv2%2Fcategories&post=10720"},{"taxonomy":"post_tag","embeddable":true,"href":"https:\/\/education-bien-commun.fr\/index.php?rest_route=%2Fwp%2Fv2%2Ftags&post=10720"}],"curies":[{"name":"wp","href":"https:\/\/api.w.org\/{rel}","templated":true}]}}