{"id":10906,"date":"2025-08-22T12:20:10","date_gmt":"2025-08-22T10:20:10","guid":{"rendered":"https:\/\/education-bien-commun.fr\/?p=10906"},"modified":"2025-08-22T12:20:10","modified_gmt":"2025-08-22T10:20:10","slug":"raymond-millot-est-parti-le-19-08-2024","status":"publish","type":"post","link":"https:\/\/education-bien-commun.fr\/?p=10906","title":{"rendered":"Raymond Millot est parti le 19\/08\/2024"},"content":{"rendered":"\n<h2 class=\"wp-block-heading\">Paroles pour se souvenir<\/h2>\n\n\n\n<p class=\"wp-block-paragraph\">\u00ab\u00a0Il y a un an, le 19 ao\u00fbt 2024, \u00e0 98 ans, Raymond Millot quittait ce monde si d\u00e9sesp\u00e9rant, lui qui avait vou\u00e9 sa vie \u00e0 la cause des enfants, des \u00e9l\u00e8ves, avec un tel optimisme, dynamisme et conviction pour transformer radicalement le syst\u00e8me \u00e9ducatif :  il y avait r\u00e9ussi, avec sa compagne Rolande, en mobilisant des \u00e9quipes d&rsquo;institutrices et d&rsquo;instituteurs entre les ann\u00e9es 60 et 2000, \u00e0 l&rsquo;int\u00e9rieur du syst\u00e8me scolaire public, \u00e0 Vitruve \u00e0 Paris et \u00e0 la Villeneuve de Grenoble.  Les \u00e9l\u00e8ves, il les avait \u00e9mancip\u00e9s, un temps, de tous les pouvoirs (des adultes, de l&rsquo;administration d\u00e9l\u00e9t\u00e8re de l&rsquo;Education nationale, de ses absurdit\u00e9s). Il laisse le souvenir d&rsquo;un \u00eatre humain au service des autres ; Un homme de coeur, de courage qui tenait \u00e0 faire partager ses id\u00e9es, \u00e0 convaincre dans notre collectif Education bien Commun \u00e0 partir de 2020 \u00e0 une \u00e9poque o\u00f9 tout le monde baissait les bras (le Covid, Macron, Blanquer etc.) Un libertaire comme il se voulait, un homme libre&#8230;\u00a0\u00bb NL<\/p>\n\n\n\n<p class=\"wp-block-paragraph\">***<\/p>\n\n\n\n<p class=\"has-text-align-left wp-block-paragraph\"><strong>De son \u00e9diteur Florent Massot : <\/strong>\u00ab\u00a0Cela fait un an que Raymond nous a quitt\u00e9.e.s. Nous pensons \u00e0 vous tous et toutes et bien s\u00fbr \u00e0 lui&nbsp;qui nous manque tant.&nbsp;Nous allons remettre en avant son dernier \u00e9crit auquel il tenait tant : <strong>\u00ab\u00a0Bifurquer&#8230; Changer l&rsquo;ordre mill\u00e9naire !\u00a0\u00bb<\/strong>&nbsp;Ouvrage si n\u00e9cessaire et dans l&rsquo;actualit\u00e9.\u00a0\u00bb<\/p>\n\n\n\n<p class=\"wp-block-paragraph\">***<\/p>\n\n\n<div class=\"wp-block-image\">\n<figure class=\"aligncenter size-large is-resized\"><img decoding=\"async\" src=\"https:\/\/education-bien-commun.fr\/wp-content\/uploads\/2025\/08\/bifurquer-raymond-2024-07-1.webp?w=1024\" alt=\"\" class=\"wp-image-10946\" style=\"width:597px;height:auto\" \/><\/figure>\n<\/div>\n\n\n<p class=\"wp-block-paragraph\">Le site des \u00e9ditions Massot \u00e9tant en r\u00e9novation en ce moment, voici une pr\u00e9sentation du livre sur <strong><a href=\"https:\/\/www.ombres-blanches.fr\/product\/2458791\/millot-raymond-bifurquer-changer-l-ordre-millenaire\">le site  de la librairie Ombres blanches<\/a><\/strong> : \u00ab\u00a0Partant du mouvement Me Too et du rapport de la CIIVISE qui tous deux d\u00e9noncent le statut d&rsquo;objets sexuels que subissent femmes et enfants, j&rsquo;invite \u00e0 r\u00e9fl\u00e9chir plus globalement sur le statut d&rsquo;objet que la famille et la soci\u00e9t\u00e9 assignent \u00e0 l&rsquo;enfant, et notamment, le syst\u00e8me \u00e9ducatif qui vise \u00e0 le formater de multiples mani\u00e8res.\u00a0\u00bb <\/p>\n\n\n\n<p class=\"wp-block-paragraph\">Un livre vraiment dans l&rsquo;actualit\u00e9, qui d\u00e9nonce mais qui propose surtout des solutions pour transformer radicalement la vie des enfants et des jeunes, leur statut, en particulier dans le syst\u00e8me \u00e9ducatif.<\/p>\n\n\n\n<p class=\"has-text-align-center wp-block-paragraph\">***<\/p>\n\n\n\n<p class=\"wp-block-paragraph\"><strong>De Vincent G. <\/strong>: \u00ab\u00a0Un an d\u00e9j\u00e0 ! Je ne peux l&rsquo;admettre. Dans ma vie, j&rsquo;ai une dette immense envers lui. Chaque jour, sinc\u00e8rement, je pense \u00e0 lui et il est l\u00e0. Sa joie, sa gentillesse et la clart\u00e9 de son regard sont si essentielles qu&rsquo;il ne nous a pas quitt\u00e9 : il est juste parti faire un tour. Merci cher Florent (que je ne connais pourtant pas) de penser \u00e0 lui.\u00a0\u00bb <\/p>\n\n\n\n<p class=\"wp-block-paragraph\">***<\/p>\n\n\n\n<p class=\"wp-block-paragraph\"><strong>De<\/strong> <strong>St\u00e9phanie<\/strong> : \u00ab\u00a0Merci Florent pour ton message ! Un an le 19 ao\u00fbt et toujours bien pr\u00e9sent aussi dans mon quotidien. Notre dernier \u00e9change, le 19 au matin, a port\u00e9 sur la pr\u00e9occupation de Raymond d&rsquo;explorer ce que pourrait \u00eatre un syst\u00e8me \u00e9ducatif align\u00e9 sur le statut du syst\u00e8me de sant\u00e9 qui serait ind\u00e9pendant du pouvoir politique.&nbsp; Remettre en avant la brochure : plus que jamais n\u00e9cessaire car face \u00e0 notre monde fractur\u00e9 c&rsquo;est le discours de l&rsquo;adaptation &#8211; rien de bien neuf &#8211; qui s&rsquo;impose \u00e0 l&rsquo;\u00e9cole, ce m\u00eame refrain qui irradie tous les discours mainstream. L&rsquo;\u00e9cole de demain est celle de l&rsquo;adaptation : trop tard pour transformer, bifurquer ; alors face aux d\u00e9fis socio-environnementaux, \u00e0 l&rsquo;explosion de la pauvret\u00e9, apprenons \u00e0 nous adapter aux incendies, canicules, extr\u00eames climatiques, aux injustices socio-climatiques. Et pour apprendre, la puissance de l&rsquo;IA&#8230;&nbsp; R\u00e9sister face \u00e0 la mont\u00e9e des autoritarismes et \u00e0 l&rsquo;injonction de soumission : il faudra r\u00e9unir nos forces, aligner nos actions. Raymond reste \u00e0 nos c\u00f4t\u00e9s. J&rsquo;ajoute au fil les membres du groupe EducationBienCommun-CNNR (Conseil National de la Nouvelle R\u00e9sistance &#8211; groupe \u00e9ducation).\u00a0\u00bb <\/p>\n\n\n\n<p class=\"wp-block-paragraph\">***<\/p>\n\n\n\n<p class=\"wp-block-paragraph\"><strong>Sur le site du CNNR groupe Education<\/strong> que Raymond a contribu\u00e9 \u00e0 cr\u00e9er. \u00ab\u00a0<em>Le groupe Education du CNNR fait partie du collectif \u00ab&nbsp;<a href=\"https:\/\/convergences-educnouv.org\/\" target=\"_blank\" rel=\"noreferrer noopener\"><strong>Convergence(s) pour l\u2019Education nouvelle<\/strong><\/a>\u00a0\u00bb Dans ce cadre, il organise aussi des s\u00e9minaires et des ateliers avec l\u2019<a href=\"https:\/\/www.universitebiencommun.org\/\" target=\"_blank\" rel=\"noreferrer noopener\"><strong>Universit\u00e9 du Bien commun<\/strong><\/a>.&nbsp;<\/em>: \u00ab\u00a0Au cours de la Biennale internationale de l&rsquo;\u00e9ducation nouvelle, qui s&rsquo;est tenue \u00e0 Nantes &#8211; St-Herblain r\u00e9cemment, le CNNR a rendu un hommage \u00e0 Raymond Millot, qui vient de nous quitter \u00e0 98 ans. Il venait tout juste de publier un ouvrage majeur sur l&rsquo;\u00e9ducation nouvelle, et <strong>un manifeste pour la protection des enfants<\/strong>. \u00ab\u00a0<strong>Bifurquer, changer l\u2019ordre mill\u00e9naire<\/strong>\u00a0\u00bb <a style=\"font-weight: bold\" href=\"https:\/\/www.cnnr.fr\/hommage-a-raymond-millot\/\">Sur le site du CNNR groupe Education.<\/a><\/p>\n\n\n\n<p class=\"wp-block-paragraph\">\u00ab\u00a0<strong>Bifurquer, quitter l\u2019ordre mill\u00e9naire<\/strong>. Raymond Millot nous a quitt\u00e9 le 19 ao\u00fbt dernier. Il avait 98 ans.<\/p>\n\n\n\n<p class=\"wp-block-paragraph\">Nous, le Groupe \u00c9ducation du Conseil national de la nouvelle R\u00e9sistance, le CNNR, travaillons \u00e0 partir de ses \u00e9crits. En f\u00e9vrier, il nous envoie un texte :  \u00ab\u00a0Je le lis, le relis \u2026 Son texte est tr\u00e8s puissant, il me fait un choc. Je ressens une urgence, une n\u00e9cessit\u00e9, une \u00e9vidence \u00e0 le faire conna\u00eetre, \u00e0 proclamer ce cri d\u2019alerte. Il m\u2019habite, tourne dans ma t\u00eate, je r\u00e9fl\u00e9chis \u00e0 une proposition pour le faire rayonner de la fa\u00e7on la plus cr\u00e9ative, percutante, inspirante et mobilisatrice. Ce texte ne doit pas rester comme une \u00e9ni\u00e8me d\u00e9claration mais comme un cri d\u2019alarme qui secoue la morosit\u00e9 et la mollesse ambiante. Le voici aujourd\u2019hui.\u00a0\u00bb <strong><a href=\"https:\/\/www.cnnr.fr\/la-4e-biennale-internationale-de-leducation-nouvelle\/\">Retour sur la biennale 2024 de l&rsquo;Education nouvelle.<\/a><\/strong><\/p>\n\n\n\n<p class=\"wp-block-paragraph\">Raymond a accept\u00e9 d\u2019en dire des extraits et je le remercie pour ce pr\u00e9cieux cadeau.\u00a0\u00bb Lire son texte dans la page du CNNR.<\/p>\n\n\n\n<p class=\"wp-block-paragraph\">***<\/p>\n\n\n\n<p class=\"wp-block-paragraph\"><strong>De G\u00e9g\u00e9 G\u00e9rard Delbet<\/strong> : \u00ab\u00a0Je m&rsquo;associe \u00e0 tous les hommages pour l&rsquo;ami Raymond. J&rsquo;envoie l&rsquo;un de ses textes \u00e9crit en 1967. Comme, je crois, qu&rsquo;il n&rsquo;a pas pris une ride, ce peut \u00eatre int\u00e9ressant de le publier \u00e0 nouveau. Ou d&rsquo;en prendre connaissance ou de le lire seulement. Comme on veut.<\/p>\n\n\n\n<p class=\"wp-block-paragraph\">Je vous salue toutes et tous, courage et amiti\u00e9s. Salut et fraternit\u00e9.\u00a0\u00bb <\/p>\n\n\n\n<p class=\"wp-block-paragraph\">[Je propose de publier ici le beau texte de Raymond Millot que nous a envoy\u00e9 G\u00e9g\u00e9. Il sera aussi dans une autre page du site et transmis au site Riposte Education. NL]<\/p>\n\n\n\n<p class=\"wp-block-paragraph\"><strong>Voici la pr\u00e9sentation du texte par G\u00e9g\u00e9 :<\/strong><\/p>\n\n\n\n<p class=\"wp-block-paragraph\">\u00ab\u00a0Ce texte publi\u00e9 \u00e0 la rentr\u00e9e de septembre 1967, je l&rsquo;ai exhum\u00e9 de mes recherches sur l&rsquo;histoire de l&rsquo;\u00e9cole Vitruve dans le but d&rsquo;\u00e9tayer un livre sur les origines de cette \u00e9cole, ses d\u00e9buts, ce qui a pu \u00eatre r\u00e9alis\u00e9 depuis sa naissance en 1962 et surtout, sur ce qui a constitu\u00e9 et permis les conditions de sa survivance et de sa continuit\u00e9 dans l&rsquo;\u00e9cole publique jusqu&rsquo;\u00e0 aujourd&rsquo;hui.\u00a0\u00bb<\/p>\n\n\n\n<p class=\"wp-block-paragraph\">[Je mets en gras ce passage tr\u00e8s significatif de l&rsquo;envoi de G\u00e9g\u00e9&#8230;]<\/p>\n\n\n\n<p class=\"wp-block-paragraph\">\u00ab\u00a0<strong>On pourra lire avec plaisir et appr\u00e9cier tout l&rsquo;int\u00e9r\u00eat, toute la justesse de ce texte sign\u00e9 de Raymond, sans doute r\u00e9dig\u00e9 pendant l&rsquo;\u00e9t\u00e9 1967 avec, comme toujours, l&rsquo;aide pr\u00e9cieuse et riche de Rolande. <\/strong><\/p>\n\n\n\n<p class=\"wp-block-paragraph\"><strong>Il se trouve que cet \u00e9pisode de la kermesse de mai 1967 \u00e0 Vitruve, est, de mon point de vue, l&rsquo;un des moments essentiels de la mise en place de cette \u00e9cole en tant que telle. Comme unit\u00e9 fondamentale du projet initi\u00e9 par<a href=\"\/#GLOTON\"> Robert Gloton<\/a>, d\u00e9passant la forme \u00ab&nbsp;classe&nbsp;\u00bb, l&rsquo;\u00e9cole semble \u00eatre devenue \u00e0 cet instant pr\u00e9cis, pour les instits sur place parmi les plus \u00e9clair\u00e9s, Raymond, Rolande, Josette Broquet, Huguette Leygnac, Pierre Cordelier, un point de bascule, une encoche, un tournant vers une nouvelle forme scolaire, \u00ab&nbsp;leur propre maison&nbsp;\u00bb. C&rsquo;est une nouvelle approche du lieu \u00e9ducatif qui se pr\u00e9pare \u00e0 se mettre en place et qui va permettre sa perp\u00e9tuation et sa p\u00e9rennit\u00e9.<\/strong><\/p>\n\n\n\n<p class=\"wp-block-paragraph\"><strong>Tout le monde saura appr\u00e9cier \u00e0 sa juste valeur, bien s\u00fbr, la derni\u00e8re phrase de ce texte&nbsp;: en effet, Raymond, quelle kermesse ce fut l&rsquo;ann\u00e9e suivante&nbsp;!<\/strong>\u00ab\u00a0<\/p>\n\n\n\n<p class=\"wp-block-paragraph\">\u00ab\u00a0J&rsquo;en profite pour remercier tous ceux qui viennent d&rsquo;\u00e9crire et les mots choisis. Je me joins \u00e0 toutes et tous pour te remercier Jenny de ce creuset de rencontres et d&rsquo;\u00e9changes. Je t&rsquo;envoie mon amiti\u00e9.\u00a0\u00bb<\/p>\n\n\n\n<p class=\"has-text-align-right wp-block-paragraph\">G\u00e9g\u00e9 G\u00e9rard Delbet<\/p>\n\n\n\n<p class=\"wp-block-paragraph\" id=\"RAYMOND\"><strong>Le beau texte de Raymond<\/strong><\/p>\n\n\n\n<h3 class=\"wp-block-heading has-text-align-center\"><mark style=\"background-color:#ff6900\" class=\"has-inline-color\">A l\u2019\u00e9cole Vitruve en 1967<\/mark><\/h3>\n\n\n\n<h3 class=\"wp-block-heading has-text-align-center\"><mark style=\"background-color:#ff6900\" class=\"has-inline-color\">Une \u00e9cole publique pas comme les autres<\/mark><\/h3>\n\n\n\n<p class=\"wp-block-paragraph\">Le point de vue des enseignants \u2013 kermesse 1967 \u2013 Un bilan tr\u00e8s positif \u2013 Un appel Vitruve&nbsp;: un bilan tr\u00e8s positif&nbsp;d\u2019apr\u00e8s les enseignant\u2022e\u2022s<\/p>\n\n\n\n<h3 class=\"wp-block-heading\">L\u2019exemple de la kermesse 1967<\/h3>\n\n\n\n<p class=\"wp-block-paragraph\">Depuis la cr\u00e9ation du GROUPE EXP\u00c9RIMENTAL de la rue Vitruve, voici maintenant 5 ans, les enseignants absorb\u00e9s par leur passionnante, mais difficile entreprise, n&rsquo;avaient pu, dans leur ensemble, participer \u00e0 la KERMESSE de l&rsquo;\u00e9cole.<\/p>\n\n\n\n<p class=\"wp-block-paragraph\">Cette ann\u00e9e enfin, ils ont pu joindre leurs efforts \u00e0 ceux des Associations de Parents d&rsquo;El\u00e8ves et d&rsquo;Anciens El\u00e8ves, dont l&rsquo;un des m\u00e9rites est d&rsquo;avoir su pers\u00e9v\u00e9rer seuls pendant des ann\u00e9es.<\/p>\n\n\n\n<p class=\"wp-block-paragraph\">Le but traditionnel des kermesses est de rassembler un peu d&rsquo;argent pour aider les enseignants \u00e0 faire face aux non moins traditionnelles carences de l&rsquo;Etat dans le domaine de l&rsquo;Ecole Publique.<\/p>\n\n\n\n<h3 class=\"wp-block-heading\">Un nouvel objectif pour cette kermesse<\/h3>\n\n\n\n<p class=\"wp-block-paragraph\">Cette ann\u00e9e, un but suppl\u00e9mentaire \u00e9tait vis\u00e9 par les enseignants, cimenter les rapports de tous les enfants avec l&rsquo;Ecole, d\u00e9truire les compartimentages entre classes, \u00e9tablir des liens entre enfants-ma\u00eetres-parents, cr\u00e9er l&rsquo;esprit d&rsquo;\u00e9cole indispensable pour mener \u00e0 bien l&rsquo;\u0153uvre \u00e9ducatrice entreprise. Pendant trois mois, chaque classe en Conseil de Coop\u00e9rative (qui se substitue dans les horaires aux traditionnelles le\u00e7ons de morale), les enfants ont cherch\u00e9, invent\u00e9 des jeux, imagin\u00e9 une campagne publicitaire, pr\u00e9par\u00e9 des travaux divers pour l&rsquo;exposition, r\u00e9alis\u00e9 des plans de l&rsquo;\u00e9cole, du pr\u00e9au, des boutiques. Ils ont dessin\u00e9, calcul\u00e9, \u00e9crit&#8230;<\/p>\n\n\n\n<p class=\"wp-block-paragraph\">Un conseil p\u00e9riodique des Pr\u00e9sidents de Coop\u00e9rative, a coordonn\u00e9, relanc\u00e9 les efforts, entretenu l&rsquo;int\u00e9r\u00eat par un affichage r\u00e9gulier des nouvelles sur l&rsquo;avancement du travail.<\/p>\n\n\n\n<p class=\"wp-block-paragraph\">Les ma\u00eetres ont de leur c\u00f4t\u00e9 organis\u00e9 une Exposition p\u00e9dagogique, portant sur la Math\u00e9matique, la Grammaire, l&rsquo;expression \u00e9crite du CP au CM2 (exposition malheureusement trop peu visit\u00e9e).<\/p>\n\n\n\n<p class=\"wp-block-paragraph\">Les associations (Anciens El\u00e8ves, Parents d&rsquo;El\u00e8ves) ont construit des boutiques (tubes acier et isorel) install\u00e9 l&rsquo;\u00e9clairage, la sonorisation, organis\u00e9 la buvette, la tombola et certains jeux, rassembl\u00e9 les lots, tenu les comptes.<\/p>\n\n\n\n<p class=\"wp-block-paragraph\">Quoi d&rsquo;\u00e9tonnant, apr\u00e8s tout cela, que le soleil ait \u00e9t\u00e9 de la partie&nbsp;? Et que la kermesse se soit parfaitement d\u00e9roul\u00e9e&nbsp;?<\/p>\n\n\n\n<p class=\"wp-block-paragraph\">Enfants, Ma\u00eetres, Parents ont tir\u00e9 le bilan. La satisfaction est, semble-t-il, g\u00e9n\u00e9rale. C\u00f4t\u00e9 enfants, conseils de classe et d&rsquo;\u00e9cole ont fait le point sur les jeux, le climat de la kermesse, l&rsquo;utilisation des sommes gagn\u00e9es par le travail particulier de chaque classe (vente de journaux, de livres, d&rsquo;objets divers) sortie, achats d&rsquo;\u00e9lectrophone, \u00e9piscope, livres, disques, etc.<\/p>\n\n\n\n<p class=\"wp-block-paragraph\">AVIS AUX BONNES VOLONT\u00c9S<\/p>\n\n\n\n<p class=\"wp-block-paragraph\">Les ma\u00eetres ont vu avec joie les enfants participer d&rsquo;une mani\u00e8re parfaite et \u00e9voluer au c\u0153ur de la foule nombreuse, se sentant \u00e0 l&rsquo;aise DANS LEUR PROPRE MAISON. Aucun \u00e9nervement, aucun acte de vandalisme, de n\u00e9gligence, seulement une tr\u00e8s grande et tr\u00e8s joyeuse bonne volont\u00e9. Le but poursuivi a \u00e9t\u00e9 atteint et tout porte \u00e0 croire qu&rsquo;il le sera encore mieux l&rsquo;an prochain.<\/p>\n\n\n\n<p class=\"wp-block-paragraph\">La part de fonds r\u00e9unis collectivement et attribu\u00e9s aux classes par les associations, sera selon la d\u00e9cision des ma\u00eetres, utilis\u00e9e ainsi&nbsp;:<\/p>\n\n\n\n<ul class=\"wp-block-list\">\n<li><strong>Classes \u00e9l\u00e9mentaires<\/strong>&nbsp;: L&rsquo;\u00e9cole ayant abandonn\u00e9 le syst\u00e8me de classement, il \u00e9tait normal que celui des prix le soit aussi. Le distinctions honorifiques n&rsquo;ont pas lieu d&rsquo;\u00eatre dans l&rsquo;\u00e9cole o\u00f9 l&rsquo;on s&rsquo;efforce d&rsquo;obtenir de chaque enfant le maximum d&rsquo;efforts compatibles avec ses moyens en r\u00e9pondant \u00e0 ses int\u00e9r\u00eats, \u00e0 son go\u00fbt de l&rsquo;activit\u00e9. Il n&rsquo;y aura donc pas de prix achet\u00e9s avec ces sommes, mais une IMPRIMERIE.<\/li>\n\n\n\n<li><strong>C.E.G.<\/strong>&nbsp;:&nbsp; Achat de rideaux noirs pour la salle de travaux pratiques \u2013 et Prix.<\/li>\n<\/ul>\n\n\n\n<p class=\"wp-block-paragraph\">C\u00f4t\u00e9 Associations Anciens El\u00e8ves-Parents d&rsquo;El\u00e8ves, le bilan moral et financier sera fait plus loin.<\/p>\n\n\n\n<h3 class=\"wp-block-heading\">Pour conclure<\/h3>\n\n\n\n<p class=\"wp-block-paragraph\">Apr\u00e8s ces propos optimistes&nbsp;: &nbsp;nous lancerons un appel pressant.<\/p>\n\n\n\n<p class=\"wp-block-paragraph\">Trop de parents consid\u00e8rent l&rsquo;\u00e9cole comme un service public de gardiennage et c&rsquo;est une grande d\u00e9ception pour les enseignants de voir leurs invitations, leurs offres de dialogue sans beaucoup de r\u00e9ponses.<\/p>\n\n\n\n<p class=\"wp-block-paragraph\">Car notre \u00e9cole est une \u00ab&nbsp;\u00e9cole ouverte&nbsp;\u00bb, les parents sont invit\u00e9s fr\u00e9quemment \u00e0 venir parler de leurs enfants, des m\u00e9thodes, \u00e0 assister \u00e0 la classe.<\/p>\n\n\n\n<p class=\"wp-block-paragraph\">Ce serait pour les enseignanes et les enseignants, un grand encouragement si les parents rejoignaient en grand nombre l&rsquo;Association de parents, non seulement en versant leur cotisation, mais en sacrifiant chaque ann\u00e9e quelques heures de leurs loisirs. Ils montreraient ainsi qu&rsquo;ils comprennent et appuient les efforts des ma\u00eetres pour r\u00e9aliser l&rsquo;Ecole heureuse, l&rsquo;Ecole de demain&#8230;<\/p>\n\n\n\n<p class=\"wp-block-paragraph\">La kermesse de 1968 a besoin de vous. Nous esp\u00e9rons que notre appel sera entendu.<\/p>\n\n\n\n<p class=\"wp-block-paragraph\">Pour l&rsquo;\u00e9quipe des Ma\u00eetres, Raymond MILLOT<\/p>\n\n\n\n<p class=\"wp-block-paragraph\"><em>Extraits du Bulletin n\u00b023, rentr\u00e9e 1967 (Association Amicale des Anciens \u00c9l\u00e8ves, Association des Parents d&rsquo;\u00c9l\u00e8ves de l&rsquo;\u00e9cole Vitruve, 3 rue Vitruve, Paris 20e)<\/em><\/p>\n\n\n\n<p class=\"has-text-align-center wp-block-paragraph\">***<\/p>\n\n\n\n<p class=\"wp-block-paragraph\" id=\"GLOTON\">Qui \u00e9tait <strong>Robert GLOTON&nbsp;<\/strong>? Robert Gloton est un p\u00e9dagogue, inspecteur de l&rsquo;\u00c9ducation nationale fran\u00e7aise et pr\u00e9sident du <strong>Groupe fran\u00e7ais d&rsquo;\u00e9ducation nouvelle<\/strong> (GFEN) \u00e0 partir de 1969. Il est connu pour les travaux men\u00e9s sur l&rsquo;<strong>\u00e9ducation nouvelle<\/strong> dans le Groupe exp\u00e9rimental du 20e arrondissement de Paris autour de l&rsquo;\u00e9cole Vitruve. Wikipedia<\/p>\n\n\n\n<p class=\"wp-block-paragraph\">Il a \u00e9crit :<\/p>\n\n\n\n<p class=\"has-text-align-center wp-block-paragraph\"><em>\u00ab Et je sais que de<\/em><\/p>\n\n\n\n<p class=\"has-text-align-center wp-block-paragraph\"><em>tout ce que nous aurons<\/em><\/p>\n\n\n\n<p class=\"has-text-align-center wp-block-paragraph\"><em>accompli tous ensemble,<\/em><\/p>\n\n\n\n<p class=\"has-text-align-center wp-block-paragraph\"><em>quelque chose<\/em><\/p>\n\n\n\n<p class=\"has-text-align-center wp-block-paragraph\"><em>continuera \u00e0 vivre. \u00bb<\/em><\/p>\n\n\n\n<p class=\"has-text-align-center wp-block-paragraph\">***<\/p>\n\n\n\n<p class=\"has-text-align-right wp-block-paragraph\"><a href=\"\/#RAYMOND\"><strong>Retour<\/strong><\/a><\/p>\n","protected":false},"excerpt":{"rendered":"<p>Paroles pour se souvenir \u00ab\u00a0Il y a un an, le 19 ao\u00fbt 2024, \u00e0 98 ans, Raymond Millot quittait ce monde si d\u00e9sesp\u00e9rant, lui qui avait vou\u00e9 sa vie \u00e0 la cause des enfants, des \u00e9l\u00e8ves, avec un tel optimisme, dynamisme et conviction pour transformer radicalement le syst\u00e8me \u00e9ducatif : il y avait r\u00e9ussi, avec&hellip; <a class=\"more-link\" href=\"https:\/\/education-bien-commun.fr\/?p=10906\">Lire la suite <span class=\"screen-reader-text\">Raymond Millot est parti le 19\/08\/2024<\/span><\/a><\/p>\n","protected":false},"author":3,"featured_media":0,"comment_status":"open","ping_status":"open","sticky":false,"template":"","format":"standard","meta":{"_jetpack_newsletter_access":"","_jetpack_dont_email_post_to_subs":false,"_jetpack_newsletter_tier_id":0,"_jetpack_memberships_contains_paywalled_content":false,"_jetpack_feature_clip_id":0,"_jetpack_memberships_contains_paid_content":false,"footnotes":"","jetpack_post_was_ever_published":false},"categories":[2,16,19,24,28,29,30,32,37,39,40,43,44,46,50,59,66,71,75,77,85,93,96],"tags":[],"class_list":["post-10906","post","type-post","status-publish","format-standard","hentry","category-1er-degre","category-co-education","category-complexite","category-cooperation","category-creativite","category-culture","category-culture-commune","category-debat-democratique","category-ecole","category-education-nouvelle","category-education-populaire","category-eleve","category-emancipation","category-enfant","category-enseignement-public","category-formation-des-enseignants","category-innovation","category-methodes-actives","category-pedagogie","category-pedagogie-du-projet","category-promotion-collective","category-societe-educatrice","category-systeme-educatif"],"jetpack_sharing_enabled":true,"jetpack_featured_media_url":"","_links":{"self":[{"href":"https:\/\/education-bien-commun.fr\/index.php?rest_route=\/wp\/v2\/posts\/10906","targetHints":{"allow":["GET"]}}],"collection":[{"href":"https:\/\/education-bien-commun.fr\/index.php?rest_route=\/wp\/v2\/posts"}],"about":[{"href":"https:\/\/education-bien-commun.fr\/index.php?rest_route=\/wp\/v2\/types\/post"}],"author":[{"embeddable":true,"href":"https:\/\/education-bien-commun.fr\/index.php?rest_route=\/wp\/v2\/users\/3"}],"replies":[{"embeddable":true,"href":"https:\/\/education-bien-commun.fr\/index.php?rest_route=%2Fwp%2Fv2%2Fcomments&post=10906"}],"version-history":[{"count":0,"href":"https:\/\/education-bien-commun.fr\/index.php?rest_route=\/wp\/v2\/posts\/10906\/revisions"}],"wp:attachment":[{"href":"https:\/\/education-bien-commun.fr\/index.php?rest_route=%2Fwp%2Fv2%2Fmedia&parent=10906"}],"wp:term":[{"taxonomy":"category","embeddable":true,"href":"https:\/\/education-bien-commun.fr\/index.php?rest_route=%2Fwp%2Fv2%2Fcategories&post=10906"},{"taxonomy":"post_tag","embeddable":true,"href":"https:\/\/education-bien-commun.fr\/index.php?rest_route=%2Fwp%2Fv2%2Ftags&post=10906"}],"curies":[{"name":"wp","href":"https:\/\/api.w.org\/{rel}","templated":true}]}}