{"id":10922,"date":"2025-08-27T19:15:38","date_gmt":"2025-08-27T17:15:38","guid":{"rendered":"https:\/\/education-bien-commun.fr\/?p=10922"},"modified":"2025-08-27T19:15:38","modified_gmt":"2025-08-27T17:15:38","slug":"la-nature-systemique-du-systeme-scolaire-public-et-prive-se-revele-au-grand-jour-maltraitances","status":"publish","type":"post","link":"https:\/\/education-bien-commun.fr\/?p=10922","title":{"rendered":"La nature syst\u00e9mique du syst\u00e8me scolaire (public et priv\u00e9) se r\u00e9v\u00e8le au grand jour : maltraitances"},"content":{"rendered":"\n<p class=\"wp-block-paragraph\">Par Nadine Lanneau, professeure documentaliste \u00e0 la retraite. Publi\u00e9 dans Syst\u00e8me \u00e9ducatif<\/p>\n\n\n\n<p class=\"wp-block-paragraph\"><\/p>\n\n\n\n<h2 class=\"wp-block-heading has-text-align-center\"><mark style=\"background-color:#ff6900\" class=\"has-inline-color\">Apr\u00e8s la commission d&rsquo;enqu\u00eate sur B\u00e9tharram<\/mark><\/h2>\n\n\n\n<p class=\"wp-block-paragraph\">&nbsp;L\u2019ouvrage de Raymond Millot <strong>\u00ab\u00a0Bifurquer, changer l&rsquo;ordre mill\u00e9naire\u00a0\u00bb<\/strong>, testament de toute son action \u00e9ducative et militante, est d\u2019une importance capitale. Publi\u00e9 d\u00e9but 2025, sans \u00e9cho dans les m\u00e9dias, il est vraiment dans l\u2019actualit\u00e9. Nous sommes plusieurs d\u00e9j\u00e0 \u00e0 l&rsquo;avoir lu et fait conna\u00eetre.<\/p>\n\n\n\n<p class=\"wp-block-paragraph\"><strong>La parole des enfants<\/strong> (devenus adultes donc capables de parler mais peut-\u00eatre pas tous), victimes dans l&rsquo;\u00e9tablissement priv\u00e9 de B\u00e9tharram, <strong>s\u2019est lib\u00e9r\u00e9e<\/strong> \u00e0 partir de&nbsp;ce scandale inou\u00ef r\u00e9v\u00e9l\u00e9 au grand jour, mais connu et pass\u00e9 sous silence par de nombreux acteurs impliqu\u00e9s jusqu&rsquo;au premier ministre Fran\u00e7ois Bayrou qui a m\u00eame menti \u00e0 l&rsquo;Assembl\u00e9e nationale : il n&rsquo;a rien vu ni entendu para\u00eet-il.<\/p>\n\n\n\n<p class=\"wp-block-paragraph\">Une commission au Parlement, s&rsquo;est mise en place et <strong><mark style=\"background-color:rgba(0, 0, 0, 0)\" class=\"has-inline-color has-luminous-vivid-orange-color\">un rapport toujours pas divulgu\u00e9<\/mark><\/strong> est sorti avec des recommandations.<\/p>\n\n\n\n<p class=\"wp-block-paragraph\">Les deux rapporteurs sont <strong>de deux bords politiques oppos\u00e9s<\/strong>, mais dont la lutte pour la protection de l&rsquo;enfance est commune : <\/p>\n\n\n\n<ul class=\"wp-block-list\">\n<li>Violette Spillebout, d\u00e9put\u00e9e EPR \u00ab\u00a0Ensemble pour la R\u00e9publique\u00a0\u00bb, (anciennement Renaissance)\u00a0<\/li>\n\n\n\n<li>Paul Vannier, d\u00e9put\u00e9 NFP-LFI<\/li>\n<\/ul>\n\n\n\n<h2 class=\"wp-block-heading has-text-align-center\"><mark style=\"background-color:#ff6900\" class=\"has-inline-color\">Violence syst\u00e9mique dans tout le syst\u00e8me \u00e9ducatif <\/mark><\/h2>\n\n\n\n<p class=\"wp-block-paragraph\">A l&rsquo;universit\u00e9 d&rsquo;\u00e9t\u00e9 de la France insoumise, aux Amphis 2025, dans un d\u00e9bat sur le sujet, les deux rapporteurs de la Commission \u00e9voquent <strong>une violence syst\u00e9mique dans tout le syst\u00e8me scolaire aussi bien public que priv\u00e9<\/strong> : <strong><a href=\"https:\/\/www.youtube.com\/watch?v=BMDn75g1LeA\">Violences en milieu scolaire : la fabrique du silence<\/a><\/strong>, retour sur la Commission d\u2019enqu\u00eate \u00abB\u00e9tharram \u00bb. <\/p>\n\n\n\n<p class=\"wp-block-paragraph\">Un rapport de juin 2025 \u00e0 la fin de la commission \u00e9voque\u00a0<strong>une\u00a0violence syst\u00e9mique dans tout le syst\u00e8me,\u00a0priv\u00e9 bien s\u00fbr mais aussi dans le public.<\/strong><\/p>\n\n\n\n<blockquote class=\"wp-block-quote is-layout-flow wp-block-quote-is-layout-flow\">\n<blockquote class=\"wp-block-quote is-layout-flow wp-block-quote-is-layout-flow\">\n<p class=\"wp-block-paragraph\">\u00ab\u00a0Violences en milieu scolaire : la fabrique du silence, retour sur la Commission d\u2019enqu\u00eate \u00ab B\u00e9tharram \u00bb. Vid\u00e9o du d\u00e9bat \u00a0<\/p>\n\n\n\n<ul class=\"wp-block-list\">\n<li>avec \u00c9ric Arassus, ancien \u00e9l\u00e8ve de B\u00e9tharram, <\/li>\n\n\n\n<li>Marie-Pierre Jacquard, lanceuse d\u2019alerte,<\/li>\n<\/ul>\n\n\n\n<ul class=\"wp-block-list\">\n<li>Violette Spillebout, d\u00e9put\u00e9e EPR et co-rapporteuse de la commission d\u2019enqu\u00eate, <strong>Elle a \u00e9t\u00e9 t\u00e9moin de violences dans son lyc\u00e9e public<\/strong><\/li>\n<\/ul>\n<\/blockquote>\n<\/blockquote>\n\n\n\n<blockquote class=\"wp-block-quote is-layout-flow wp-block-quote-is-layout-flow\">\n<ul class=\"wp-block-list\">\n<li>Paul Vannier, d\u00e9put\u00e9 LFI-NFP et co-rapporteur. Il d\u00e9nonce <strong>les faits bien connus du priv\u00e9<\/strong> : et toutes les privaut\u00e9s, les aides financi\u00e8res, l\u2019absence de contr\u00f4les, d\u2019inspections par rapport au public, etc.<\/li>\n<\/ul>\n<\/blockquote>\n\n\n\n<p class=\"wp-block-paragraph\"><strong>Les deux rapporteurs annoncent que la commission va continuer \u00e0 jouer son r\u00f4le, n&rsquo;abandonnera pas. <\/strong><\/p>\n\n\n\n<blockquote class=\"wp-block-quote is-layout-flow wp-block-quote-is-layout-flow\">\n<blockquote class=\"wp-block-quote is-layout-flow wp-block-quote-is-layout-flow\">\n<p class=\"wp-block-paragraph\">\u00ab\u00a0Nous allons travailler \u00e0 faire inscrire la <strong><mark style=\"background-color:rgba(0, 0, 0, 0)\" class=\"has-inline-color has-luminous-vivid-orange-color\">proposition d\u2019une Loi<\/mark><\/strong> pour emp\u00eacher tr\u00e8s vite pour demain de nouveaux B\u00e9tharram&nbsp;\u00bb dit Paul Vannier mais sa coll\u00e8gue Violette Spillebout a confirm\u00e9.\u00a0\u00bb<\/p>\n<\/blockquote>\n<\/blockquote>\n\n\n\n<p class=\"has-text-align-center wp-block-paragraph\">***<\/p>\n\n\n\n<p class=\"wp-block-paragraph\">Actuellement, apr\u00e8s la commission, il y a <strong><a href=\"https:\/\/www.assemblee-nationale.fr\/dyn\/17\/rapports\/cion-cedu\/l17b1642-ti_rapport-enquete\">un rapport et des recommandations datant du 25 juin <\/a><\/strong>2025. <strong>Il a \u00e9t\u00e9 divulgu\u00e9 le mercredi 3 septembre 2025.<\/strong><\/p>\n\n\n\n<p class=\"wp-block-paragraph\"><\/p>\n","protected":false},"excerpt":{"rendered":"<p>Par Nadine Lanneau, professeure documentaliste \u00e0 la retraite. Publi\u00e9 dans Syst\u00e8me \u00e9ducatif Apr\u00e8s la commission d&rsquo;enqu\u00eate sur B\u00e9tharram &nbsp;L\u2019ouvrage de Raymond Millot \u00ab\u00a0Bifurquer, changer l&rsquo;ordre mill\u00e9naire\u00a0\u00bb, testament de toute son action \u00e9ducative et militante, est d\u2019une importance capitale. Publi\u00e9 d\u00e9but 2025, sans \u00e9cho dans les m\u00e9dias, il est vraiment dans l\u2019actualit\u00e9. Nous sommes plusieurs d\u00e9j\u00e0&hellip; <a class=\"more-link\" href=\"https:\/\/education-bien-commun.fr\/?p=10922\">Lire la suite <span class=\"screen-reader-text\">La nature syst\u00e9mique du syst\u00e8me scolaire (public et priv\u00e9) se r\u00e9v\u00e8le au grand jour : maltraitances<\/span><\/a><\/p>\n","protected":false},"author":3,"featured_media":0,"comment_status":"open","ping_status":"open","sticky":false,"template":"","format":"standard","meta":{"_jetpack_newsletter_access":"","_jetpack_dont_email_post_to_subs":false,"_jetpack_newsletter_tier_id":0,"_jetpack_memberships_contains_paywalled_content":false,"_jetpack_feature_clip_id":0,"_jetpack_memberships_contains_paid_content":false,"footnotes":"","jetpack_post_was_ever_published":false},"categories":[3,37,43,46,47,49,50,63,69,70,74,81,83,95,96,100],"tags":[],"class_list":["post-10922","post","type-post","status-publish","format-standard","hentry","category-abus-sexuels","category-ecole","category-eleve","category-enfant","category-enseignement","category-enseignement-prive","category-enseignement-public","category-harcelement","category-lycee","category-maltraitance","category-parole","category-politique-educative","category-pouvoir-politique","category-souffrance","category-systeme-educatif","category-violence-institutionnelle"],"jetpack_sharing_enabled":true,"jetpack_featured_media_url":"","_links":{"self":[{"href":"https:\/\/education-bien-commun.fr\/index.php?rest_route=\/wp\/v2\/posts\/10922","targetHints":{"allow":["GET"]}}],"collection":[{"href":"https:\/\/education-bien-commun.fr\/index.php?rest_route=\/wp\/v2\/posts"}],"about":[{"href":"https:\/\/education-bien-commun.fr\/index.php?rest_route=\/wp\/v2\/types\/post"}],"author":[{"embeddable":true,"href":"https:\/\/education-bien-commun.fr\/index.php?rest_route=\/wp\/v2\/users\/3"}],"replies":[{"embeddable":true,"href":"https:\/\/education-bien-commun.fr\/index.php?rest_route=%2Fwp%2Fv2%2Fcomments&post=10922"}],"version-history":[{"count":0,"href":"https:\/\/education-bien-commun.fr\/index.php?rest_route=\/wp\/v2\/posts\/10922\/revisions"}],"wp:attachment":[{"href":"https:\/\/education-bien-commun.fr\/index.php?rest_route=%2Fwp%2Fv2%2Fmedia&parent=10922"}],"wp:term":[{"taxonomy":"category","embeddable":true,"href":"https:\/\/education-bien-commun.fr\/index.php?rest_route=%2Fwp%2Fv2%2Fcategories&post=10922"},{"taxonomy":"post_tag","embeddable":true,"href":"https:\/\/education-bien-commun.fr\/index.php?rest_route=%2Fwp%2Fv2%2Ftags&post=10922"}],"curies":[{"name":"wp","href":"https:\/\/api.w.org\/{rel}","templated":true}]}}