{"id":11073,"date":"2026-06-13T19:04:14","date_gmt":"2026-06-13T17:04:14","guid":{"rendered":"https:\/\/education-bien-commun.fr\/?p=11073"},"modified":"2026-06-13T19:04:14","modified_gmt":"2026-06-13T17:04:14","slug":"le-site-education-bien-commun-fr-redevient-operationnel-apres-une-interruption","status":"publish","type":"post","link":"https:\/\/education-bien-commun.fr\/?p=11073","title":{"rendered":"Le site education-bien-commun.fr redevient op\u00e9rationnel apr\u00e8s une interruption"},"content":{"rendered":"\n<p class=\"wp-block-paragraph\">De nombreuses informations ont \u00e9t\u00e9 publi\u00e9es pendant ce temps. <\/p>\n\n\n\n<p class=\"wp-block-paragraph\">Nous renvoyons avec ce lien <strong>sur le site du <a href=\"https:\/\/collectif-riposte-education.fr\/\">Collectif La Riposte Education. <\/a><\/strong><\/p>\n\n\n\n<p class=\"wp-block-paragraph\"><\/p>\n","protected":false},"excerpt":{"rendered":"<p>De nombreuses informations ont \u00e9t\u00e9 publi\u00e9es pendant ce temps. Nous renvoyons avec ce lien sur le site du Collectif La Riposte Education.<\/p>\n","protected":false},"author":3,"featured_media":0,"comment_status":"open","ping_status":"open","sticky":false,"template":"","format":"standard","meta":{"_jetpack_newsletter_access":"","_jetpack_dont_email_post_to_subs":false,"_jetpack_newsletter_tier_id":0,"_jetpack_memberships_contains_paywalled_content":false,"_jetpack_feature_clip_id":0,"_jetpack_memberships_contains_paid_content":false,"footnotes":"","jetpack_post_was_ever_published":false},"categories":[9,12,14,16,32,44,81,93,96],"tags":[],"class_list":["post-11073","post","type-post","status-publish","format-standard","hentry","category-bien-commun","category-changement","category-citoyennete","category-co-education","category-debat-democratique","category-emancipation","category-politique-educative","category-societe-educatrice","category-systeme-educatif"],"jetpack_sharing_enabled":true,"jetpack_featured_media_url":"","_links":{"self":[{"href":"https:\/\/education-bien-commun.fr\/index.php?rest_route=\/wp\/v2\/posts\/11073","targetHints":{"allow":["GET"]}}],"collection":[{"href":"https:\/\/education-bien-commun.fr\/index.php?rest_route=\/wp\/v2\/posts"}],"about":[{"href":"https:\/\/education-bien-commun.fr\/index.php?rest_route=\/wp\/v2\/types\/post"}],"author":[{"embeddable":true,"href":"https:\/\/education-bien-commun.fr\/index.php?rest_route=\/wp\/v2\/users\/3"}],"replies":[{"embeddable":true,"href":"https:\/\/education-bien-commun.fr\/index.php?rest_route=%2Fwp%2Fv2%2Fcomments&post=11073"}],"version-history":[{"count":1,"href":"https:\/\/education-bien-commun.fr\/index.php?rest_route=\/wp\/v2\/posts\/11073\/revisions"}],"predecessor-version":[{"id":11074,"href":"https:\/\/education-bien-commun.fr\/index.php?rest_route=\/wp\/v2\/posts\/11073\/revisions\/11074"}],"wp:attachment":[{"href":"https:\/\/education-bien-commun.fr\/index.php?rest_route=%2Fwp%2Fv2%2Fmedia&parent=11073"}],"wp:term":[{"taxonomy":"category","embeddable":true,"href":"https:\/\/education-bien-commun.fr\/index.php?rest_route=%2Fwp%2Fv2%2Fcategories&post=11073"},{"taxonomy":"post_tag","embeddable":true,"href":"https:\/\/education-bien-commun.fr\/index.php?rest_route=%2Fwp%2Fv2%2Ftags&post=11073"}],"curies":[{"name":"wp","href":"https:\/\/api.w.org\/{rel}","templated":true}]}}