{"id":1116,"date":"2020-07-05T19:41:28","date_gmt":"2020-07-05T17:41:28","guid":{"rendered":"http:\/\/educationbiencommun.fr\/?p=1116"},"modified":"2020-07-05T19:41:28","modified_gmt":"2020-07-05T17:41:28","slug":"hors-des-geoles-de-jeunesse-captive","status":"publish","type":"post","link":"https:\/\/education-bien-commun.fr\/?p=1116","title":{"rendered":"Hors des ge\u00f4les de jeunesse captive"},"content":{"rendered":"\n<p class=\"wp-block-paragraph\">Publi\u00e9 dans \u00ab\u00a0Bien commun\u00a0\u00bb<\/p>\n\n\n\n<h3 class=\"wp-block-heading\">I <strong>D\u00e9plier l&rsquo;espace, c&rsquo;est aussi d\u00e9plier le temps.<\/strong><\/h3>\n\n\n\n<p class=\"wp-block-paragraph\">Sortir l&rsquo;\u00e9ducation de la classe, lieu clos, pour r\u00e9aliser l&rsquo;\u00e9cole, est notre premier pas (cf <a href=\"https:\/\/education-bien-commun.fr\/2020\/05\/29\/pliage-repliage-depliage\/\"><strong>Pliage, repliage, d\u00e9pliage<\/strong><\/a>).<\/p>\n\n\n\n<p class=\"wp-block-paragraph\">Nous avons d\u00e9j\u00e0 ouvert la porte dans l&rsquo;\u00e9pisode pr\u00e9c\u00e9dent, nous avons vu qu&rsquo;il \u00e9tait possible et enrichissant de la laisser ouverte, de perdre la cl\u00e9, d&rsquo;entr\u00e9e en porosit\u00e9 avec les autres, de rebondir de classe en classe, d&rsquo;adultes &amp; d&rsquo;enfants, de <em>faire la classe<\/em> \u00e0 deux puis trois puis davantage, se passer de direction pour \u00e9tablir une coordination annuelle tournante qui a autant de sens, <strong>r\u00e9aliser le lieu \u00ab&nbsp;\u00e9cole&nbsp;\u00bb comme lieu d&rsquo;habitation de nos projets, de nos apprentissages mutuels et de nos initiatives.<\/strong><\/p>\n\n\n\n<p class=\"wp-block-paragraph\">Il faut en profiter pour parcourir les lieux, faire <em>l&rsquo;\u00e9cole en marchant&nbsp;: <\/em>parcours int\u00e9rieurs, visites, entrainement aux voyages, enracinements du rhizome et ricochets. D\u00e9plions encore.<\/p>\n\n\n\n<p class=\"wp-block-paragraph\">Hors de la salle de classe, une fois la porte ouverte, l&rsquo;\u00e9cole en auto-gouvernance et habitable, que d\u00e9couvrons-nous&nbsp;? Au-del\u00e0&nbsp;: la promesse d&rsquo;un territoire \u00e9tendu. Au plus pr\u00e8s&nbsp;: des couloirs, des escaliers, une cour, le portrait de Th\u00e9l\u00e8me&#8230; La d\u00e9couverte peut commencer.<\/p>\n\n\n\n<p class=\"wp-block-paragraph\"><em>Couloir&nbsp;: ligne de fuite. Les fen\u00eatres plus hautes que le regard donnent sur la rue dont le bruit nous parvient, adouci, assourdi, plein de devinettes et d&rsquo;envies d&rsquo;exploration. Les fen\u00eatres de la classe, elles, donnent sur la cour qui ne fait aucun bruit, ou qu&rsquo;\u00e0 heures dites, et dont on aper\u00e7oit les derni\u00e8res branches d&rsquo;arbres pour peu qu&rsquo;on ne les ait pas coup\u00e9es. On dirait cela fait expr\u00e8s.<\/em><\/p>\n\n\n\n<p class=\"wp-block-paragraph\"><em>Un oiseau passe, une fois par heure&#8230;<\/em><\/p>\n\n\n\n<p class=\"wp-block-paragraph\"><strong>Est-ce qu&rsquo;on sait, est-ce qu&rsquo;on a mesur\u00e9 combien de temps, par jour, les enfants restent assis dans la classe&nbsp;? Non seulement captifs du lieu clos durant des heures, mais assis, immobiles, contraints, muets et pipi sur commande. <\/strong>La fin provisoire de cet \u00e9tat se nomme r\u00e9cr\u00e9ation. Sans blague&nbsp;! Le mot a l&rsquo;air de vouloir dire&nbsp;: comme si on n&rsquo;\u00e9tait pas cr\u00e9\u00e9, pas tout \u00e0 fait, pas compl\u00e8tement, incr\u00e9\u00e9, et qu&rsquo;il convenait de s&rsquo;y remettre, de r\u00e9initialiser&#8230; Aveu.<\/p>\n\n\n\n<p class=\"wp-block-paragraph\"><em>L&rsquo;enfance est certainement plus grande que la r\u00e9alit\u00e9.<\/em> (Gaston Bachelard \u2013 La po\u00e9tique de l&rsquo;espace)<\/p>\n\n\n\n<p class=\"wp-block-paragraph\">Aussi, de clore \u00e0 \u00e9clore&nbsp;: le couloir. Voici un endroit de rencontre et belle mani\u00e8re de faire connaissance &amp; de <em>faire connaissances, <\/em>pourrait-on dire, pour aller au bout de notre pens\u00e9e.<\/p>\n\n\n\n<p class=\"wp-block-paragraph\">Faire <em>connaissances&nbsp;<\/em>: pour conna\u00eetre l&rsquo;autre, les autres, les individus et les choses au-del\u00e0 de la porte ouverte, s&rsquo;agrandir \u00e0 d&rsquo;autres, s&rsquo;agrandir de l&rsquo;autre, s&rsquo;\u00e9lever, agir ensemble, d\u00e9cider, \u00e9changer, envisager le semblable et le dissemblable, le conna\u00eetre de visu et, de l\u00e0, faire connaissances, c&rsquo;est-\u00e0-dire construire avec les autres des gouvernances mutuelles, des <em>faire<\/em> et des savoirs. Et les pratiquer pour de vrai.<\/p>\n\n\n\n<p class=\"wp-block-paragraph\">Par les deux bouts du vocable, le terme fait reflet&nbsp;: <strong>faire connaissance nous ouvre aux autres, en envisagement du monde et de ses habitants, et, dans le m\u00eame mouvement, nous ouvre aux connaissances, d\u00e9multiplie, d\u00e9ploie, d\u00e9plie notre univers.<\/strong><\/p>\n\n\n\n<p class=\"wp-block-paragraph\">Couloir. Pourquoi les jambes sont-elles \u00e0 ce point retir\u00e9es du geste \u00e9ducatif&nbsp;? Essayez donc de vous d\u00e9placer dans un couloir en restant assis ou immobile ou silencieux. Impossible. Il faut bien se d\u00e9plier, d\u00e9ployer son corps, se mouvoir, le mettre en mouvement enfin, en d\u00e9placement.<\/p>\n\n\n\n<p class=\"wp-block-paragraph\">R\u00e9-enfanter la mouvance de soi-m\u00eame, ce pour quoi on est fait. Parler aussi. Penser tout haut. Clamer enfin. Car la marche conduit \u00e0 la parole. Apprendre en se d\u00e9pla\u00e7ant, se d\u00e9placer pour apprendre&nbsp;!<\/p>\n\n\n\n<p class=\"wp-block-paragraph\"><strong>La marche en principe d&rsquo;\u00e9ducation, Gr\u00e8ce, Aristote, l&rsquo;<em>\u00e9cole qui aime se promener<\/em>, r\u00e9surgence&#8230;<\/strong><\/p>\n\n\n\n<p class=\"wp-block-paragraph\">Le d\u00e9placement \u00e9ducatif et l&rsquo;int\u00e9r\u00eat de marcher pour mieux r\u00e9fl\u00e9chir.&nbsp;Soit donc&nbsp;: sortir et marcher pour apprendre et voici le couloir devenu rite de passage, celui d&rsquo;am\u00e9liorer, par une meilleure irrigation du cerveau, l&rsquo;attention et le sens de l&rsquo;orientation, la m\u00e9moire, la facilit\u00e9 d&rsquo;apprendre. Le couloir m\u00e8ne \u00e0 la sortie&#8230; L&rsquo;escalier aussi.<\/p>\n\n\n\n<p class=\"wp-block-paragraph\">Essayez La Fontaine en marchant dans le couloir, en descendant l&rsquo;escalier, en d\u00e9valant l&rsquo;escalier. Passionnant&nbsp;!<\/p>\n\n\n\n<p class=\"wp-block-paragraph\">Essayer le calcul mental. On peut acc\u00e9l\u00e9rer, ralentir, fermer les yeux, \u00e0 reculons, puis descendre l&rsquo;escalier sur les fesses&#8230; Revigorant&nbsp;!<\/p>\n\n\n\n<p class=\"wp-block-paragraph\">Essayez une r\u00e9union, un d\u00e9bat, une discussion autour d&rsquo;un conflit en marchant. S&rsquo;exclamer. Echanger. Et changer. Epoustouflant&nbsp;!<\/p>\n\n\n\n<p class=\"wp-block-paragraph\"><strong><em>\u00ab&nbsp;Un groupe de chercheurs en neurosciences de l&rsquo;Ucla (<\/em><\/strong><em>University of California<\/em><strong><em>, Los Angeles) a fait une d\u00e9couverte inattendue, en \u00e9tudiant les rythmes c\u00e9r\u00e9braux des souris, li\u00e9e \u00e0 la m\u00e9morisation, l&rsquo;orientation spatiale et plus g\u00e9n\u00e9ralement l&rsquo;attention dans les processus d&rsquo;apprentissage au niveau de l&rsquo;hippocampe. Elle sugg\u00e8re, sans le montrer, que ces processus sont amplifi\u00e9s lors d&rsquo;un exercice physique comme la marche ou la course<\/em><\/strong><em>.&nbsp;\u00bb (Futura, Laurent Sacco 2020)<\/em><\/p>\n\n\n\n<p class=\"wp-block-paragraph\">Mais aussi&nbsp;: <a href=\"http:\/\/www.voyagenficelle.net\/\">http:\/\/www.voyagenficelle.net\/<\/a><\/p>\n\n\n\n<p class=\"wp-block-paragraph\">Et encore : Un article de The Conversation <strong><a href=\"https:\/\/theconversation.com\/etre-debout-en-classe-pourrait-aider-les-enfants-a-apprendre-57242\">\u00ab\u00a0\u00catre debout en classe pourrait aider les enfants \u00e0&nbsp;apprendre\u00a0\u00bb<\/a><\/strong><\/p>\n\n\n\n<p class=\"wp-block-paragraph\">Dans la cour (puis dans la rue, sur la place, encore plus loin&#8230;), essayez la g\u00e9om\u00e9trie des mesures et<strong> l&rsquo;usage du corps comme premier instrument, proche, disponible, pratique&nbsp;<\/strong>: le pouce, la paume, le coude, le pas, \u00e0 la craie et le sol de la cour pour tableau noir, entrem\u00ealez tout \u00e7a de comparatif, de coop\u00e9ratif, de contestatif, tous pareils et tous diff\u00e9rents puis&#8230;<\/p>\n\n\n\n<p class=\"wp-block-paragraph\">Dans la cour, installez la cabane \u00e0 jouer&#8230; Voici comment \u00e7a se pr\u00e9sente&nbsp;: un coffre \u00e0 jouer g\u00e9ant ou une vraie cabane, pos\u00e9s dans la <strong>cour de r\u00e9cr\u00e9<\/strong>, rempli d\u2019<strong>objets recycl\u00e9s (objets <\/strong>disparates, de pi\u00e8ces et mat\u00e9riaux en vrac, comme des tubes en carton, pneus, morceaux de tissu, filets, cordes, etc.)\u2026 \u00ab&nbsp;O\u00f9 <strong>tous les enfants<\/strong> de l\u2019\u00e9cole peuvent <strong>jouer librement<\/strong> en m\u00eame temps. Afin de nourrir la <strong>cr\u00e9ativit\u00e9 spontan\u00e9e des enfants<\/strong> avec des objets recycl\u00e9s dans un programme de <strong>sensibilisation \u00e0 l\u2019\u00e9conomie circulaire<\/strong> pour les enfants et les parents.&nbsp;\u00bb<\/p>\n\n\n\n<p class=\"wp-block-paragraph\">Tout cela existe, rien d&rsquo;utopique, ce n&rsquo;est pas <em>nulle part<\/em>, c&rsquo;est en cours, c&rsquo;est fait, \u00e7a se fait, c&rsquo;est facilement possible, allez-y voir&nbsp;: \u00e0 l&rsquo;\u00e9cole Vitruve <a href=\"http:\/\/www.jouerpourvivre.org\/\">http:\/\/www.jouerpourvivre.org\/<\/a><\/p>\n\n\n\n<h3 class=\"wp-block-heading\"><strong>II- En sortant de l&rsquo;\u00e9cole, continuons \u00e0 faire <\/strong><em><strong>connaissances<\/strong><\/em><strong>.<\/strong><\/h3>\n\n\n\n<p class=\"wp-block-paragraph\">Au-del\u00e0 du lieu surnomm\u00e9 ainsi, \u00ab&nbsp;\u00e9cole&nbsp;\u00bb, il y a quelque chose. On le sait, chacun des matins du monde, on en vient, le soir on y retourne.<\/p>\n\n\n\n<p class=\"wp-block-paragraph\"><strong>L&rsquo;\u00e9cole Vitruve<\/strong>, dans laquelle je place ici mes pas et la visite, s&rsquo;est toujours inscrite, d\u00e8s ses d\u00e9buts (ann\u00e9es 60-70), dans un espace plus \u00e9tendu et en constante extension. Elle s&rsquo;est toujours d\u00e9ploy\u00e9e au-del\u00e0 de ce qui faisait son premier abord. De plusieurs et belles fa\u00e7ons&nbsp;:<\/p>\n\n\n\n<ul class=\"wp-block-list\"><li><strong>Par l&rsquo;id\u00e9e de la classe promenade, propos\u00e9e d\u00e8s les ann\u00e9es 20 par les mouvements d&rsquo;\u00e9ducation nouvelle et reprise par C\u00e9lestin Freinet, mais appliqu\u00e9e en groupe promenade au milieu urbain.<\/strong> Le quartier comme terrain de jeux et d&rsquo;apprentissages, d&rsquo;observations et d&rsquo;interventions.<\/li><li>Par l&rsquo;organisation d&rsquo;\u00e9v\u00e9nements collectifs dans le quartier : F\u00eates, d\u00e9fil\u00e9s, chorales, lectures \u00e0 cent bouches, braderie pour financer les classes vertes, Traviole (travers\u00e9e du quartier sous la forme de <em>d\u00e9fil\u00e9xpositions<\/em> dans les rues avec de nombreuses haltes et pauses, pour des lectures, du th\u00e9\u00e2tre, des chansons et pr\u00e9sentation des projets de l&rsquo;ann\u00e9e), et autres d\u00e9monstrations de multitudes, festoiements et bombances de toute l&rsquo;\u00e9cole.<\/li><\/ul>\n\n\n\n<ul class=\"wp-block-list\"><li>Par les \u00e9changes et le travail en commun (adultes-enfants) avec des associations ou groupements investis dans le quartier proche, notamment terrains d&rsquo;aventure, resto-ludoth\u00e8que, club des Anciens, bar associatif, fablab, jardins sur les toits et dans les friches urbaines&#8230;<\/li><li>Par l&rsquo;organisation de classes vertes en France ou \u00e0 l&rsquo;\u00e9tranger, autog\u00e9r\u00e9es adultes-enfants, auto-financ\u00e9es, tous les ans, et pour tous les enfants de l&rsquo;\u00e9cole, pour une quinzaine de jours par groupe de 50. Classes vertes qui ont permis le d\u00e9pliage de l&rsquo;espace et du temps, l&rsquo;espace est plus \u00e9tendu, le temps plus \u00e9tir\u00e9, non seulement pendant les classes vertes, mais par capilarit\u00e9, en application au retour, sur la vie de l&rsquo;\u00e9cole dans son entier.<\/li><\/ul>\n\n\n\n<p class=\"wp-block-paragraph\"><em>\u00ab&nbsp;Il convient encore de noter l\u2019importance des classes vertes dans ces fonctionnements (de l&rsquo;\u00e9cole). D\u2019une part, elle ont \u00e9t\u00e9 dans l\u2019histoire de Vitruve un lieu p\u00e9dagogique qui a engendr\u00e9 l\u2019\u00e9mergence de dispositifs aujourd\u2019hui structurels : les groupes m\u00e9langeant les \u00e9l\u00e8ves d\u2019\u00e2ges diff\u00e9rents, le travail en commun des maitres, la constitution de l\u2019\u00e9l\u00e8ve en tant que membre de la communaut\u00e9, les plaintes, la coordination enfants, l\u2019autonomisation, la prise en charge des responsabilit\u00e9s et de la vie collective&#8230; D\u2019autre part, elles sont constitu\u00e9es elles-aussi, en tant que projets et permettent de faire le lien entre les classes, avec d\u2019anciens \u00e9l\u00e8ves (moniteurs) et avec les parents&#8230;&nbsp;\u00bb<\/em><\/p>\n\n\n\n<p class=\"wp-block-paragraph\"><strong>L\u2019Ecole Vitruve : un laboratoire de l\u2019exp\u00e9rimentation p\u00e9dagogique.<\/strong> Rapport final de la recherche. 2018. Intitul\u00e9 de l\u2019action : \u00ab Mise en place d\u2019une organisation coll\u00e9giale \u00e0 l\u2019\u00e9chelle d\u2019une \u00e9cole \u00bb. Yves Reuter, Professeur \u00e9m\u00e9rite \u00e0 l\u2019universit\u00e9 de Lille.<\/p>\n\n\n\n<p class=\"wp-block-paragraph\">Yves Reuter : <a href=\"http:\/\/www.cafepedagogique.net\/lexpresso\/Pages\/2019\/12\/18122019Article637122509561121670.aspx\"><strong>Vitruve, l&rsquo;\u00e9cole de la citoyennet\u00e9 ici et maintenant&nbsp;<\/strong><\/a><\/p>\n\n\n\n<p class=\"wp-block-paragraph\">C&rsquo;est bien de cette maison d&rsquo;\u00e9cole, enfin r\u00e9alis\u00e9e, de cette <em>bo\u00eete souple et fluide, <\/em>que s&rsquo;\u00e9lance le rhizome et que commence le d\u00e9pliage. \u00ab&nbsp;Car la maison est notre coin du monde.&nbsp;\u00bb dit Bachelard.<\/p>\n\n\n\n<p class=\"wp-block-paragraph\">L&rsquo;\u00e9cole est ainsi \u00e0 habiter, en auto-gouvernance, comme point d&rsquo;appui, lieu du lien, premi\u00e8re invention de l&rsquo;ensemble, refuge. Ce qui change et nous m\u00e9tamorphose, c&rsquo;est qu&rsquo;elle s&rsquo;est \u00e9tendue au milieu dans lequel on l&rsquo;a pos\u00e9e, elle n&rsquo;est plus \u00e0 l&rsquo;\u00e9cart de son \u00e9coum\u00e8ne, elle n&rsquo;est plus en morceaux s\u00e9par\u00e9s, s\u00e9parant, elle s&rsquo;enrichit de ce milieu pour constituer un temps et un territoire \u00e9ducatif d\u00e9pli\u00e9.<\/p>\n\n\n\n<p class=\"has-text-align-right wp-block-paragraph\">G\u00e9rard Delbet<\/p>\n\n\n\n<p class=\"has-text-align-right wp-block-paragraph\">Le titre est emprunt\u00e9 \u00e0 Montaigne (Livre I, chapitre 26)<\/p>\n\n\n\n<figure class=\"wp-block-image size-large is-resized\"><img loading=\"lazy\" decoding=\"async\" src=\"https:\/\/education-bien-commun.fr\/wp-content\/uploads\/2020\/07\/geocc82les.doc.png?w=200\" alt=\"\" class=\"wp-image-1119\" width=\"433\" height=\"325\" \/><figcaption><strong>\u00a0Vitruve, 2008, projet \u00ab\u00a0Parlez, les arbres !\u00a0\u00bb<\/strong><\/figcaption><\/figure>\n","protected":false},"excerpt":{"rendered":"<p>Publi\u00e9 dans \u00ab\u00a0Bien commun\u00a0\u00bb I D\u00e9plier l&rsquo;espace, c&rsquo;est aussi d\u00e9plier le temps. Sortir l&rsquo;\u00e9ducation de la classe, lieu clos, pour r\u00e9aliser l&rsquo;\u00e9cole, est notre premier pas (cf Pliage, repliage, d\u00e9pliage). Nous avons d\u00e9j\u00e0 ouvert la porte dans l&rsquo;\u00e9pisode pr\u00e9c\u00e9dent, nous avons vu qu&rsquo;il \u00e9tait possible et enrichissant de la laisser ouverte, de perdre la cl\u00e9,&hellip; <a class=\"more-link\" href=\"https:\/\/education-bien-commun.fr\/?p=1116\">Lire la suite <span class=\"screen-reader-text\">Hors des ge\u00f4les de jeunesse captive<\/span><\/a><\/p>\n","protected":false},"author":3,"featured_media":0,"comment_status":"open","ping_status":"open","sticky":false,"template":"","format":"standard","meta":{"_jetpack_newsletter_access":"","_jetpack_dont_email_post_to_subs":false,"_jetpack_newsletter_tier_id":0,"_jetpack_memberships_contains_paywalled_content":false,"_jetpack_feature_clip_id":0,"_jetpack_memberships_contains_paid_content":false,"footnotes":"","jetpack_post_was_ever_published":false},"categories":[5,28,37,43,46,47,66,71,75,77],"tags":[],"class_list":["post-1116","post","type-post","status-publish","format-standard","hentry","category-apprentissage","category-creativite","category-ecole","category-eleve","category-enfant","category-enseignement","category-innovation","category-methodes-actives","category-pedagogie","category-pedagogie-du-projet"],"jetpack_sharing_enabled":true,"jetpack_featured_media_url":"","_links":{"self":[{"href":"https:\/\/education-bien-commun.fr\/index.php?rest_route=\/wp\/v2\/posts\/1116","targetHints":{"allow":["GET"]}}],"collection":[{"href":"https:\/\/education-bien-commun.fr\/index.php?rest_route=\/wp\/v2\/posts"}],"about":[{"href":"https:\/\/education-bien-commun.fr\/index.php?rest_route=\/wp\/v2\/types\/post"}],"author":[{"embeddable":true,"href":"https:\/\/education-bien-commun.fr\/index.php?rest_route=\/wp\/v2\/users\/3"}],"replies":[{"embeddable":true,"href":"https:\/\/education-bien-commun.fr\/index.php?rest_route=%2Fwp%2Fv2%2Fcomments&post=1116"}],"version-history":[{"count":0,"href":"https:\/\/education-bien-commun.fr\/index.php?rest_route=\/wp\/v2\/posts\/1116\/revisions"}],"wp:attachment":[{"href":"https:\/\/education-bien-commun.fr\/index.php?rest_route=%2Fwp%2Fv2%2Fmedia&parent=1116"}],"wp:term":[{"taxonomy":"category","embeddable":true,"href":"https:\/\/education-bien-commun.fr\/index.php?rest_route=%2Fwp%2Fv2%2Fcategories&post=1116"},{"taxonomy":"post_tag","embeddable":true,"href":"https:\/\/education-bien-commun.fr\/index.php?rest_route=%2Fwp%2Fv2%2Ftags&post=1116"}],"curies":[{"name":"wp","href":"https:\/\/api.w.org\/{rel}","templated":true}]}}