{"id":1175,"date":"2020-07-16T10:10:00","date_gmt":"2020-07-16T08:10:00","guid":{"rendered":"http:\/\/educationbiencommun.fr\/?p=1175"},"modified":"2020-07-16T10:10:00","modified_gmt":"2020-07-16T08:10:00","slug":"changement-global-de-paradigme","status":"publish","type":"post","link":"https:\/\/education-bien-commun.fr\/?p=1175","title":{"rendered":"Changement global de paradigme"},"content":{"rendered":"\n<p class=\"wp-block-paragraph\">Publi\u00e9 dans \u00ab\u00a0Soci\u00e9t\u00e9 \u00e9ducatrice\u00a0\u00bb<\/p>\n\n\n\n<div class=\"wp-block-image\"><figure class=\"aligncenter size-large is-resized\"><a href=\"http:\/\/www.ecolechangerdecap.net\/IMG\/pdf\/RECHERCHE_-_ACTION.pdf\"><img loading=\"lazy\" decoding=\"async\" src=\"https:\/\/education-bien-commun.fr\/wp-content\/uploads\/2020\/05\/img_1009.jpg?w=768\" alt=\"\" class=\"wp-image-137\" width=\"164\" height=\"219\" \/><\/a><figcaption><br><strong>Raymond Millot : recherche-action \u00e0 la Villeneuve de Grenoble<br>Editions AFL (Association Fran\u00e7aise pour la Lecture), 2013<\/strong><\/figcaption><\/figure><\/div>\n\n\n\n<p class=\"wp-block-paragraph\">La brochure\u00a0<strong>\u00ab\u00a0\u00e9cole ouverte\u00a0\/recherche-action\/ soci\u00e9t\u00e9 \u00e9ducatrice<\/strong>\u00a0\u00bb est consultable (cliquer sur l\u2019image). Elle date de 2013 alors que Vincent Peillon \u00e9tait encore ministre et que son livre avait laiss\u00e9 esp\u00e9rer une politique assez audacieuse. Il l\u2019a lue, m\u2019a r\u00e9pondu \u00ab\u00a0vous avez 30 ans d\u2019avance\u00a0!\u00a0\u00bb\u00a0 et s\u2019est enlis\u00e9 dans le syst\u00e8me. Dans la postface Jean Foucambert (chercheur INRP) pr\u00e9cisait qu\u2019on avait tent\u00e9 de \u00ab<em>se  transporter\u00a0<\/em>coperniquement\u00a0<em>de l\u2019illusoire course hi\u00e9rarchique \u00e0 la r\u00e9ussite individuelle\u00a0<\/em><strong><em><strong>\u00e0 la probl\u00e9matique et exaltante aventure d\u2019une promotion collective\u00a0\u00bb.<\/strong><\/em><\/strong><\/p>\n\n\n\n<p class=\"wp-block-paragraph\">Nous \u00e9tions convaincus l\u2019un comme l\u2019autre que cette recherche \u00e9tait en contradiction totale avec le syst\u00e8me charg\u00e9 par nature de la reproduction sociale, et pourtant nous militions pour que de telles recherches puissent (un jour) se multiplier\u2026Nous avons m\u00eame, avec quelques ami-e-s, formul\u00e9 cet espoir en d\u00e9cembre 2006 dans une tribune de Lib\u00e9ration qui titra <a href=\"https:\/\/education-bien-commun.fr\/2020\/06\/13\/idee-folle-pour-reinventer-lecole\/\">\u00ab\u00a0<strong>id\u00e9e folle de r\u00e9inventer l\u2019\u00e9cole\u00a0<\/strong>\u00bb<\/a>.<\/p>\n\n\n\n<ul class=\"wp-block-list\"><li>En mai 2020, dans l\u2019Appel invitant \u00e0 la r\u00e9daction d\u2019un Manifeste que publie simultan\u00e9ment notre site, j\u2019invite \u00e0 faire&nbsp;<strong>le deuil d\u00e9finitif d\u2019un tel espoir.<\/strong><\/li><\/ul>\n\n\n\n<p class=\"wp-block-paragraph\">C\u2019est dans cet esprit que nous entreprenons de proposer aux associations, mouvements, syndicats de tirer les cons\u00e9quences du fait \u00ab&nbsp;<strong>que ce sont les enfants d\u2019aujourd\u2019hui qui vont devoir faire face aux cons\u00e9quences (<\/strong>ignor\u00e9es en 2013)&nbsp;<strong>du r\u00e9chauffement climatique<\/strong>&nbsp;\u00bb.<\/p>\n\n\n\n<p class=\"wp-block-paragraph\">Nous estimons qu\u2019<strong>il ne s\u2019agit plus de r\u00eaver \u00e0 une lente et probl\u00e9matique \u00e9volution du syst\u00e8me,<\/strong>\u00a0mais d\u2019affirmer que\u00a0<strong>nombre de pratiques, cultiv\u00e9es dans ses marges<\/strong>,\u00a0<strong>d\u00e9veloppent des savoirs et des aptitudes dont vont avoir besoin imp\u00e9rativement tous les enfants.<\/strong><\/p>\n\n\n\n<h3 class=\"wp-block-heading\">Adopter une attitude publiquement offensive<\/h3>\n\n\n\n<p class=\"wp-block-paragraph\"><strong>Il s\u2019agit d\u2019adopter une attitude publiquement offensive et au sein de l\u2019institution<\/strong>,<strong>&nbsp;<\/strong><strong>de multiplier des actes<\/strong>&nbsp;qui pr\u00e9figurent les apprentissages \u00e0 d\u00e9velopper,&nbsp;<strong>d\u2019y associer les parents<\/strong>, de montrer qu\u2019ils permettent mieux et d\u2019une autre mani\u00e8re les&nbsp;<strong>acquisitions fondamentales<\/strong>&nbsp;et qu\u2019ils reconnaissent aux&nbsp;<strong>enfants un statut de personnes \u00e0 part enti\u00e8re.<\/strong><\/p>\n\n\n\n<p class=\"wp-block-paragraph\">Il importe donc en premier de la faire comprendre et soutenir par les multiples mouvements qui se pr\u00e9occupent, comme nous, du JOUR D\u2019APRES.<\/p>\n\n\n\n<p class=\"has-text-align-right wp-block-paragraph\">Raymond Millot 15 juin 2020<\/p>\n","protected":false},"excerpt":{"rendered":"<p>Publi\u00e9 dans \u00ab\u00a0Soci\u00e9t\u00e9 \u00e9ducatrice\u00a0\u00bb La brochure\u00a0\u00ab\u00a0\u00e9cole ouverte\u00a0\/recherche-action\/ soci\u00e9t\u00e9 \u00e9ducatrice\u00a0\u00bb est consultable (cliquer sur l\u2019image). Elle date de 2013 alors que Vincent Peillon \u00e9tait encore ministre et que son livre avait laiss\u00e9 esp\u00e9rer une politique assez audacieuse. Il l\u2019a lue, m\u2019a r\u00e9pondu \u00ab\u00a0vous avez 30 ans d\u2019avance\u00a0!\u00a0\u00bb\u00a0 et s\u2019est enlis\u00e9 dans le syst\u00e8me. Dans la postface&hellip; <a class=\"more-link\" href=\"https:\/\/education-bien-commun.fr\/?p=1175\">Lire la suite <span class=\"screen-reader-text\">Changement global de paradigme<\/span><\/a><\/p>\n","protected":false},"author":3,"featured_media":0,"comment_status":"open","ping_status":"open","sticky":false,"template":"","format":"standard","meta":{"_jetpack_newsletter_access":"","_jetpack_dont_email_post_to_subs":false,"_jetpack_newsletter_tier_id":0,"_jetpack_memberships_contains_paywalled_content":false,"_jetpack_feature_clip_id":0,"_jetpack_memberships_contains_paid_content":false,"footnotes":"","jetpack_post_was_ever_published":false},"categories":[9,13,32,37,38,83,85,86,88,93,96],"tags":[],"class_list":["post-1175","post","type-post","status-publish","format-standard","hentry","category-bien-commun","category-changement-climatique","category-debat-democratique","category-ecole","category-ecologie","category-pouvoir-politique","category-promotion-collective","category-rechauffement-climatique","category-recherche-action","category-societe-educatrice","category-systeme-educatif"],"jetpack_sharing_enabled":true,"jetpack_featured_media_url":"","_links":{"self":[{"href":"https:\/\/education-bien-commun.fr\/index.php?rest_route=\/wp\/v2\/posts\/1175","targetHints":{"allow":["GET"]}}],"collection":[{"href":"https:\/\/education-bien-commun.fr\/index.php?rest_route=\/wp\/v2\/posts"}],"about":[{"href":"https:\/\/education-bien-commun.fr\/index.php?rest_route=\/wp\/v2\/types\/post"}],"author":[{"embeddable":true,"href":"https:\/\/education-bien-commun.fr\/index.php?rest_route=\/wp\/v2\/users\/3"}],"replies":[{"embeddable":true,"href":"https:\/\/education-bien-commun.fr\/index.php?rest_route=%2Fwp%2Fv2%2Fcomments&post=1175"}],"version-history":[{"count":0,"href":"https:\/\/education-bien-commun.fr\/index.php?rest_route=\/wp\/v2\/posts\/1175\/revisions"}],"wp:attachment":[{"href":"https:\/\/education-bien-commun.fr\/index.php?rest_route=%2Fwp%2Fv2%2Fmedia&parent=1175"}],"wp:term":[{"taxonomy":"category","embeddable":true,"href":"https:\/\/education-bien-commun.fr\/index.php?rest_route=%2Fwp%2Fv2%2Fcategories&post=1175"},{"taxonomy":"post_tag","embeddable":true,"href":"https:\/\/education-bien-commun.fr\/index.php?rest_route=%2Fwp%2Fv2%2Ftags&post=1175"}],"curies":[{"name":"wp","href":"https:\/\/api.w.org\/{rel}","templated":true}]}}