{"id":1201,"date":"2020-07-20T10:16:05","date_gmt":"2020-07-20T08:16:05","guid":{"rendered":"http:\/\/educationbiencommun.fr\/?p=1201"},"modified":"2020-07-20T10:16:05","modified_gmt":"2020-07-20T08:16:05","slug":"propositions-de-la-convention-citoyenne-sur-le-climat-sur-leducation","status":"publish","type":"post","link":"https:\/\/education-bien-commun.fr\/?p=1201","title":{"rendered":"Propositions de la Convention citoyenne sur le Climat, sur l&rsquo;Education"},"content":{"rendered":"\n<p class=\"wp-block-paragraph\">Publi\u00e9 dans \u00ab\u00a0Conventions citoyennes\u00a0\u00bb<\/p>\n\n\n\n<h3 class=\"wp-block-heading has-text-align-center\"><mark style=\"background-color:rgba(0, 0, 0, 0)\" class=\"has-inline-color has-luminous-vivid-orange-color\">Les mesures sur l&rsquo;\u00e9ducation<\/mark><\/h3>\n\n\n\n<p class=\"wp-block-paragraph\">Parmi les \u00ab\u00a0mesures\u00a0\u00bb pr\u00e9conis\u00e9es par<strong><a href=\"https:\/\/propositions.conventioncitoyennepourleclimat.fr\/\"> la CONVENTION CITOYENNE POUR LE CLIMAT<\/a>,<\/strong> il y en a une qui concerne l\u2019\u00e9ducation : <strong><a href=\"https:\/\/propositions.conventioncitoyennepourleclimat.fr\/pdf\/ccc-rapport-final.pdf\">\u00ab\u00a0Consommer objectif 5\u00a0\u00bb<\/a><\/strong>.<\/p>\n\n\n\n<blockquote class=\"wp-block-quote is-layout-flow wp-block-quote-is-layout-flow\">\n<p class=\"wp-block-paragraph\">\u00ab\u00a0Faire de l&rsquo;\u00e9ducation, de la formation et de la sensibilisation des leviers d&rsquo;action de la consommation responsable\u00a0\u00bb montre que les id\u00e9es qui nous animent ont p\u00e9n\u00e9tr\u00e9 profond\u00e9ment les conceptions de nos concitoyens. L\u2019analyse qui suit le d\u00e9montre.<\/p>\n<\/blockquote>\n\n\n\n<p class=\"wp-block-paragraph\">Au vu des r\u00e9sultats obtenus et les propositions, Il y a lieu de penser qu\u2019une convention ayant pour sujet l\u2019\u00e9ducation remettrait totalement en cause le syst\u00e8me \u00e9ducatif actuel (dont le ministre accentue les d\u00e9fauts). Ce qui nous encourage \u00e0 <strong>interpeller tous les collectifs, organisations et partis qui se pr\u00e9occupent du \u00ab\u00a0jour d\u2019apr\u00e8s\u00a0\u00bb<\/strong> dont certaines ont inscrit l\u2019\u00e9ducation dans \u00ab\u00a0les biens commun\u00a0\u00bb. Ce qui invite les militants, p\u00e9dagogues et syndicalistes, \u00e0 organiser, partout o\u00f9 un rapport de forces est possible, partout o\u00f9 des enseignants, des \u00e9ducateurs, des parents, des associations r\u00e9alisent ou esquissent un \u00ab\u00a0partenariat\u00a0\u00bb \u00e0 lancer <strong>des d\u00e9bats \u00ab\u00a0citoyens\u00a0\u00bb <\/strong>pour les changements n\u00e9cessaire d\u00e8s aujourd\u2019hui et pour le \u00ab\u00a0jour d\u2019apr\u00e8s\u00a0\u00bb.<\/p>\n\n\n\n<p class=\"wp-block-paragraph\">La Convention a fait des propositions concernant&nbsp;: les objectifs, la p\u00e9dagogie, l\u2019organisation et la fonction des \u00e9tablissements. Toutes les phrases cit\u00e9es sont tir\u00e9es du document publi\u00e9. <\/p>\n\n\n\n<h3 class=\"wp-block-heading has-text-align-center\"><mark style=\"background-color:rgba(0, 0, 0, 0)\" class=\"has-inline-color has-luminous-vivid-orange-color\">L\u2019 objectif \u00e9ducatif<\/mark><\/h3>\n\n\n\n<p class=\"wp-block-paragraph\"><strong>L\u2019\u00e9ducation \u00e0 l\u2019environnement et au d\u00e9veloppement durable<\/strong> doit permettre aux individus&nbsp;:<\/p>\n\n\n\n<ul class=\"wp-block-list\">\n<li>\u00ab\u00a0de comprendre les responsabilit\u00e9s et le r\u00f4le que joue l\u2019humanit\u00e9 dans l\u2019environnement global\u00a0\u00bb<\/li>\n\n\n\n<li>\u00ab\u00a0d\u2019acqu\u00e9rir une motivation \u00e0 vouloir am\u00e9liorer et changer son comportement dans l\u2019unique but de prot\u00e9ger l\u2019environnement\u00a0\u00bb<\/li>\n\n\n\n<li>\u00ab\u00a0(de) voir l\u2019urgence de trouver des solutions aux probl\u00e8mes environnementaux tout en d\u00e9veloppant leur sens des responsabilit\u00e9s\u00a0\u00bb<\/li>\n\n\n\n<li>\u00ab\u00a0(de)sensibiliser l&rsquo;environnement familial des \u00e9l\u00e8ves afin d&rsquo;assurer une appropriation large des probl\u00e9matiques environnementales\u00a0\u00bb<\/li>\n\n\n\n<li>\u00ab\u00a0Enseigner la r\u00e9flexion critique, cr\u00e9ative et tourn\u00e9e vers l\u2019avenir (\u2026) monde complexe et en constante mutation\u00a0\u00bb<\/li>\n\n\n\n<li>\u00ab\u00a0C&rsquo;est une nouvelle <strong>mati\u00e8re \u00e0 part enti\u00e8re, et ind\u00e9pendante<\/strong> des autres mati\u00e8res d\u00e9j\u00e0 enseign\u00e9es\u00a0\u00bb<\/li>\n<\/ul>\n\n\n\n<h3 class=\"wp-block-heading has-text-align-center\"><mark style=\"background-color:rgba(0, 0, 0, 0)\" class=\"has-inline-color has-luminous-vivid-orange-color\">La p\u00e9dagogie<\/mark><\/h3>\n\n\n\n<ul class=\"wp-block-list\">\n<li>\u00ab\u00a0L\u2019apprentissage doit s\u2019appuyer sur l\u2019action\u00a0\u00bb<\/li>\n\n\n\n<li>\u00ab\u00a0L\u2019apprentissage coop\u00e9ratif est une bonne m\u00e9thode pour soutenir les mutations \u00e0 venir.\u00a0\u00bb<\/li>\n\n\n\n<li>\u00ab\u00a0Il faut structurer le travail de groupe de telle sorte que chaque l\u2019\u00e9l\u00e8ve participe activement \u00e0 la r\u00e9alisation d\u2019objectifs communs.\u00a0\u00bb<\/li>\n\n\n\n<li>\u00ab\u00a0(il faut) faire travailler sur les comp\u00e9tences n\u00e9cessaires pour agir (ex. instauration de consensus, \u00e9coute active, plaidoyer, empathie, etc.) L\u2019apprentissage par l\u2019action : demander aux \u00e9l\u00e8ves de choisir, de planifier et d\u2019ex\u00e9cuter des projets entrant dans le cadre de l\u2019\u00e9ducation \u00e0 l\u2019environnement et au d\u00e9veloppement durable.\u00a0\u00bb<\/li>\n\n\n\n<li>\u00ab\u00a0Organiser des excursions locales : faire visiter aux \u00e9l\u00e8ves des endroits tels que des exploitations agricoles, des zones humides, des champs, des services d\u2019appui en cas de catastrophe, des installations de traitement des eaux ou de recyclage des d\u00e9chets.\u00a0\u00bb<\/li>\n\n\n\n<li>\u00ab\u00a0(Les partenariats avec la communaut\u00e9) peuvent \u00e9galement faciliter l\u2019apprentissage des \u00e9l\u00e8ves.\u00a0\u00bb<\/li>\n\n\n\n<li>\u00ab\u00a0Ce n\u2019est pas tant l\u2019objectif poursuivi qui compte, mais le fait que le projet soit \u00e0 l\u2019initiative des \u00e9l\u00e8ves et que ces activit\u00e9s soient utilis\u00e9es pour les aider \u00e0 perfectionner leurs comp\u00e9tences et les encourager \u00e0 agir L\u2019apprentissage \u00e0 partir de l\u2019action : proposer aux \u00e9l\u00e8ves de r\u00e9fl\u00e9chir \u00e0 ce qu\u2019ils ont accompli, \u00e0 ce qu\u2019ils ont appris et \u00e0 ce qu\u2019ils feront diff\u00e9remment la prochaine fois.\u00a0\u00bb<\/li>\n<\/ul>\n\n\n\n<h3 class=\"wp-block-heading has-text-align-center\"><mark style=\"background-color:rgba(0, 0, 0, 0)\" class=\"has-inline-color has-luminous-vivid-orange-color\">L\u2019organisation et la fonction de l&rsquo;\u00e9tablissement<\/mark><\/h3>\n\n\n\n<p class=\"wp-block-paragraph\"><\/p>\n\n\n\n<ul class=\"wp-block-list\">\n<li>\u00ab\u00a0Le chef d&rsquo;\u00e9tablissement, a pour mission d&rsquo;apporter un appui aux acteurs de l&rsquo;\u00e9ducation \u00e0 l\u2019environnement et au d\u00e9veloppement durable.\u00a0\u00bb<\/li>\n\n\n\n<li>\u00ab\u00a0Constitu(er) une \u00e9quipe charg\u00e9e de coordonner et d\u2019organiser les activit\u00e9s associ\u00e9es en relation avec le Comit\u00e9 d\u2019\u00c9ducation \u00e0 l\u2019Environnement et au D\u00e9veloppement Durable (CEEDD).\u00a0\u00bb<\/li>\n\n\n\n<li>\u00ab\u00a0faire \u00e9lire les membres de l\u2019\u00e9quipe charg\u00e9e de l\u2019EEDD plut\u00f4t que de les nommer, afin qu\u2019ils puissent parler et agir au nom du groupe qu\u2019ils repr\u00e9sentent, ainsi que consulter et mobiliser les membres.\u00a0\u00bb<\/li>\n\n\n\n<li>\u00ab\u00a0mission de renforcer sur le terrain les liens entre l&rsquo;\u00e9tablissement d&rsquo;enseignement, les parents (\u2026)il faut tisser des partenariats \u00e9troits avec l\u2019ensemble des acteurs.\u00a0\u00bb<\/li>\n<\/ul>\n\n\n\n<ul class=\"wp-block-list\">\n<li>\u00ab\u00a0Cela passe par l\u2019organisation de plusieurs r\u00e9unions au d\u00e9but de l\u2019ann\u00e9e scolaire pour planifier les projets et les activit\u00e9s, ainsi que tout au long de l\u2019ann\u00e9e.\u00a0\u00bb<\/li>\n\n\n\n<li>\u00ab\u00a0Transformer l\u2019enceinte de l\u2019\u00e9cole en laboratoire p\u00e9dagogique : offrir aux \u00e9l\u00e8ves la possibilit\u00e9 d\u2019examiner, de cr\u00e9er et d\u2019appr\u00e9cier les syst\u00e8mes qui rendent l\u2019\u00e9tablissement plus respectueux de l\u2019environnement.\u00a0\u00bb<\/li>\n\n\n\n<li>\u00ab\u00a0L\u2019enceinte de l\u2019\u00e9tablissement constitue un endroit id\u00e9al pour agir. Il est plus facile d\u2019y appliquer des principes respectueux de l\u2019environnement qu\u2019\u00e0 l\u2019ensemble de la collectivit\u00e9, de la r\u00e9gion ou du pays.\u00a0\u00bb<\/li>\n\n\n\n<li>\u00ab\u00a0L\u2019\u00e9tablissement peut servir de point de convergence afin que les membres de la communaut\u00e9 locale se renseignent sur les probl\u00e9matiques environnementales.\u00a0\u00bb<\/li>\n<\/ul>\n\n\n\n<p class=\"has-text-align-right wp-block-paragraph\">Raymond Millot 19 juillet 2020<\/p>\n","protected":false},"excerpt":{"rendered":"<p>Publi\u00e9 dans \u00ab\u00a0Conventions citoyennes\u00a0\u00bb Les mesures sur l&rsquo;\u00e9ducation Parmi les \u00ab\u00a0mesures\u00a0\u00bb pr\u00e9conis\u00e9es par la CONVENTION CITOYENNE POUR LE CLIMAT, il y en a une qui concerne l\u2019\u00e9ducation : \u00ab\u00a0Consommer objectif 5\u00a0\u00bb. \u00ab\u00a0Faire de l&rsquo;\u00e9ducation, de la formation et de la sensibilisation des leviers d&rsquo;action de la consommation responsable\u00a0\u00bb montre que les id\u00e9es qui nous animent&hellip; <a class=\"more-link\" href=\"https:\/\/education-bien-commun.fr\/?p=1201\">Lire la suite <span class=\"screen-reader-text\">Propositions de la Convention citoyenne sur le Climat, sur l&rsquo;Education<\/span><\/a><\/p>\n","protected":false},"author":3,"featured_media":0,"comment_status":"open","ping_status":"open","sticky":false,"template":"","format":"standard","meta":{"_jetpack_newsletter_access":"","_jetpack_dont_email_post_to_subs":false,"_jetpack_newsletter_tier_id":0,"_jetpack_memberships_contains_paywalled_content":false,"_jetpack_feature_clip_id":0,"_jetpack_memberships_contains_paid_content":false,"footnotes":"","jetpack_post_was_ever_published":false},"categories":[5,14,23,24,37,38,51,71,77,81,85,86,94],"tags":[],"class_list":["post-1201","post","type-post","status-publish","format-standard","hentry","category-apprentissage","category-citoyennete","category-convention-citoyenne","category-cooperation","category-ecole","category-ecologie","category-entraide","category-methodes-actives","category-pedagogie-du-projet","category-politique-educative","category-promotion-collective","category-rechauffement-climatique","category-solidarite"],"jetpack_sharing_enabled":true,"jetpack_featured_media_url":"","_links":{"self":[{"href":"https:\/\/education-bien-commun.fr\/index.php?rest_route=\/wp\/v2\/posts\/1201","targetHints":{"allow":["GET"]}}],"collection":[{"href":"https:\/\/education-bien-commun.fr\/index.php?rest_route=\/wp\/v2\/posts"}],"about":[{"href":"https:\/\/education-bien-commun.fr\/index.php?rest_route=\/wp\/v2\/types\/post"}],"author":[{"embeddable":true,"href":"https:\/\/education-bien-commun.fr\/index.php?rest_route=\/wp\/v2\/users\/3"}],"replies":[{"embeddable":true,"href":"https:\/\/education-bien-commun.fr\/index.php?rest_route=%2Fwp%2Fv2%2Fcomments&post=1201"}],"version-history":[{"count":0,"href":"https:\/\/education-bien-commun.fr\/index.php?rest_route=\/wp\/v2\/posts\/1201\/revisions"}],"wp:attachment":[{"href":"https:\/\/education-bien-commun.fr\/index.php?rest_route=%2Fwp%2Fv2%2Fmedia&parent=1201"}],"wp:term":[{"taxonomy":"category","embeddable":true,"href":"https:\/\/education-bien-commun.fr\/index.php?rest_route=%2Fwp%2Fv2%2Fcategories&post=1201"},{"taxonomy":"post_tag","embeddable":true,"href":"https:\/\/education-bien-commun.fr\/index.php?rest_route=%2Fwp%2Fv2%2Ftags&post=1201"}],"curies":[{"name":"wp","href":"https:\/\/api.w.org\/{rel}","templated":true}]}}