{"id":1284,"date":"2020-08-04T08:15:52","date_gmt":"2020-08-04T06:15:52","guid":{"rendered":"http:\/\/educationbiencommun.fr\/?p=1284"},"modified":"2020-08-04T08:15:52","modified_gmt":"2020-08-04T06:15:52","slug":"la-place-des-parents-a-lecole","status":"publish","type":"post","link":"https:\/\/education-bien-commun.fr\/?p=1284","title":{"rendered":"La place des parents \u00e0 l&rsquo;\u00e9cole"},"content":{"rendered":"\n<p class=\"wp-block-paragraph\">Publi\u00e9 dans \u00ab\u00a0Co-\u00e9ducation\u00a0\u00bb<\/p>\n\n\n\n<h3 class=\"wp-block-heading\">La place des parents pendant le confinement<\/h3>\n\n\n\n<p class=\"wp-block-paragraph\">\u00ab\u00a0L&rsquo;\u00e9loignement nous montre [&#8230; ] <strong>l&rsquo;importance du lien avec les familles<\/strong>. Cette \u00e9preuve (du confinement) nous rappelle que la r\u00e9ussite \u00e9ducative suppose de d\u00e9passer les m\u00e9fiances r\u00e9ciproques pour <strong>\u00ab\u00a0faire alliance\u00a0\u00bb <\/strong>Philippe Watrelot Le Monde 5 mai 2020.<\/p>\n\n\n\n<p class=\"wp-block-paragraph\">Genevi\u00e8ve Zo\u00efa dans le Monde du 6 mai 2020 \u00ab\u00a0Retour \u00e0 l&rsquo;\u00e9cole : sachons infl\u00e9chir le cours d&rsquo;un <strong>syst\u00e8me \u00e9ducatif productiviste<\/strong>\u00a0\u00bb \u00e9crit : \u00ab\u00a0Vous avez dit co-\u00e9ducation ?\u00a0\u00bb \u00ab\u00a0bon nombre de parents d&rsquo;\u00e9l\u00e8ves des quartiers pauvres ont \u00e9t\u00e9 au rendez-vous des coups de fil, des mails, des messages sur WhatsApp, application que les parents immigr\u00e9s connaissent. Les parents des quartiers ont \u00e9chang\u00e9 entre eux, <strong>invent\u00e9<\/strong> eux aussi leurs propres bulles de <strong>cr\u00e9ativit\u00e9s<\/strong>. Ils sont devenus indispensables \u00e0 l&rsquo;\u00e9cole, certains proposant des communaut\u00e9s actives \u00e0 travers des r\u00e9seaux sociaux. [&#8230;] Pendant le confinement, des parents souvent disqualifi\u00e9s dans leur r\u00f4le d&rsquo;accompagnants se sont r\u00e9appropri\u00e9s l&rsquo;espace scolaire.\u00a0\u00bb<\/p>\n\n\n\n<p class=\"has-text-align-right wp-block-paragraph\">Serge Herreman AFL<\/p>\n\n\n\n<p class=\"wp-block-paragraph\">Extrait de \u00ab\u00a0Contre un retour \u00e0 l&rsquo;anormal ?\u00a0\u00bb dans les Actes de lecture N\u00b0 150 Juin 2020<\/p>\n\n\n\n<p class=\"wp-block-paragraph\"><strong><a href=\"http:\/\/www.actes-de-lecture.org\/spip.php?article456\">Lire ici sur le site des Actes de lecture<\/a><\/strong><\/p>\n","protected":false},"excerpt":{"rendered":"<p>Publi\u00e9 dans \u00ab\u00a0Co-\u00e9ducation\u00a0\u00bb La place des parents pendant le confinement \u00ab\u00a0L&rsquo;\u00e9loignement nous montre [&#8230; ] l&rsquo;importance du lien avec les familles. Cette \u00e9preuve (du confinement) nous rappelle que la r\u00e9ussite \u00e9ducative suppose de d\u00e9passer les m\u00e9fiances r\u00e9ciproques pour \u00ab\u00a0faire alliance\u00a0\u00bb Philippe Watrelot Le Monde 5 mai 2020. Genevi\u00e8ve Zo\u00efa dans le Monde du 6 mai&hellip; <a class=\"more-link\" href=\"https:\/\/education-bien-commun.fr\/?p=1284\">Lire la suite <span class=\"screen-reader-text\">La place des parents \u00e0 l&rsquo;\u00e9cole<\/span><\/a><\/p>\n","protected":false},"author":3,"featured_media":0,"comment_status":"open","ping_status":"open","sticky":false,"template":"","format":"standard","meta":{"_jetpack_newsletter_access":"","_jetpack_dont_email_post_to_subs":false,"_jetpack_newsletter_tier_id":0,"_jetpack_memberships_contains_paywalled_content":false,"_jetpack_feature_clip_id":0,"_jetpack_memberships_contains_paid_content":false,"footnotes":"","jetpack_post_was_ever_published":false},"categories":[5,16,24,28,37,43,47,94],"tags":[],"class_list":["post-1284","post","type-post","status-publish","format-standard","hentry","category-apprentissage","category-co-education","category-cooperation","category-creativite","category-ecole","category-eleve","category-enseignement","category-solidarite"],"jetpack_sharing_enabled":true,"jetpack_featured_media_url":"","_links":{"self":[{"href":"https:\/\/education-bien-commun.fr\/index.php?rest_route=\/wp\/v2\/posts\/1284","targetHints":{"allow":["GET"]}}],"collection":[{"href":"https:\/\/education-bien-commun.fr\/index.php?rest_route=\/wp\/v2\/posts"}],"about":[{"href":"https:\/\/education-bien-commun.fr\/index.php?rest_route=\/wp\/v2\/types\/post"}],"author":[{"embeddable":true,"href":"https:\/\/education-bien-commun.fr\/index.php?rest_route=\/wp\/v2\/users\/3"}],"replies":[{"embeddable":true,"href":"https:\/\/education-bien-commun.fr\/index.php?rest_route=%2Fwp%2Fv2%2Fcomments&post=1284"}],"version-history":[{"count":0,"href":"https:\/\/education-bien-commun.fr\/index.php?rest_route=\/wp\/v2\/posts\/1284\/revisions"}],"wp:attachment":[{"href":"https:\/\/education-bien-commun.fr\/index.php?rest_route=%2Fwp%2Fv2%2Fmedia&parent=1284"}],"wp:term":[{"taxonomy":"category","embeddable":true,"href":"https:\/\/education-bien-commun.fr\/index.php?rest_route=%2Fwp%2Fv2%2Fcategories&post=1284"},{"taxonomy":"post_tag","embeddable":true,"href":"https:\/\/education-bien-commun.fr\/index.php?rest_route=%2Fwp%2Fv2%2Ftags&post=1284"}],"curies":[{"name":"wp","href":"https:\/\/api.w.org\/{rel}","templated":true}]}}