{"id":1303,"date":"2020-08-05T18:13:36","date_gmt":"2020-08-05T16:13:36","guid":{"rendered":"http:\/\/educationbiencommun.fr\/?p=1303"},"modified":"2020-08-05T18:13:36","modified_gmt":"2020-08-05T16:13:36","slug":"apport-du-ministre-j-m-blanquer-a-notre-reflexion","status":"publish","type":"post","link":"https:\/\/education-bien-commun.fr\/?p=1303","title":{"rendered":"Apport du Ministre J. M. Blanquer \u00e0 notre r\u00e9flexion"},"content":{"rendered":"\n<p class=\"wp-block-paragraph\">Publi\u00e9 dans \u00ab\u00a0Syst\u00e8me \u00e9ducatif\u00a0\u00bb<\/p>\n\n\n\n<p class=\"wp-block-paragraph\"><strong>Education Bien Commun\u00a0? <\/strong>Le Ministre Blanquer apporte le 31 juillet une contribution particuli\u00e8re \u00e0 notre r\u00e9flexion. Particuli\u00e8re ? <\/p>\n\n\n\n<h3 class=\"has-text-align-center wp-block-heading\"><span class=\"has-inline-color has-vivid-purple-color\">D\u00e9cryptage\u00a0(ironique)<\/span><\/h3>\n\n\n\n<p class=\"wp-block-paragraph\">L\u2019enfant constitue un bien commun qui doit \u00eatre r\u00e9gi, comme n\u2019importe quel autre <strong>bien<\/strong>, selon les r\u00e8gles qui ont fait leurs preuves dans <strong>l\u2019industrie et le commerce<\/strong>. Il importe que <strong>le produit qui sort des \u00e9cole<\/strong>s passe par toutes les <strong>\u00e9tapes rationnelles de la production<\/strong> et subisse un <strong>contr\u00f4le syst\u00e9matique et rigoureux<\/strong> pour lutter contre le nombre inacceptable de <strong>rebuts<\/strong>, h\u00e9ritage d\u2019un demi-si\u00e8cle de laxisme irresponsable.<\/p>\n\n\n\n<p class=\"wp-block-paragraph\">La difficult\u00e9 de changer de paradigme oblige \u00e0 proc\u00e9der \u00e9tape par \u00e9tape, ainsi concernant les \u00ab&nbsp;fondamentaux&nbsp;\u00bb, nos services organisent \u00e0 partir de cette ann\u00e9e \u00e0 l\u2019entr\u00e9e au CE1, <strong>une \u00e9valuation de la production issue du &nbsp;Cours pr\u00e9paratoire<\/strong>. Cet \u00e9valuation constituera non seulement un \u00e9tat des lieux mais aussi dictera les mesures \u00e0 prendre pour obtenir d\u00e8s la premi\u00e8re ann\u00e9e de scolarisation primaire des changements significatifs en mati\u00e8re de rendement et de qualit\u00e9. Elle est ainsi pr\u00e9cis\u00e9e dans le<\/p>\n\n\n\n<h3 class=\"has-text-align-center wp-block-heading\"><strong><span class=\"has-inline-color has-vivid-purple-color\">Bulletin officiel sp\u00e9cial n\u00b0 6 du 31 juillet 2020&nbsp;<\/span><\/strong><\/h3>\n\n\n\n<p class=\"wp-block-paragraph\">\u00ab&nbsp;<em><strong>En fran\u00e7ais <\/strong><\/em><em>L&rsquo;\u00e9valuation se d\u00e9roule en deux s\u00e9quences d&rsquo;une dur\u00e9e d&rsquo;une douzaine de minutes chacune et de deux exercices individuels(\u2026) les exercices ciblent sp\u00e9cifiquement des comp\u00e9tences importantes pour la r\u00e9ussite des \u00e9l\u00e8ves&nbsp;: &#8211; la lecture \u00e0 voix haute &#8211; la compr\u00e9hension de l\u2019\u00e9crit &#8211; la compr\u00e9hension orale &#8211; la richesse du vocabulaire -l\u2019orthographe.<\/em><\/p>\n\n\n\n<p class=\"wp-block-paragraph\"><em><strong>En math\u00e9matiques <\/strong>L&rsquo;\u00e9valuation se d\u00e9roule en deux s\u00e9quences d&rsquo;une dur\u00e9e de 15 minutes chacune, les exercices permettent d&rsquo;\u00e9valuer les \u00e9l\u00e8ves sur&nbsp;: &#8211; la compr\u00e9hension et l&rsquo;utilisation des nombres &#8211; le calcul mental &#8211; le calcul en ligne &#8211; la r\u00e9solution de probl\u00e8mes &#8211; la g\u00e9om\u00e9trie&nbsp;\u00bb<\/em><\/p>\n\n\n\n<h3 class=\"has-text-align-center wp-block-heading\"><span class=\"has-inline-color has-vivid-purple-color\">D\u00e9cryptage (suite) <\/span><\/h3>\n\n\n\n<p class=\"wp-block-paragraph\"><strong>Le r\u00f4le de l\u2019inspection sera d\u00e9cisif pour la r\u00e9organisation du mode de production<\/strong>, le <strong>contr\u00f4le<\/strong> de sa mise en \u0153uvre, et s\u2019il y a lieu le <strong>reformatage de la main d\u2019\u0153uvre <\/strong>au cours des petites p\u00e9riodes de pause. Des mutations pourront \u00eatre organis\u00e9es s\u2019il s\u2019av\u00e8re que ce personnel a subi d\u2019une mani\u00e8re irr\u00e9versible, les effets nocifs de 1968.<\/p>\n\n\n\n<p class=\"wp-block-paragraph\">L\u2019Inspection G\u00e9n\u00e9rale devra elle-m\u00eame organiser des conf\u00e9rences sur le sujet car il se peut que le corps des contr\u00f4leurs ait \u00e9t\u00e9 contamin\u00e9 par des consid\u00e9rations anarchisantes, alors \u00e0 la mode, concernant la diversit\u00e9 des rythmes de production et l\u2019organisation utopique en cycles, ou encore le proc\u00e9d\u00e9 dit multi-\u00e2ges. Certains <strong>contr\u00f4leurs<\/strong> pouvant m\u00eame avoir une attitude ambig\u00fce concernant la m\u00e9thode globale et sa version moderne dite \u00ab&nbsp;fonctionnelle&nbsp;\u00bb en m\u00e9connaissance des travaux du Docteur Stanislas Deha\u00e8ne qui a observ\u00e9 scientifiquement, par IRM, l\u2019architecture c\u00e9r\u00e9brale de lecture et a r\u00e9v\u00e9l\u00e9 qu\u2019apprendre \u00e0 lire consiste \u00e0 acc\u00e9der, par la vision, aux aires du langage parl\u00e9.<\/p>\n\n\n\n<p class=\"wp-block-paragraph\"><strong>Le personnel de l\u2019\u00e9cole maternelle<\/strong> est encore sous l\u2019emprise d\u2019une tradition qui rend difficile la rupture avec des pratiques anarchisantes profond\u00e9ment ancr\u00e9es, mais <strong>la rationalit\u00e9 s\u2019impose peu \u00e0 peu notamment en grande section.<\/strong> Une campagne d\u2019information visant \u00e0 transformer en d\u00e9but de cha\u00eene les pratiques artisanales des fournisseurs de mati\u00e8re. Ceux-ci, l\u00e9gitimement soucieux de la qualit\u00e9 du produit transform\u00e9, pourront peser en faveur d\u2019une la rationalisation des pratiques en cours actuellement dans le premier maillon de la cha\u00eene de production.<\/p>\n\n\n\n<h3 class=\"has-text-align-center wp-block-heading\"><span class=\"has-inline-color has-vivid-purple-color\">Conclusion<\/span><\/h3>\n\n\n\n<p class=\"wp-block-paragraph\">Ce d\u00e9cryptage est inspir\u00e9 de celui qu\u2019entreprend le corps m\u00e9dical dans les h\u00f4pitaux publics soumis \u00e0 un processus comparable de <strong>rationalisation de la gestion de la Sant\u00e9\u2026 consid\u00e9r\u00e9e \u00ab&nbsp;Bien commun&nbsp;\u00bb&nbsp;<\/strong><\/p>\n\n\n\n<p class=\"has-text-align-right wp-block-paragraph\">Martin Liber 05 08 20<\/p>\n","protected":false},"excerpt":{"rendered":"<p>Publi\u00e9 dans \u00ab\u00a0Syst\u00e8me \u00e9ducatif\u00a0\u00bb Education Bien Commun\u00a0? Le Ministre Blanquer apporte le 31 juillet une contribution particuli\u00e8re \u00e0 notre r\u00e9flexion. Particuli\u00e8re ? D\u00e9cryptage\u00a0(ironique) L\u2019enfant constitue un bien commun qui doit \u00eatre r\u00e9gi, comme n\u2019importe quel autre bien, selon les r\u00e8gles qui ont fait leurs preuves dans l\u2019industrie et le commerce. Il importe que le produit&hellip; <a class=\"more-link\" href=\"https:\/\/education-bien-commun.fr\/?p=1303\">Lire la suite <span class=\"screen-reader-text\">Apport du Ministre J. M. Blanquer \u00e0 notre r\u00e9flexion<\/span><\/a><\/p>\n","protected":false},"author":3,"featured_media":0,"comment_status":"open","ping_status":"open","sticky":false,"template":"","format":"standard","meta":{"_jetpack_newsletter_access":"","_jetpack_dont_email_post_to_subs":false,"_jetpack_newsletter_tier_id":0,"_jetpack_memberships_contains_paywalled_content":false,"_jetpack_feature_clip_id":0,"_jetpack_memberships_contains_paid_content":false,"footnotes":"","jetpack_post_was_ever_published":false},"categories":[5,9,37,43,47,58,59,81,96],"tags":[],"class_list":["post-1303","post","type-post","status-publish","format-standard","hentry","category-apprentissage","category-bien-commun","category-ecole","category-eleve","category-enseignement","category-formater","category-formation-des-enseignants","category-politique-educative","category-systeme-educatif"],"jetpack_sharing_enabled":true,"jetpack_featured_media_url":"","_links":{"self":[{"href":"https:\/\/education-bien-commun.fr\/index.php?rest_route=\/wp\/v2\/posts\/1303","targetHints":{"allow":["GET"]}}],"collection":[{"href":"https:\/\/education-bien-commun.fr\/index.php?rest_route=\/wp\/v2\/posts"}],"about":[{"href":"https:\/\/education-bien-commun.fr\/index.php?rest_route=\/wp\/v2\/types\/post"}],"author":[{"embeddable":true,"href":"https:\/\/education-bien-commun.fr\/index.php?rest_route=\/wp\/v2\/users\/3"}],"replies":[{"embeddable":true,"href":"https:\/\/education-bien-commun.fr\/index.php?rest_route=%2Fwp%2Fv2%2Fcomments&post=1303"}],"version-history":[{"count":0,"href":"https:\/\/education-bien-commun.fr\/index.php?rest_route=\/wp\/v2\/posts\/1303\/revisions"}],"wp:attachment":[{"href":"https:\/\/education-bien-commun.fr\/index.php?rest_route=%2Fwp%2Fv2%2Fmedia&parent=1303"}],"wp:term":[{"taxonomy":"category","embeddable":true,"href":"https:\/\/education-bien-commun.fr\/index.php?rest_route=%2Fwp%2Fv2%2Fcategories&post=1303"},{"taxonomy":"post_tag","embeddable":true,"href":"https:\/\/education-bien-commun.fr\/index.php?rest_route=%2Fwp%2Fv2%2Ftags&post=1303"}],"curies":[{"name":"wp","href":"https:\/\/api.w.org\/{rel}","templated":true}]}}