{"id":1374,"date":"2020-08-18T08:03:35","date_gmt":"2020-08-18T06:03:35","guid":{"rendered":"http:\/\/educationbiencommun.fr\/?p=1374"},"modified":"2020-08-18T08:03:35","modified_gmt":"2020-08-18T06:03:35","slug":"on-nest-jamais-en-retard-quand-on-apprend","status":"publish","type":"post","link":"https:\/\/education-bien-commun.fr\/?p=1374","title":{"rendered":"On n&rsquo;est jamais en retard quand on apprend !"},"content":{"rendered":"\n<p class=\"wp-block-paragraph\">Publi\u00e9 dans \u00ab\u00a0El\u00e8ves\u00a0\u00bb<\/p>\n\n\n\n<p class=\"wp-block-paragraph\">La rentr\u00e9e 2020 approche et \u00e0 quinze jours de celle-ci, personne pour l&rsquo;instant n&rsquo;est s\u00fbr de ce qu&rsquo;elle sera. Professeurs, parents s&rsquo;inqui\u00e8tent. Seul le ministre J. M. Blanquer <strong>sait <\/strong>qu&rsquo;il faudra faire rapidement <strong>rattraper les retards accumul\u00e9s<\/strong> pendant le confinement ; il a fait publier en juillet des textes et en particulier, <strong><a href=\"https:\/\/www.education.gouv.fr\/la-circulaire-de-rentree-2020-au-bulletin-officiel-305132\">la circulaire de rentr\u00e9e<\/a><\/strong> et  <strong>s<\/strong><a href=\"https:\/\/eduscol.education.fr\/cid152895\/rentree-2020-priorites-et-positionnement.html\"><strong>ur le site eduscol<\/strong> <\/a>des pr\u00e9conisations : \u00e9valuations d\u00e8s le 14 septembre en fran\u00e7ais et math\u00e9matiques (les fondamentaux) en CP, CE1 et sixi\u00e8me, plus tard en seconde ; exercices de rattrapage dans tous les niveaux du syst\u00e8me ensuite<\/p>\n\n\n\n<h3 class=\"has-text-align-center wp-block-heading\"><mark style=\"background-color:rgba(0, 0, 0, 0)\" class=\"has-inline-color has-luminous-vivid-orange-color\">Les ma\u00eetres mots : Retard, rattrapage<\/mark><\/h3>\n\n\n\n<p class=\"wp-block-paragraph\"><strong><a href=\"http:\/\/www.charmeux.fr\/blog\/index.php?2020\/06\/22\/431-on-n-est-jamais-en-retard-quand-on-apprend\">Eveline Charmeux dans son blog<\/a><\/strong> analysait d\u00e9j\u00e0 \u00e0 la fin du confinement, l&rsquo;usage fait \u00ab\u00a0d&rsquo;un discours grave o\u00f9 reviennent souvent les expressions <strong> \u00ab\u00a0rattraper les retards\u00a0\u00bb <\/strong>et prot\u00e9ger la \u00ab\u00a0<strong>continuit\u00e9 p\u00e9dagogique<\/strong>\u00ab\u00a0. Choisies pour impressionner les acteurs de l&rsquo;\u00e9cole, et les emp\u00eacher de r\u00e9fl\u00e9chir, ces formules, conformes \u00e0 la politique d&rsquo;ensemble qui distille la peur pour \u00eatre tranquille \u2014 n\u00e9cessaire quand on ne sait pas comment g\u00e9rer une situation \u2014 sont mensong\u00e8res et dangereuses.\u00a0\u00bb<\/p>\n\n\n\n<p class=\"wp-block-paragraph\">Pour elle comme pour beaucoup d&rsquo;autres, il n&rsquo;y a pas de retards ni de \u00ab\u00a0continuit\u00e9 p\u00e9dagogique\u00a0\u00bb : \u00ab\u00a0<em><strong>Continuit\u00e9 p\u00e9dagogique<\/strong><\/em>&nbsp;: continuit\u00e9 de quoi ? Et si une coupure \u00e9tait au contraire, n\u00e9cessaire&nbsp;?\u00a0\u00bb<\/p>\n\n\n\n<p class=\"wp-block-paragraph\">Parler de retard, de continuit\u00e9 p\u00e9dagogique, c&rsquo;est vraiment rester dans l&rsquo;esprit d&rsquo;un <strong>enseignement programm\u00e9<\/strong> qui ne supporte pas d&rsquo;\u00eatre interrompu, faute essentielle.<\/p>\n\n\n\n<p class=\"wp-block-paragraph\">\u00ab\u00a0<em><strong>La continuit\u00e9 p\u00e9dagogique<\/strong><\/em><br>C&rsquo;est un concept vide, reposant sur l&rsquo;ignorance de ce qu&rsquo;est l&rsquo;acte d&rsquo;apprendre.\u00a0\u00bb dit-elle.<\/p>\n\n\n\n<h3 class=\"has-text-align-center wp-block-heading\"><mark style=\"background-color:rgba(0, 0, 0, 0)\" class=\"has-inline-color has-luminous-vivid-orange-color\">L&rsquo;acte d&rsquo;apprendre<\/mark><\/h3>\n\n\n\n<p class=\"wp-block-paragraph\">Apprendre, ce n&rsquo;est pas ing\u00e9rer ce que l&rsquo;enseignant a d\u00e9cid\u00e9 de faire avaler co\u00fbte que co\u00fbte \u00e0 tous les \u00e9l\u00e8ves qu&rsquo;ils le veuillent ou non : \u00ab\u00a0L&rsquo;enseignant doit savoir en effet que, jamais, tout ce qu&rsquo;il essayait de faire acqu\u00e9rir \u00e0 ses \u00e9l\u00e8ves, n&rsquo;a \u00e9t\u00e9 acquis par tous : chacun en a conserv\u00e9 une partie, celle qui \u00e9tait compatible avec ce qu&rsquo;il savait avant&#8230;\u00a0\u00bb<\/p>\n\n\n\n<p class=\"wp-block-paragraph\">Et les <strong>retards<\/strong> n&rsquo;en sont donc plus si l&rsquo;on consid\u00e8re qu&rsquo;ils sont n\u00e9cessaires : \u00ab\u00a0On a tous observ\u00e9 un jour que le meilleur moyen de trouver la solution \u00e0 un probl\u00e8me, c&rsquo;est de ne plus y penser en se plongeant dans tout autre chose, voire, d&rsquo;aller dormir un peu.\u00a0\u00bb Evidence mais si mal partag\u00e9e dans l&rsquo;enseignement parce que les enseignants qui doivent la pratiquer pour eux-m\u00eames la mettent sous le boisseau, sous l&rsquo;effet du stress, de la peur de l&rsquo;inspection, de leur conception de l&rsquo;enseignement&#8230;<\/p>\n\n\n\n<p class=\"wp-block-paragraph\"><strong><a href=\"https:\/\/www.franceculture.fr\/emissions\/radiographies-du-coronavirus\/pourquoi-est-il-si-difficile-de-travailler-seul-pedagogie-du-collectif\">Philippe Meirieu sur le site de France Culture<\/a><\/strong> en mai 2020 d\u00e9clarait lui aussi : \u00ab\u00a0Mais certaines choses m\u2019inqui\u00e8tent pour l\u2019avenir, quand nous reprendrons l\u2019\u00e9cole dans des conditions \u00e0 peu pr\u00e8s normales : c\u2019est que nous soyons en quelque sorte absorb\u00e9s par une forme de <strong>productivisme scolaire<\/strong>, c\u2019est \u00e0 dire que nous ayons <strong>peur du temps perdu<\/strong> et que nous cherchions \u00e0 le rattraper en courant apr\u00e8s les<strong> fondamentaux<\/strong>. Apr\u00e8s <strong>les bases du programme <\/strong>au d\u00e9triment de l\u2019\u00e9ducation artistique et culturelle par exemple, qui permet aux enfants ce partage avec l\u2019humanit\u00e9 de leurs angoisses, de leurs inqui\u00e9tudes, de leurs esp\u00e9rances.\u00a0\u00bb<\/p>\n\n\n\n<p class=\"wp-block-paragraph\">Philippe Meirieu :&nbsp;\u00ab\u00a0<em>Faisons donc <strong>le pari de la \u00abp\u00e9dagogie coop\u00e9rative\u00bb<\/strong> d\u00e8s la rentr\u00e9e prochaine de septembre. Car, comme C\u00e9lestin Freinet l\u2019a bien montr\u00e9, la coop\u00e9ration permet \u00e0 chacun de s\u2019appuyer sur tous pour devenir plus exigeant \u00e0 l\u2019\u00e9gard de soi-m\u00eame. D\u00e9veloppons <strong>les \u00e9changes entre les \u00e9l\u00e8ves<\/strong> afin qu\u2019ils <strong>s\u2019entraident r\u00e9ciproquement <\/strong>car c\u2019est tr\u00e8s exactement de cela dont nous avons besoin dans les mois qui viennent. Embarquons-les dans <strong>des projets communs<\/strong> <strong>o\u00f9 la r\u00e9ussite individuelle contribue \u00e0 la r\u00e9ussite collective et r\u00e9ciproquement. <\/strong>Soyons audacieux, pour une fois !<\/em> \u00ab\u00a0<\/p>\n\n\n\n<p class=\"wp-block-paragraph\"><\/p>\n\n\n\n<p class=\"has-text-align-right wp-block-paragraph\">Nadine Lanneau, professeure documentaliste et membre de l&rsquo;AFL<\/p>\n\n\n\n<p class=\"wp-block-paragraph\">Recension d&rsquo;articles d&rsquo;Eveline Charmeux<a href=\"https:\/\/education-bien-commun.fr\/2020\/08\/18\/on-nest-jamais-en-retard-quand-on-apprend\/\">,<\/a> professeur-formateur honoraire, ex-chercheur \u00e0 l\u2019INRP, autrefois formatrice de professeurs d&rsquo;\u00e9cole et de professeurs de fran\u00e7ais \u00e0 l&rsquo;IUFM et de Philippe Meirieu, professeur honoraire en Sciences de l&rsquo;Education.<\/p>\n","protected":false},"excerpt":{"rendered":"<p>Publi\u00e9 dans \u00ab\u00a0El\u00e8ves\u00a0\u00bb La rentr\u00e9e 2020 approche et \u00e0 quinze jours de celle-ci, personne pour l&rsquo;instant n&rsquo;est s\u00fbr de ce qu&rsquo;elle sera. Professeurs, parents s&rsquo;inqui\u00e8tent. Seul le ministre J. M. Blanquer sait qu&rsquo;il faudra faire rapidement rattraper les retards accumul\u00e9s pendant le confinement ; il a fait publier en juillet des textes et en particulier,&hellip; <a class=\"more-link\" href=\"https:\/\/education-bien-commun.fr\/?p=1374\">Lire la suite <span class=\"screen-reader-text\">On n&rsquo;est jamais en retard quand on apprend !<\/span><\/a><\/p>\n","protected":false},"author":3,"featured_media":0,"comment_status":"open","ping_status":"open","sticky":false,"template":"","format":"standard","meta":{"_jetpack_newsletter_access":"","_jetpack_dont_email_post_to_subs":false,"_jetpack_newsletter_tier_id":0,"_jetpack_memberships_contains_paywalled_content":false,"_jetpack_feature_clip_id":0,"_jetpack_memberships_contains_paid_content":false,"footnotes":"","jetpack_post_was_ever_published":false},"categories":[5,29,37,43,47,51,58,75,84,89,92,94,96],"tags":[],"class_list":["post-1374","post","type-post","status-publish","format-standard","hentry","category-apprentissage","category-culture","category-ecole","category-eleve","category-enseignement","category-entraide","category-formater","category-pedagogie","category-productivisme","category-remediation","category-savoirs","category-solidarite","category-systeme-educatif"],"jetpack_sharing_enabled":true,"jetpack_featured_media_url":"","_links":{"self":[{"href":"https:\/\/education-bien-commun.fr\/index.php?rest_route=\/wp\/v2\/posts\/1374","targetHints":{"allow":["GET"]}}],"collection":[{"href":"https:\/\/education-bien-commun.fr\/index.php?rest_route=\/wp\/v2\/posts"}],"about":[{"href":"https:\/\/education-bien-commun.fr\/index.php?rest_route=\/wp\/v2\/types\/post"}],"author":[{"embeddable":true,"href":"https:\/\/education-bien-commun.fr\/index.php?rest_route=\/wp\/v2\/users\/3"}],"replies":[{"embeddable":true,"href":"https:\/\/education-bien-commun.fr\/index.php?rest_route=%2Fwp%2Fv2%2Fcomments&post=1374"}],"version-history":[{"count":0,"href":"https:\/\/education-bien-commun.fr\/index.php?rest_route=\/wp\/v2\/posts\/1374\/revisions"}],"wp:attachment":[{"href":"https:\/\/education-bien-commun.fr\/index.php?rest_route=%2Fwp%2Fv2%2Fmedia&parent=1374"}],"wp:term":[{"taxonomy":"category","embeddable":true,"href":"https:\/\/education-bien-commun.fr\/index.php?rest_route=%2Fwp%2Fv2%2Fcategories&post=1374"},{"taxonomy":"post_tag","embeddable":true,"href":"https:\/\/education-bien-commun.fr\/index.php?rest_route=%2Fwp%2Fv2%2Ftags&post=1374"}],"curies":[{"name":"wp","href":"https:\/\/api.w.org\/{rel}","templated":true}]}}