{"id":1397,"date":"2020-08-18T18:22:00","date_gmt":"2020-08-18T16:22:00","guid":{"rendered":"http:\/\/educationbiencommun.fr\/?p=1397"},"modified":"2020-08-18T18:22:00","modified_gmt":"2020-08-18T16:22:00","slug":"la-politique-scolaire-de-jean-michel-blanquer","status":"publish","type":"post","link":"https:\/\/education-bien-commun.fr\/?p=1397","title":{"rendered":"La politique scolaire de Jean-Michel Blanquer"},"content":{"rendered":"\n<p class=\"wp-block-paragraph\">Publi\u00e9 dans \u00ab\u00a0Syst\u00e8me \u00e9ducatif\u00a0\u00bb<\/p>\n\n\n\n<p class=\"wp-block-paragraph\">Alors que la rentr\u00e9e scolaire approche, il me para\u00eet utile de nous int\u00e9resser \u00e0 <strong>la politique scolaire <\/strong>de Jean-Michel Blanquer.<\/p>\n\n\n\n<p class=\"wp-block-paragraph\">Cette politique se d\u00e9ploie, depuis trois ans, dans un grand nombre de directions avec beaucoup de d\u00e9termination, et en bravant non seulement le m\u00e9contentement des enseignants, mais aussi celui \u2013 croissant &#8211; des parents.<\/p>\n\n\n\n<p class=\"wp-block-paragraph\">Le fait que J. M. Blanquer ait \u00e9t\u00e9 maintenu \u00e0 son poste \u00e0 l\u2019occasion du remaniement minist\u00e9riel de juillet, &#8211; alors qu\u2019il semble que l\u2019int\u00e9ress\u00e9 \u00e9tait candidat \u00e0 une autre fonction, &#8211; sugg\u00e8re que sa politique est une pi\u00e8ce ma\u00eetresse du dispositif du pouvoir, et que ce dernier est d\u00e9termin\u00e9 \u00e0 la poursuivre, avec le ministre actuel, y compris \u2013 pensent certains analystes &#8211; en faisant une croix sur le vote du monde enseignant en 2022.<\/p>\n\n\n\n<p class=\"wp-block-paragraph\">Mon intention n\u2019est pas de commenter les d\u00e9cisions du ministre relatives au confinement et au d\u00e9confinement, qui ont d\u00e9fray\u00e9 la chronique pendant des semaines, mais d\u2019\u00e9clairer l\u2019aspect strat\u00e9gique de sa politique.<\/p>\n\n\n\n<p class=\"wp-block-paragraph\">Je voudrais, en fait, fournir des cl\u00e9s de lecture de la politique scolaire globale du ministre.<\/p>\n\n\n\n<p class=\"wp-block-paragraph\">Je vais le faire en m\u2019appuyant, \u00e0 titre principal, sur les analyses du <em>Groupe de Recherche sur la D\u00e9mocratisation Scolaire<\/em> (GRDS) et sur celles du <em>SNUIPP-FSU<\/em>, qui est le principal syndicat du primaire. Je vais organiser mon propos en cinq points&nbsp;<strong>: 1)<\/strong> le discours bi-face<strong>, 3<\/strong> la coh\u00e9rence profonde, <strong>3)<\/strong> les deux politiques d\u00e9cisives, <strong>4)<\/strong> Une contre-r\u00e9forme lib\u00e9rale et <strong>5)<\/strong> Conclusion.<\/p>\n\n\n\n<h3 class=\"wp-block-heading has-text-align-center\"><mark style=\"background-color:rgba(0, 0, 0, 0)\" class=\"has-inline-color has-luminous-vivid-orange-color\"><strong>1. Un discours bi-face<\/strong> <\/mark><\/h3>\n\n\n\n<p class=\"wp-block-paragraph\">Un discours qui mobilise des th\u00e8mes et des symboles qui sont susceptibles de s\u00e9duire ou de neutraliser des segments tr\u00e8s diff\u00e9rents, &#8211; voire oppos\u00e9s, &#8211; de l\u2019opinion. C\u2019est un discours \u00e0 la fois conservateur et moderniste.<\/p>\n\n\n\n<p class=\"wp-block-paragraph\"><strong>Au titre du discours conservateur<\/strong>&nbsp;:<\/p>\n\n\n\n<ul class=\"wp-block-list\">\n<li>La d\u00e9nonciation de l\u2019\u00e9galitarisme (le titre de son entretien \u00e0 <em>l\u2019Obs<\/em>, le 24 ao\u00fbt 2017, alors qu\u2019il est fra\u00eechement nomm\u00e9 ministre, est&nbsp;: <em><strong>\u00ab&nbsp;Le discours \u00e9galitariste est destructeur&nbsp;\u00bb<\/strong><\/em>&nbsp;; le ton \u00e9tait donn\u00e9&nbsp;;<\/li>\n\n\n\n<li>La volont\u00e9 de favoriser le redoublement, dont on sait depuis longtemps qu\u2019il ne sert pas \u00e0 grand chose, surtout \u00e0 l\u2019\u00e9cole et au coll\u00e8ge&nbsp;;<\/li>\n\n\n\n<li>La pr\u00e9f\u00e9rence affich\u00e9e pour la m\u00e9thode syllabique d\u2019apprentissage de la lecture, qui a les faveurs des traditionnalistes&nbsp;;<\/li>\n\n\n\n<li>La distribution aux \u00e9l\u00e8ves des <em>Fables<\/em> de La Fontaine. Initiative salu\u00e9e par Alain Finkielkraut parce, dit-il, elle veut <em><strong>\u00ab&nbsp;restaurer les grands textes patrimoniaux d\u00e8s le plus jeune \u00e2ge&nbsp;\u00bb<\/strong><\/em>&nbsp;;<\/li>\n\n\n\n<li>La volont\u00e9 de faire apprendre la <em>Marseillaise<\/em> \u00e0 tous les \u00e9coliers&nbsp;;<\/li>\n\n\n\n<li>La volont\u00e9 de d\u00e9velopper \u00e0 nouveau les internats d\u2019excellence.<\/li>\n\n\n\n<li>La volont\u00e9 de r\u00e9tablir les classes bilingues et les classes latin-grec, que les conservateurs saluent comme un retour \u00e0 la tradition et \u00e0 un enseignement secondaire r\u00e9serv\u00e9 \u00e0 une minorit\u00e9&nbsp;;<\/li>\n<\/ul>\n\n\n\n<p class=\"wp-block-paragraph\"><strong>Le discours moderniste<\/strong>&nbsp;:<\/p>\n\n\n\n<ul class=\"wp-block-list\">\n<li>Il annonce une plus grande autonomie des \u00e9tablissements&nbsp;;<\/li>\n\n\n\n<li>Il r\u00e9forme le baccalaur\u00e9at, que les modernistes consid\u00e8rent comme le verrou faisant obstacle \u00e0 l\u2019innovation p\u00e9dagogique au lyc\u00e9e&nbsp;;<\/li>\n\n\n\n<li>En coll\u00e8ge, il ne supprime pas les Enseignements Pratiques Interdisciplinaires (EPI), mais il supprime la liste des th\u00e8mes et laisse les \u00e9tablissements scolaires libres d\u2019organiser une partie du temps scolaire&nbsp;;<\/li>\n\n\n\n<li>Dans une interview au <em>Monde<\/em>, peu apr\u00e8s sa prise de fonctions, il d\u00e9clare&nbsp;: <em><strong>\u00ab&nbsp;Je ne donnerai pas dans la verticalit\u00e9, dans l\u2019injonction. Je serai un ministre qui pousse aux solutions de terrain. Mon message aux enseignants, c\u2019est qu\u2019il n\u2019y a pas de chape de plomb&nbsp;; qu\u2019ils se sentent libres, qu\u2019ils innovent&nbsp;\u00bb<\/strong><\/em>. Fran\u00e7ois Dubet, qui a soutenu tous les ministres sociaux-d\u00e9mocrates, depuis All\u00e8gre jusqu\u2019\u00e0 Najat Vallaud-Belkacem, se r\u00e9jouit dans <em>l\u2019Obs<\/em> du 24 ao\u00fbt 2017 du discours du ministre et va m\u00eame jusqu\u2019\u00e0 pronostiquer une \u00e8re de r\u00e9forme moderniste<a href=\"\/#sdfootnote1sym\"><sup>1<\/sup><\/a>&nbsp;;<\/li>\n<\/ul>\n\n\n\n<p class=\"wp-block-paragraph\"><a href=\"\/#sdfootnote1anc\">1<\/a> Deux mois plus tard, il est d\u00e9j\u00e0 en retrait par rapport \u00e0 son discours d\u2019ao\u00fbt. <strong><a href=\"https:\/\/laviedesidees.fr\/La-nouvelle-ideologie-scolaire.html\">Lire ici<\/a><\/strong><\/p>\n\n\n\n<p class=\"wp-block-paragraph\"><\/p>\n\n\n\n<h3 class=\"wp-block-heading has-text-align-center\"><strong><mark style=\"background-color:rgba(0, 0, 0, 0)\" class=\"has-inline-color has-luminous-vivid-orange-color\">2. Au-del\u00e0 du discours bi-face, cette politique a une coh\u00e9rence profonde\u00a0: r\u00e9guler le syst\u00e8me scolaire par l\u2019autonomie des \u00e9tablissements<\/mark><\/strong><\/h3>\n\n\n\n<p class=\"wp-block-paragraph\">Ici, il faut mentionner quatre aspects essentiels&nbsp;:<\/p>\n\n\n\n<ul class=\"wp-block-list\">\n<li><strong>Les projets \u00e9ducatifs sp\u00e9cifiques<\/strong> permettant aux \u00e9tablissements de choisir les horaires d\u2019enseignement, les contenus d\u2019enseignement, les m\u00e9thodes p\u00e9dagogiques. En ligne de mire, la carte scolaire&nbsp;: si les \u00e9tablissements sont tous diff\u00e9rents (au niveau des horaires, des contenus et des m\u00e9thodes), elle n\u2019a plus lieu d\u2019\u00eatre.<\/li>\n\n\n\n<li>Le deuxi\u00e8me aspect, qui est le corollaire de l\u2019autonomie p\u00e9dagogique, c\u2019est le <strong>libre recrutement<\/strong>, par le chef d\u2019\u00e9tablissement, sur poste \u00e0 profil, d\u2019enseignants qui adh\u00e8rent au projet p\u00e9dagogique de l\u2019\u00e9cole, du coll\u00e8ge ou du lyc\u00e9e. Pas \u00e9tonnant que l\u2019une des premi\u00e8res d\u00e9cisions du ministre ait \u00e9t\u00e9 de d\u00e9manteler le syst\u00e8me des commissions administratives paritaires o\u00f9 si\u00e9geaient les repr\u00e9sentants \u00e9lus des personnels. Pas \u00e9tonnant non plus qu\u2019il veuille faire des directeurs et directrices d\u2019\u00e9coles de v\u00e9ritables sup\u00e9rieurs hi\u00e9rarchiques.<\/li>\n\n\n\n<li>Des politiques ou m\u00eame des pans des programmes se trouvent <strong>livr\u00e9s aux r\u00e9gions ou aux entreprises<\/strong>. C\u2019est le cas des services d\u2019orientation (confi\u00e9s aux r\u00e9gions), des Lyc\u00e9es Professionnels (arrim\u00e9s au monde de l\u2019entreprise) ou bien encore du dispositif <em><u>\u2018\u20192S2C\u2019\u2019<\/u><\/em> (Sport-Sant\u00e9-Culture-Civisme), qui consiste \u00e0 offrir aux \u00e9l\u00e8ves, sur le temps scolaire, &#8211; et en partenariat avec les collectivit\u00e9s territoriales, &#8211; des activit\u00e9s \u00e9ducatives pour compl\u00e9ter le travail en classe et\/ou \u00e0 la maison.<\/li>\n\n\n\n<li>Dans ce contexte, <strong>la ligne hi\u00e9rarchique<\/strong> \u2013 depuis le terrain jusqu\u2019au Ministre et ses repr\u00e9sentants pl\u00e9nipotentiaires que sont les Recteurs, via les cadres interm\u00e9diaires (chefs d\u2019\u00e9tablissement, inspecteurs p\u00e9dagogiques, inspecteurs d\u2019acad\u00e9mie) \u2013 cette ligne hi\u00e9rarchique est devenue chaotique et \u2018\u2019incandescente\u2019\u2019. Les deux extr\u00e9mit\u00e9s de la ligne ne vivent plus dans le m\u00eame monde. Les cadres interm\u00e9diaires, plac\u00e9s entre le marteau et l\u2019enclume, sont soumis \u00e0 des injonctions contradictoires qu\u2019il leur revient de faire \u2018\u2019encaisser\u2019\u2019 au terrain. Mais ils connaissent les attentes de la hi\u00e9rarchie&nbsp;: Il faut que \u00e7a passe, <strong>#PasDeVague<\/strong>.<\/li>\n<\/ul>\n\n\n\n<p class=\"wp-block-paragraph\">Les quatre aspects que je viens d\u2019\u00e9voquer sont \u00e9troitement compl\u00e9mentaires&nbsp;:<\/p>\n\n\n\n<ul class=\"wp-block-list\">\n<li>d\u2019un c\u00f4t\u00e9, diff\u00e9renciation\/innovation\/adaptation \u00e0 la sp\u00e9cificit\u00e9 des \u00e9l\u00e8ves et des territoires<\/li>\n\n\n\n<li>et, de l\u2019autre, implication des acteurs locaux dans l\u2019action \u00e9ducatrice, autonomie des \u00e9tablissements sous l\u2019autorit\u00e9 d\u2019un vrai chef d\u2019entreprise relayant les incessantes injonctions d\u2019un \u00e9chelon central devenu le cheval de Troie des int\u00e9r\u00eats priv\u00e9s.<\/li>\n<\/ul>\n\n\n\n<p class=\"wp-block-paragraph\">Ici, un fait particuli\u00e8rement significatif doit \u00eatre mentionn\u00e9, qui a \u00e9t\u00e9 relev\u00e9 par le <em>Caf\u00e9 p\u00e9dagogique&nbsp;<\/em>: de 2017 \u00e0 2020, le directeur de cabinet de J.M. Blanquer, n\u2019\u00e9tait autre que Christophe Kerrero, lobbyiste ultra-lib\u00e9ral proche de l\u2019extr\u00eame-droite, membre du conseil scientifique de l\u2019IFRAP (Fondation pour la Recherche sur les Administrations et les politiques publiques), dirig\u00e9 par Agn\u00e8s Verdier-Molini\u00e9&nbsp;! M. Kerrero vient d\u2019\u00eatre nomm\u00e9 \u00e0 la t\u00eate de la prestigieuse r\u00e9gion acad\u00e9mique \u00cele-de-France, Recteur de l\u2019acad\u00e9mie de Paris&nbsp;!<\/p>\n\n\n\n<p class=\"wp-block-paragraph\">Disons d\u00e9j\u00e0, pour conclure ce 2\u00e8 point, que l\u2019horizon est tout \u00e0 fait perceptible&nbsp;: c\u2019est la fin de l\u2019\u00e9ducation r\u00e9ellement nationale.<\/p>\n\n\n\n<h3 class=\"wp-block-heading has-text-align-center\"><strong><mark style=\"background-color:rgba(0, 0, 0, 0)\" class=\"has-inline-color has-luminous-vivid-orange-color\">3. Dans cette perspective, <\/mark><\/strong><\/h3>\n\n\n\n<h3 class=\"wp-block-heading has-text-align-center\"><strong><mark style=\"background-color:rgba(0, 0, 0, 0)\" class=\"has-inline-color has-luminous-vivid-orange-color\">deux politiques rev\u00eatent un caract\u00e8re d\u00e9cisif <\/mark><\/strong><\/h3>\n\n\n\n<h3 class=\"wp-block-heading has-text-align-center\"><mark style=\"background-color:rgba(0, 0, 0, 0)\" class=\"has-inline-color has-luminous-vivid-orange-color\">Il s\u2019agit de l\u2019\u00e9valuation et de la r\u00e9forme du bac.<\/mark><\/h3>\n\n\n\n<h4 class=\"wp-block-heading\"><strong>L\u2019\u00e9valuation<\/strong> <\/h4>\n\n\n\n<p class=\"wp-block-paragraph\">On pourrait dire&nbsp;: <em>\u2018\u2019\u00e9valuation \u00e0 tous les \u00e9tages&nbsp;!\u2019\u2019<\/em>, \u00e0 l\u2019\u00e9cole, au coll\u00e8ge et en seconde au lyc\u00e9e. Le ministre veut <em><strong>\u00ab&nbsp;\u00e9tablir pour chaque \u00e9l\u00e8ve \u00e0 chaque moment un \u00e9tat des lieux de ses forces et de ses besoins&nbsp;\u00bb<\/strong><\/em>. Le syst\u00e8me est con\u00e7u pour \u00e9valuer aussi le niveau d\u2019efficacit\u00e9 des enseignants. Les \u00e9coles et les \u00e9tablissements seront \u00e9valu\u00e9s \u00e9galement. Derri\u00e8re l\u2019\u00e9valuation, c\u2019est donc <strong>le pilotage par les r\u00e9sultats<\/strong> qui pointe son nez&nbsp;; pilotage du syst\u00e8me pris globalement&nbsp;; pilotage des \u00e9coles et des \u00e9tablissements&nbsp;; pilotage, enfin, de a p\u00e9dagogie des enseignants dont le m\u00e9tier \u00e9volue&nbsp;: d\u2019un m\u00e9tier d\u2019artisan qui con\u00e7oit et pilote son enseignement, on passe \u00e0 un <strong>m\u00e9tier de technicien de bout de cha\u00eene <\/strong>qui r\u00e9pond aux commandes d\u2019un outil informatis\u00e9. Dans le m\u00eame temps, les neurosciences sont mises en avant sans le moindre d\u00e9bat et la libert\u00e9 p\u00e9dagogique des enseignants est pr\u00e9sent\u00e9e comme un <em><strong>\u00ab&nbsp;d\u00e9sordre p\u00e9dagogico-gauchiste&nbsp;\u00bb<\/strong><\/em>. Pour l\u2019\u00c9cole, la rupture est majeure.<\/p>\n\n\n\n<h4 class=\"wp-block-heading\"><strong>La r\u00e9forme du bac<\/strong><\/h4>\n\n\n\n<p class=\"wp-block-paragraph\">Il s\u2019agit d\u2019en finir avec un bac avec programme national et de nombreuses disciplines \u00e9valu\u00e9es, ce qui oblige les lyc\u00e9es \u00e0 tous proposer le m\u00eame programme. Pour cela, il faut mettre r\u00e9solument en avant le contr\u00f4le continu car, \u00e0 partir de ce moment-l\u00e0, on pourra \u00e9valuer les<strong> enseignements sp\u00e9cifiques propres \u00e0 chaque lyc\u00e9e<\/strong>, pr\u00e9vus par son projet d\u2019\u00e9tablissement. C\u2019est tr\u00e8s astucieux parce que cette politique peut faire consensus&nbsp;; les conservateurs peuvent y trouver l\u2019opportunit\u00e9 de proposer des lyc\u00e9es \u2018\u2019tradis\u2019\u2019 o\u00f9 l\u2019on porte l\u2019uniforme, tandis que les modernistes, de leur c\u00f4t\u00e9, feront des lyc\u00e9es Montessori ou Freinet.<\/p>\n\n\n\n<h3 class=\"wp-block-heading has-text-align-center\"><strong><mark style=\"background-color:rgba(0, 0, 0, 0)\" class=\"has-inline-color has-luminous-vivid-orange-color\">4. Une contre-r\u00e9forme lib\u00e9rale qui peut passer<\/mark><\/strong><\/h3>\n\n\n\n<ul class=\"wp-block-list\">\n<li>Elle peut passer parce qu\u2019elle est mise en \u0153uvre, depuis 2017, avec une r\u00e9solution sans faille, \u2018\u2019\u00e0 la hussarde\u2019\u2019. Le SNUIPP\/FSU, reprenant la formule de Naomie Klein, parle de<em><strong>\u00ab&nbsp;strat\u00e9gie du choc&nbsp;\u00bb<\/strong><\/em>. A cet \u00e9gard, la crise sanitaire, loin de constituer un frein aux projets du Ministre, lui a, au contraire, fourni l\u2019opportunit\u00e9 d\u2019acc\u00e9l\u00e9rer la mise en \u0153uvre de ses plans.<\/li>\n\n\n\n<li>Elle peut passer \u00e9galement parce que tout le monde y trouvera son compte. Enfin, tout le monde\u2026 sauf les enfants issus des classes populaires. Parce que l\u2019histoire nous enseigne, depuis quarante ans, que l\u2019autonomie et les projets d\u2019\u00e9tablissement sp\u00e9cifiques sont le cheval de Troie de l\u2019id\u00e9ologie du d\u00e9ficit socioculturel.<\/li>\n<\/ul>\n\n\n\n<p class=\"wp-block-paragraph\">Sous pr\u00e9texte de s\u2019adapter \u00e0 la diversit\u00e9 des \u00e9l\u00e8ves, des \u00e9tablissements vont revoir \u00e0 la baisse les objectifs, proposer des d\u00e9marches fond\u00e9es sur le concret et insister sur les \u2018\u2019comp\u00e9tences non cognitives \u2018\u2019 (le s\u00e9rieux, la ponctualit\u00e9, le respect de l\u2019autorit\u00e9, etc.) tandis que d\u2019autres \u00e9tablissements proposeront des projets ambitieux pour les h\u00e9ritiers.<\/p>\n\n\n\n<p class=\"wp-block-paragraph\">On fera tout cela au nom de ce qu\u2019ils appellent <em><strong>\u00ab&nbsp;la diversit\u00e9 des intelligences&nbsp;\u00bb<\/strong><\/em>\u2026<\/p>\n\n\n\n<p class=\"wp-block-paragraph\">Ce n\u2019est donc pas seulement les enseignants qui seront choisis (cf. ce que j\u2019ai dit il y a un instant sur \u2018<em>\u2019le libre recrutement\u2019\u2019<\/em>), mais les \u00e9l\u00e8ves aussi.<\/p>\n\n\n\n<p class=\"wp-block-paragraph\">Tel est le sens des critiques r\u00e9p\u00e9t\u00e9es de Blanquer contre l\u2019\u00e9galitarisme. <strong>L\u2019id\u00e9e c\u2019est que tous les \u00e9l\u00e8ves ne peuvent acc\u00e9der aux m\u00eames savoirs. <\/strong>Il faut donc diff\u00e9rencier l\u2019offre \u00e9ducative. Et laisser les \u00e9l\u00e8ves et les familles choisir l\u2019\u00e9tablissement qui leur convient le mieux. A charge pour eux d\u2019assumer, par la suite, la responsabilit\u00e9 de leurs (bons ou mauvais) choix.<\/p>\n\n\n\n<h3 class=\"wp-block-heading has-text-align-center\"><strong><mark style=\"background-color:rgba(0, 0, 0, 0)\" class=\"has-inline-color has-luminous-vivid-orange-color\">5. Conclusion\u00a0: une feuille de route qui suscite souffrances et r\u00e9sistances<\/mark><\/strong><\/h3>\n\n\n\n<h4 class=\"wp-block-heading\">Des souffrances et des r\u00e9sistances \u00e0 plusieurs niveaux&nbsp;:<\/h4>\n\n\n\n<ul class=\"wp-block-list\">\n<li><strong>Les personnels de terrain<\/strong> sont en souffrance mais somm\u00e9s de se taire, d\u2019ob\u00e9ir, de se soumettre&nbsp;; le \u2018\u2019prof-bashing\u2019\u2019 vient compl\u00e9ter et consolider cela en discr\u00e9ditant les enseignants et en les coupant des parents&nbsp;; la remise en cause du statut des enseignants a aussi pour r\u00f4le de les inciter \u00e0 courber l\u2019\u00e9chine&nbsp;;<\/li>\n\n\n\n<li><strong>Les chefs d\u2019\u00e9tablissements<\/strong>, sur beaucoup de sujets, sont plac\u00e9s devant le fait accompli, somm\u00e9s d\u2019appliquer sans broncher des consignes concoct\u00e9es sans concertation dans les bureaux minist\u00e9riels&nbsp;; fait rarissime&nbsp;: ils ont annonc\u00e9 leur intention de boycotter fin ao\u00fbt les r\u00e9unions de rentr\u00e9e de leur administration&nbsp;!<\/li>\n\n\n\n<li><strong>Les cadres interm\u00e9diaires<\/strong> \u2013 inspecteurs p\u00e9dagogiques, inspecteurs d\u2019acad\u00e9mie \u2013 sont court-circuit\u00e9s&nbsp;; aussi bien, soumis \u00e0 d\u2019innombrables <em>\u2018\u2019indicateurs de gestion et de performances\u2019\u2019<\/em>, et constamment affair\u00e9s \u00e0 remonter des tableaux statistiques, ils ne sont plus en phase avec le monde enseignant&nbsp;;<\/li>\n\n\n\n<li>Encore plus inhabituel&nbsp;: des hauts fonctionnaires d\u00e9noncent ce qu\u2019ils appellent un <em><strong>\u00ab&nbsp;projet r\u00e9actionnaire&nbsp;\u00bb<\/strong><\/em>&nbsp;;<\/li>\n\n\n\n<li><strong>Et n\u2019ayons garde d\u2019oublier les \u00e9l\u00e8ves<\/strong>, dont le parcours scolaire prend plus que jamais les allures d\u2019un parcours d\u2019obstacles.<\/li>\n<\/ul>\n\n\n\n<p class=\"wp-block-paragraph\">Mais de tout cela le ministre n\u2019en a cure&nbsp;! Il a \u00e9t\u00e9 maintenu \u00e0 son poste&nbsp;; il va pers\u00e9v\u00e9rer dans son \u00eatre, et d\u00e9velopper d\u2019un bon pas sa <em><strong>\u00ab&nbsp;strat\u00e9gie du choc&nbsp;\u00bb <\/strong><\/em>en maintenant sur le syst\u00e8me une chape de plomb.<\/p>\n\n\n\n<p class=\"wp-block-paragraph\">Il est urgent que le camp du progr\u00e8s construise une contre-expertise et engage le fer pour une v\u00e9ritable \u00e9cole d\u00e9mocratique.<\/p>\n\n\n\n<p class=\"has-text-align-right wp-block-paragraph\">Daniel Amedro Inspecteur d&rsquo;acad\u00e9mie \u00e0 la retraite<\/p>\n\n\n\n<p class=\"wp-block-paragraph\"><\/p>\n\n\n\n<p class=\"wp-block-paragraph\"><strong>Sources<\/strong>&nbsp;:<\/p>\n\n\n\n<ul class=\"wp-block-list\">\n<li><em>Jean-Michel Blanquer, Une politique scolaire et de droite et de droite,<\/em> par <strong>Alain Beitone<\/strong> (<a href=\"https:\/\/www.democratisation-scolaire.fr\/spip.php?article260\">https:\/\/www.democratisation-scolaire.fr\/spip.php?article260<\/a> )<\/li>\n<\/ul>\n\n\n\n<ul class=\"wp-block-list\">\n<li><em>La strat\u00e9gie du choc scolaire<\/em>, par <strong>Julien Cristofoli<\/strong> (<a href=\"https:\/\/blogs.mediapart.fr\/julien-cristofoli\/blog\/180620\/la-strategie-du-choc-scolaire\">https:\/\/blogs.mediapart.fr\/julien-cristofoli\/blog\/180620\/la-strategie-du-choc-scolaire<\/a> )<\/li>\n\n\n\n<li><em>Blanquer met l\u2019\u00e9valuation au centre de sa politique \u00e9ducative, par <\/em><strong>Fran\u00e7ois Jarraud<\/strong><em> (<a href=\"http:\/\/www.cafepedagogique.net\/lexpresso\/Pages\/2018\/08\/23082018Article636706085596746981.aspx\">http:\/\/www.cafepedagogique.net\/lexpresso\/Pages\/2018\/08\/23082018Article636706085596746981.aspx<\/a> )<\/em><\/li>\n\n\n\n<li><em>La nouvelle id\u00e9ologie scolaire, <\/em>par <strong>Fran\u00e7ois Dubet<\/strong><em> (<a href=\"https:\/\/laviedesidees.fr\/La-nouvelle-ideologie-scolaire.html\">https:\/\/laviedesidees.fr\/La-nouvelle-ideologie-scolaire.html<\/a> )<\/em><\/li>\n\n\n\n<li><em>Un haut fonctionnaire parle\u2026, <\/em>par <strong>Maurice Danicourt<\/strong> (pseudonyme)<em> (<a href=\"http:\/\/www.cafepedagogique.net\/lexpresso\/Pages\/2020\/05\/14052020Article637250435761243497.aspx\">http:\/\/www.cafepedagogique.net\/lexpresso\/Pages\/2020\/05\/14052020Article637250435761243497.aspx<\/a> )<\/em><\/li>\n\n\n\n<li><em>Des hauts fonctionnaires du minist\u00e8re d\u00e9noncent le projet r\u00e9actionnaire de J.M. Blanquer, <\/em>par le <strong>groupe Grenelle<\/strong><em> (<a href=\"http:\/\/www.cafepedagogique.net\/lexpresso\/Pages\/2020\/05\/14052020Article637250435761243497.aspx\">http:\/\/www.cafepedagogique.net\/lexpresso\/Pages\/2020\/05\/14052020Article637250435761243497.aspx<\/a> )<\/em><\/li>\n<\/ul>\n","protected":false},"excerpt":{"rendered":"<p>Publi\u00e9 dans \u00ab\u00a0Syst\u00e8me \u00e9ducatif\u00a0\u00bb Alors que la rentr\u00e9e scolaire approche, il me para\u00eet utile de nous int\u00e9resser \u00e0 la politique scolaire de Jean-Michel Blanquer. Cette politique se d\u00e9ploie, depuis trois ans, dans un grand nombre de directions avec beaucoup de d\u00e9termination, et en bravant non seulement le m\u00e9contentement des enseignants, mais aussi celui \u2013 croissant&hellip; <a class=\"more-link\" href=\"https:\/\/education-bien-commun.fr\/?p=1397\">Lire la suite <span class=\"screen-reader-text\">La politique scolaire de Jean-Michel Blanquer<\/span><\/a><\/p>\n","protected":false},"author":3,"featured_media":0,"comment_status":"open","ping_status":"open","sticky":false,"template":"","format":"standard","meta":{"_jetpack_newsletter_access":"","_jetpack_dont_email_post_to_subs":false,"_jetpack_newsletter_tier_id":0,"_jetpack_memberships_contains_paywalled_content":false,"_jetpack_feature_clip_id":0,"_jetpack_memberships_contains_paid_content":false,"footnotes":"","jetpack_post_was_ever_published":false},"categories":[43,47,81,95,96],"tags":[],"class_list":["post-1397","post","type-post","status-publish","format-standard","hentry","category-eleve","category-enseignement","category-politique-educative","category-souffrance","category-systeme-educatif"],"jetpack_sharing_enabled":true,"jetpack_featured_media_url":"","_links":{"self":[{"href":"https:\/\/education-bien-commun.fr\/index.php?rest_route=\/wp\/v2\/posts\/1397","targetHints":{"allow":["GET"]}}],"collection":[{"href":"https:\/\/education-bien-commun.fr\/index.php?rest_route=\/wp\/v2\/posts"}],"about":[{"href":"https:\/\/education-bien-commun.fr\/index.php?rest_route=\/wp\/v2\/types\/post"}],"author":[{"embeddable":true,"href":"https:\/\/education-bien-commun.fr\/index.php?rest_route=\/wp\/v2\/users\/3"}],"replies":[{"embeddable":true,"href":"https:\/\/education-bien-commun.fr\/index.php?rest_route=%2Fwp%2Fv2%2Fcomments&post=1397"}],"version-history":[{"count":0,"href":"https:\/\/education-bien-commun.fr\/index.php?rest_route=\/wp\/v2\/posts\/1397\/revisions"}],"wp:attachment":[{"href":"https:\/\/education-bien-commun.fr\/index.php?rest_route=%2Fwp%2Fv2%2Fmedia&parent=1397"}],"wp:term":[{"taxonomy":"category","embeddable":true,"href":"https:\/\/education-bien-commun.fr\/index.php?rest_route=%2Fwp%2Fv2%2Fcategories&post=1397"},{"taxonomy":"post_tag","embeddable":true,"href":"https:\/\/education-bien-commun.fr\/index.php?rest_route=%2Fwp%2Fv2%2Ftags&post=1397"}],"curies":[{"name":"wp","href":"https:\/\/api.w.org\/{rel}","templated":true}]}}