{"id":1454,"date":"2020-08-28T16:45:23","date_gmt":"2020-08-28T14:45:23","guid":{"rendered":"http:\/\/educationbiencommun.fr\/?p=1454"},"modified":"2020-08-28T16:45:23","modified_gmt":"2020-08-28T14:45:23","slug":"la-rentree-scolaire-2020","status":"publish","type":"post","link":"https:\/\/education-bien-commun.fr\/?p=1454","title":{"rendered":"La rentr\u00e9e scolaire 2020&#8230;"},"content":{"rendered":"\n<p class=\"wp-block-paragraph\">Publi\u00e9 dans \u00ab\u00a0Conventions citoyennes\u00a0\u00bb<\/p>\n\n\n\n<p class=\"wp-block-paragraph\">&#8230; devrait rendre audible notre discours (force est de constater qu\u2019il ne n&rsquo;est pas encore&nbsp; !) La situation de cette rentr\u00e9e illustre celles que vont vivre les enfants au \u00ab&nbsp;jour d\u2019apr\u00e8s&nbsp;\u00bb. Un \u00e9v\u00e8nement mondial perturbe une vie courante d\u00e9j\u00e0 difficile pour beaucoup.<\/p>\n\n\n\n<p class=\"wp-block-paragraph\">Les enfants qui sont en majorit\u00e9, dans des conditions mat\u00e9rielles m\u00e9diocres vivent un \u00e9v\u00e8nement qui inqui\u00e8te le monde entier, sans r\u00e9ellement le comprendre. Ils ressentent, chacun \u00e0 leur mani\u00e8re, les peurs des adultes. Celles-ci ont pu se traduire  pendant le confinement en violences conjugales, parfois sous leurs yeux, et depuis le d\u00e9confinement et cette rentr\u00e9e, en violences dans la rue, \u00e0 la t\u00e9l\u00e9, le masque, l\u2019impossibilit\u00e9 de vivre pleinement une enfance qui court, joue, chahute, \u00e9chappe aux adultes.<\/p>\n\n\n\n<h3 class=\"wp-block-heading\">Retour du syst\u00e8me \u00e9ducatif inchang\u00e9&#8230;<\/h3>\n\n\n\n<p class=\"wp-block-paragraph\">La joie de retrouver les camarades de parler et rire avec eux est \u00e9videmment bienvenue, m\u00eame appauvrie par les mesures d\u2019hygi\u00e8ne. <strong>Mais les enfants et les adolescents vont retrouver, h\u00e9las, un syst\u00e8me \u00e9ducatif qui entend ignorer l\u2019accident, poursuivre la r\u00e9alisation des programmes, r\u00e9aliser les \u00e9valuations, aux dates fix\u00e9es, r\u00e9duire au maximum la \u00ab&nbsp;libert\u00e9 p\u00e9dagogique&nbsp;\u00bb des enseignants, les tayloriser. <\/strong>Un syst\u00e8me fonctionnant comme une entreprise archa\u00efque, r\u00e9trograde, avec division du travail parcellisation des t\u00e2ches, objectifs de production.<\/p>\n\n\n\n<p class=\"wp-block-paragraph\"><strong>Gramsci critiquait le taylorisme<\/strong> qui ne mettait pas les machines au service de l\u2019Homme, mais l\u2019Homme au service des machines. On peut le paraphraser&nbsp;: <strong>le syst\u00e8me \u00e9ducatif n\u2019est pas au service de l\u2019enfant mais au service du syst\u00e8me et de ses examens, lui-m\u00eame au service de la reproduction sociale.<\/strong><\/p>\n\n\n\n<h3 class=\"wp-block-heading\">Comment accueillir les \u00e9l\u00e8ves ?<\/h3>\n\n\n\n<p class=\"wp-block-paragraph\">Au&nbsp; \u00ab&nbsp;jour d\u2019apr\u00e8s&nbsp;\u00bb, comme aujourd\u2019hui, les enfants auront besoin de savoir, de comprendre les&nbsp;\u00e9v\u00e8nements d\u2019en parler, d\u2019exprimer leurs peurs, de raconter comment ils les ont v\u00e9cues, d\u2019admettre et\/ou discuter les mesures \u00e0 prendre, y participer, d\u2019imaginer les moyens de vivre quand m\u00eame leur enfance. Tout cela donnant mati\u00e8re \u00e0 leurs apprentissages \u00ab&nbsp;fondamentaux&nbsp;\u00bb et \u00e0 l\u2019expression de leur potentiel d\u2019intelligence, de cr\u00e9ativit\u00e9 et en cons\u00e9quence \u00e0 une modification de leur statut. Cette id\u00e9e commence \u00e0 prendre corps et tr\u00e8s bient\u00f4t&#8230;<\/p>\n\n\n\n<h3 class=\"wp-block-heading\">&#8230; notre Collectif va publier un appel&#8230; <\/h3>\n\n\n\n<p class=\"wp-block-paragraph\">pour que cette id\u00e9e se structure et fasse l\u2019objet d\u2019un premier d\u00e9bat. <strong>En esp\u00e9rant qu\u2019une Convention Citoyenne soit consacr\u00e9e un jour \u00e0 ce sujet important.<\/strong><\/p>\n\n\n\n<p class=\"wp-block-paragraph\">En ce moment le texte de l&rsquo;appel est discut\u00e9 et amend\u00e9 par les membres de notre Collectif.<\/p>\n\n\n\n<p class=\"has-text-align-right wp-block-paragraph\">Raymond Millot 28 08 20<\/p>\n","protected":false},"excerpt":{"rendered":"<p>Publi\u00e9 dans \u00ab\u00a0Conventions citoyennes\u00a0\u00bb &#8230; devrait rendre audible notre discours (force est de constater qu\u2019il ne n&rsquo;est pas encore&nbsp; !) La situation de cette rentr\u00e9e illustre celles que vont vivre les enfants au \u00ab&nbsp;jour d\u2019apr\u00e8s&nbsp;\u00bb. Un \u00e9v\u00e8nement mondial perturbe une vie courante d\u00e9j\u00e0 difficile pour beaucoup. Les enfants qui sont en majorit\u00e9, dans des conditions&hellip; <a class=\"more-link\" href=\"https:\/\/education-bien-commun.fr\/?p=1454\">Lire la suite <span class=\"screen-reader-text\">La rentr\u00e9e scolaire 2020&#8230;<\/span><\/a><\/p>\n","protected":false},"author":3,"featured_media":0,"comment_status":"open","ping_status":"open","sticky":false,"template":"","format":"standard","meta":{"_jetpack_newsletter_access":"","_jetpack_dont_email_post_to_subs":false,"_jetpack_newsletter_tier_id":0,"_jetpack_memberships_contains_paywalled_content":false,"_jetpack_feature_clip_id":0,"_jetpack_memberships_contains_paid_content":false,"footnotes":"","jetpack_post_was_ever_published":false},"categories":[23,37,43,74,75,78,92,96],"tags":[],"class_list":["post-1454","post","type-post","status-publish","format-standard","hentry","category-convention-citoyenne","category-ecole","category-eleve","category-parole","category-pedagogie","category-penser","category-savoirs","category-systeme-educatif"],"jetpack_sharing_enabled":true,"jetpack_featured_media_url":"","_links":{"self":[{"href":"https:\/\/education-bien-commun.fr\/index.php?rest_route=\/wp\/v2\/posts\/1454","targetHints":{"allow":["GET"]}}],"collection":[{"href":"https:\/\/education-bien-commun.fr\/index.php?rest_route=\/wp\/v2\/posts"}],"about":[{"href":"https:\/\/education-bien-commun.fr\/index.php?rest_route=\/wp\/v2\/types\/post"}],"author":[{"embeddable":true,"href":"https:\/\/education-bien-commun.fr\/index.php?rest_route=\/wp\/v2\/users\/3"}],"replies":[{"embeddable":true,"href":"https:\/\/education-bien-commun.fr\/index.php?rest_route=%2Fwp%2Fv2%2Fcomments&post=1454"}],"version-history":[{"count":0,"href":"https:\/\/education-bien-commun.fr\/index.php?rest_route=\/wp\/v2\/posts\/1454\/revisions"}],"wp:attachment":[{"href":"https:\/\/education-bien-commun.fr\/index.php?rest_route=%2Fwp%2Fv2%2Fmedia&parent=1454"}],"wp:term":[{"taxonomy":"category","embeddable":true,"href":"https:\/\/education-bien-commun.fr\/index.php?rest_route=%2Fwp%2Fv2%2Fcategories&post=1454"},{"taxonomy":"post_tag","embeddable":true,"href":"https:\/\/education-bien-commun.fr\/index.php?rest_route=%2Fwp%2Fv2%2Ftags&post=1454"}],"curies":[{"name":"wp","href":"https:\/\/api.w.org\/{rel}","templated":true}]}}