{"id":1813,"date":"2020-10-18T09:41:43","date_gmt":"2020-10-18T07:41:43","guid":{"rendered":"http:\/\/educationbiencommun.fr\/?p=1813"},"modified":"2020-10-18T09:41:43","modified_gmt":"2020-10-18T07:41:43","slug":"en-belgique","status":"publish","type":"post","link":"https:\/\/education-bien-commun.fr\/?p=1813","title":{"rendered":"En Belgique&#8230;"},"content":{"rendered":"\n<p class=\"wp-block-paragraph\">Publi\u00e9 dans T\u00e9moignages.<\/p>\n\n\n\n<p class=\"wp-block-paragraph\">En Belgique francophone, un grand pas en avant est en train de marquer l\u2019Education Nouvelle.<\/p>\n\n\n\n<p class=\"wp-block-paragraph\"><strong>Le Groupe Belge d\u2019Education Nouvelle<\/strong> y propose, en effet, une solide alternative aux insupportables examens externes chiffr\u00e9s qui guident tout l&rsquo;enseignement, \u00e0 la carence culturelle d&rsquo;une \u00e9cole qui ignore souvent <strong>la grave question de la survie de l&rsquo;humanit\u00e9 <\/strong>pour se centrer sur le rendement &lsquo;scolaire&rsquo; \u00e9troit et comp\u00e9titif sans cesse mesur\u00e9. Huit \u00e9coles publiques \u2013 dites \u2018officielles\u2019 &#8211; se sont engag\u00e9es dans une <strong>p\u00e9dagogie du chef-d\u2019\u0153uvre <\/strong>et d&rsquo;autres s&rsquo;y pr\u00e9parent.<\/p>\n\n\n\n<p class=\"wp-block-paragraph\">Ce r\u00e9cent <strong>courant \u2018\u00e9colocentr\u00e9\u2019<\/strong> fait surtout prendre une dimension nouvelle \u00e0 l&rsquo;acte d&rsquo;apprendre en invitant au&nbsp;<strong>partage<\/strong>&nbsp;des connaissances entre apprenants de tous niveaux, sans notation : on \u00e9labore des savoirs qui ont du sens &#8211; dont des expos\u00e9s interactifs et multidisciplinaires de deux\/trois heures ou plus en fin de cycle &#8211; , certes seul puis en groupe mais ici dans l&rsquo;intention manifeste d&rsquo;en faire profiter les autres sans soumission au professeur devenu d\u00e9sormais un alli\u00e9 bienveillant.<\/p>\n\n\n\n<p class=\"wp-block-paragraph\">On passe ainsi de la motivation externe usuelle b\u00e2ton\/carotte, \u00e0 un plaisir sans nuage.<\/p>\n\n\n\n<p class=\"wp-block-paragraph\">En enseignant\/transmettant\/faisant apprendre dans la joie, sans exclure, on apprend soi-m\u00eame deux fois tout en posant un acte citoyen de\u00a0<strong>rencontre<\/strong>\u00a0fraternelle.<\/p>\n\n\n\n<p class=\"has-text-align-right wp-block-paragraph\">Ch. P. <a href=\"mailto:pepinstercharles@yahoo.be\">pepinstercharles@yahoo.be<\/a><\/p>\n","protected":false},"excerpt":{"rendered":"<p>Publi\u00e9 dans T\u00e9moignages. En Belgique francophone, un grand pas en avant est en train de marquer l\u2019Education Nouvelle. Le Groupe Belge d\u2019Education Nouvelle y propose, en effet, une solide alternative aux insupportables examens externes chiffr\u00e9s qui guident tout l&rsquo;enseignement, \u00e0 la carence culturelle d&rsquo;une \u00e9cole qui ignore souvent la grave question de la survie de&hellip; <a class=\"more-link\" href=\"https:\/\/education-bien-commun.fr\/?p=1813\">Lire la suite <span class=\"screen-reader-text\">En Belgique&#8230;<\/span><\/a><\/p>\n","protected":false},"author":3,"featured_media":0,"comment_status":"open","ping_status":"open","sticky":false,"template":"","format":"standard","meta":{"_jetpack_newsletter_access":"","_jetpack_dont_email_post_to_subs":false,"_jetpack_newsletter_tier_id":0,"_jetpack_memberships_contains_paywalled_content":false,"_jetpack_feature_clip_id":0,"_jetpack_memberships_contains_paid_content":false,"footnotes":"","jetpack_post_was_ever_published":false},"categories":[5,8,18,22,24,37,43,44,47,51,66,71,75,76,81,85,92,94,96],"tags":[],"class_list":["post-1813","post","type-post","status-publish","format-standard","hentry","category-apprentissage","category-autonomie","category-competition","category-construction-du-savoir","category-cooperation","category-ecole","category-eleve","category-emancipation","category-enseignement","category-entraide","category-innovation","category-methodes-actives","category-pedagogie","category-pedagogie-du-chef-doeuvre","category-politique-educative","category-promotion-collective","category-savoirs","category-solidarite","category-systeme-educatif"],"jetpack_sharing_enabled":true,"jetpack_featured_media_url":"","_links":{"self":[{"href":"https:\/\/education-bien-commun.fr\/index.php?rest_route=\/wp\/v2\/posts\/1813","targetHints":{"allow":["GET"]}}],"collection":[{"href":"https:\/\/education-bien-commun.fr\/index.php?rest_route=\/wp\/v2\/posts"}],"about":[{"href":"https:\/\/education-bien-commun.fr\/index.php?rest_route=\/wp\/v2\/types\/post"}],"author":[{"embeddable":true,"href":"https:\/\/education-bien-commun.fr\/index.php?rest_route=\/wp\/v2\/users\/3"}],"replies":[{"embeddable":true,"href":"https:\/\/education-bien-commun.fr\/index.php?rest_route=%2Fwp%2Fv2%2Fcomments&post=1813"}],"version-history":[{"count":0,"href":"https:\/\/education-bien-commun.fr\/index.php?rest_route=\/wp\/v2\/posts\/1813\/revisions"}],"wp:attachment":[{"href":"https:\/\/education-bien-commun.fr\/index.php?rest_route=%2Fwp%2Fv2%2Fmedia&parent=1813"}],"wp:term":[{"taxonomy":"category","embeddable":true,"href":"https:\/\/education-bien-commun.fr\/index.php?rest_route=%2Fwp%2Fv2%2Fcategories&post=1813"},{"taxonomy":"post_tag","embeddable":true,"href":"https:\/\/education-bien-commun.fr\/index.php?rest_route=%2Fwp%2Fv2%2Ftags&post=1813"}],"curies":[{"name":"wp","href":"https:\/\/api.w.org\/{rel}","templated":true}]}}