{"id":1819,"date":"2020-10-18T10:14:52","date_gmt":"2020-10-18T08:14:52","guid":{"rendered":"http:\/\/educationbiencommun.fr\/?p=1819"},"modified":"2020-10-18T10:14:52","modified_gmt":"2020-10-18T08:14:52","slug":"en-belgique-partout","status":"publish","type":"post","link":"https:\/\/education-bien-commun.fr\/?p=1819","title":{"rendered":"En Belgique&#8230; partout !"},"content":{"rendered":"\n<p class=\"wp-block-paragraph\">Par Charles Pepinster, initiateur du Groupe Belge d\u2019Education Nouvelle\u00a0(GBEN) \u2013 p\u00e9dagogie du Chef-d\u2019Oeuvre. Publi\u00e9 dans Syst\u00e8me \u00e9ducatif<\/p>\n\n\n\n<p class=\"wp-block-paragraph\"><strong>Des \u00e9coles \u00e0 p\u00e9dagogie du chef-d\u2019\u0153uvre<\/strong> ont trouv\u00e9 un terrain favorable en Belgique pour se d\u00e9velopper en toute l\u00e9galit\u00e9 surtout dans l\u2019enseignement public.<\/p>\n\n\n\n<p class=\"wp-block-paragraph\">Est-ce r\u00e9aliste et r\u00e9alisable partout, m\u00eame en France jacobine, dans l\u2019opulent Luxembourg, chez les petits Suisses, dans la jolie Tunisie, au pays des Daciens, en Amazonie bolivienne\u00a0?<\/p>\n\n\n\n<p class=\"wp-block-paragraph\">Tendez l\u2019oreille et jetez un \u0153il, je vous explique&nbsp;le lien.<\/p>\n\n\n\n<h3 class=\"has-text-align-center wp-block-heading\"><mark style=\"background-color:rgba(0, 0, 0, 0);\" class=\"has-inline-color has-luminous-vivid-orange-color\">Dans un \u00e9tat d\u00e9mocratique, ce qui n\u2019est pas interdit est permis<\/mark><\/h3>\n\n\n\n<p class=\"wp-block-paragraph\">donc partout o\u00f9 on lit puis on adh\u00e8re \u00e0&nbsp;: \u00ab&nbsp;Du Chef-d\u2019\u0153uvre p\u00e9dagogique \u00e0 la p\u00e9dagogie du chef-d\u2019\u0153uvre&nbsp;\u00bb \u00e9dit\u00e9 chez Chronique sociale \u00e0 Lyon *, on peut jouer l\u2019audace \u00e9mancipatrice comme au pays de Magritte et de Tintin o\u00f9 \u00e7a commence \u00e0 se r\u00e9pandre.<\/p>\n\n\n\n<p class=\"wp-block-paragraph\">Donc, m\u00eame si, dans votre pays, vous \u00eates oblig\u00e9s, par voie l\u00e9gale, de mettre des notes \u00e0 vos \u00e9l\u00e8ves, la notation \u00e9tant clivante entre l\u2019\u00e9ducation traditionnelle et la p\u00e9dagogie ch\u00e8re \u00e0 nos c\u0153urs, vous pouvez\/devez transgresser intelligemment comme le pr\u00e9conisait Andr\u00e9 de Peretti et installer l\u2019Educ\/Nouv comme si partout vous \u00e9tiez dans ce petit royaume aux accents gaulois, couvre-chef de l\u2019Hexagone.<\/p>\n\n\n\n<h3 class=\"has-text-align-center wp-block-heading\"><mark style=\"background-color:rgba(0, 0, 0, 0);\" class=\"has-inline-color has-luminous-vivid-orange-color\">Voici deux exemples\u00a0:<\/mark><\/h3>\n\n\n\n<ol class=\"wp-block-list\"><li><strong>Cours de math\u00e9matique ou de langue ou de sciences ou de musique <\/strong>: vous respectez le programme et l\u2019obligation \u00e9ventuelle de mettre des notes MAIS, puisque ce n\u2019est pas interdit, vous faites subir les \u00e9preuves (Oh&nbsp;!) \u00e0 des duos successifs et non plus \u00e0 des individus isol\u00e9s, punis s\u2019ils s\u2019entraident.<\/li><\/ol>\n\n\n\n<p class=\"wp-block-paragraph\">Je m\u2019explique&nbsp;: les \u00e9l\u00e8ves sont pr\u00e9venus qu\u2019ils doivent bien \u00e9tudier leur le\u00e7on de maths, d\u2019anglais, de physique, pouvoir solfier une partition simple\u2026 pour r\u00e9pondre \u00e0 deux, livre ferm\u00e9, et ceci \u00e0 deux reprises aux questions du prof (c\u2019est celui-ci qui constitue les duos).<\/p>\n\n\n\n<p class=\"wp-block-paragraph\">Dans un premier temps, A et B r\u00e9pondent ensemble le mieux possible. Puis, dans un second temps, A rencontre C et B fait \u00e9quipe avec E ou F ou G&nbsp;\u2026 qui viennent d\u00e9j\u00e0 de r\u00e9pondre de leur c\u00f4t\u00e9. Ce second et nouveau duo, reprend les questions de l\u2019interro et y r\u00e9pond le plus ad\u00e9quatement possible.<\/p>\n\n\n\n<p class=\"wp-block-paragraph\">Ensuite, on forme de fa\u00e7on al\u00e9atoire des quatuors qui r\u00e9alisent chacun une grande affiche avec les r\u00e9ponses. Pour l\u2019\u00e9valuation, qui incombe d\u00e9sormais aux \u00e9l\u00e8ves et plus au professeur, les affiches passent d\u2019un quatuor \u00e0 l\u2019autre&nbsp;; on y souligne en rouge tout ce qui para\u00eet exact et on ajoute en vert d\u2019\u00e9ventuelles corrections, d\u2019\u00e9ventuels ajouts, avec ou sans l\u2019aide du professeur toujours disponible.<\/p>\n\n\n\n<p class=\"wp-block-paragraph\">Enfin, chaque quatuor retrouve son affiche \u00e0 laquelle il attribue lui-m\u00eame une note, note qui figurera sur le bulletin de chaque \u00e9quipier&nbsp;: socio-notation<\/p>\n\n\n\n<p class=\"wp-block-paragraph\">C\u2019est \u00e7a, <strong>l\u2019auto-socio-\u00e9valuation<\/strong>, un moment d\u2019apprentissage et plus de s\u00e9lection. On casse la machine \u00e0 exclure qu\u2019on remplace par <strong>une machine \u00e0 apprendre non seulement la mati\u00e8re mais aussi la citoyennet\u00e9.<\/strong> Oui, il faut faire sauter ce terrible verrou qu\u2019est le chiffrage arbitraire des \u00e9l\u00e8ves, la marchandisation du savoir, la sp\u00e9culation, la tricherie\u2026 en le contournant.<\/p>\n\n\n\n<p class=\"wp-block-paragraph\">Sinon bernique, pas de v\u00e9ritable r\u00e9volution \u00e9ducative. Et ce dynamitage est possible partout, pas seulement chez ceux qui tirent au cul comme le chantent les l\u00e9gionnaires dans&nbsp;: \u00ab&nbsp;Tiens, voil\u00e0 du boudin.&nbsp;\u00bb<\/p>\n\n\n\n<p class=\"wp-block-paragraph\">Mais oui, un prof au volant de son automobile, ne fonce pas dans un obstacle sur sa route, il le contourne adroitement. Pourquoi n\u2019en ferait-il pas autant en classe lorsqu\u2019il doit faire subir des \u00e9preuves \u00e0 ses \u00e9l\u00e8ves et les noter la mort dans l\u2019\u00e2me&nbsp;?<\/p>\n\n\n\n<p class=\"wp-block-paragraph\"><strong>2. Second champ de bataille p\u00e9dagogique&nbsp;: les devoirs du soir. Place aux devoirs au choix libres.<\/strong><\/p>\n\n\n\n<p class=\"wp-block-paragraph\">Dans la p\u00e9dagogie du chef-d\u2019\u0153uvre (*), les \u00e9l\u00e8ves qui le souhaitent pr\u00e9parent chez eux un truc qui risque d\u2019int\u00e9resser les condisciples, par exemple un mot crois\u00e9 g\u00e9ant, une sonate de Franz Schubert, un tour de magie, un po\u00e8me, une blague belge.<\/p>\n\n\n\n<p class=\"wp-block-paragraph\">Ainsi, les jeunes cessent de se soumettre \u00e0 un ma\u00eetre mais ils partagent leurs savoirs dans un climat de confiance o\u00f9 tous sont capables d\u2019inventer, d\u2019apprivoiser la peur petit \u00e0 petit, de s\u2019engager, de s\u2019estimer. Cette pratique constitue un entra\u00eenement \u00e0 prendre la parole en public, capacit\u00e9 exalt\u00e9e par la pr\u00e9sentation d\u2019un chef-d\u2019\u0153uvre p\u00e9dagogique en fin de cycle.<\/p>\n\n\n\n<p class=\"wp-block-paragraph\">Bref, partout, et pas seulement en Belgique o\u00f9 la libert\u00e9 des m\u00e9thodes est garantie aux \u00e9coles par la loi, les enseignants peuvent pratiquer l\u2019Education Nouvelle en toute s\u00e9r\u00e9nit\u00e9. Fini de se cacher derri\u00e8re son petit doigt&nbsp;:&nbsp;\u00ab&nbsp;Oui, chez vous c\u2019est possible mais chez nous\u2026les parents, l\u2019inspecteur, le r\u00e8glement&nbsp;!&nbsp;\u00bb<\/p>\n\n\n\n<p class=\"wp-block-paragraph\">Non, qui veut peut, partout, hardi, hardi&nbsp;!<\/p>\n\n\n\n<p class=\"wp-block-paragraph\"><strong>Mais attention&nbsp;! <\/strong>Mieux vaut agir discr\u00e8tement car si la libert\u00e9 des m\u00e9thodes existe dans certains pays, les directions d\u2019\u00e9tablissement usent parfois\/souvent de cette latitude pour, dans un r\u00e8glement d\u2019ordre int\u00e9rieur \u2018obliger\u2019 ses profs \u00e0 noter comme d\u2019habitude des interros individuelles, \u00e0 disposer d\u2019un carnet de notes pour participer aux conseils de classe.<\/p>\n\n\n\n<p class=\"wp-block-paragraph\">La notation est comme un Ph\u00e9nix qui rena\u00eet toujours de ses cendres. Rares sont les Hercule de la p\u00e9dagogie qui coupent la t\u00eate principale \u00e0 l\u2019Hydre de Lerne moderne qui empuante l\u2019\u00e9cole.<\/p>\n\n\n\n<p class=\"wp-block-paragraph\">Discr\u00e9tion donc. Il est bon d\u2019accumuler les t\u00e9moignages positifs des \u00e9l\u00e8ves pour<\/p>\n\n\n\n<p class=\"wp-block-paragraph\">riposter s\u2019il \u00e9chet\u2026<\/p>\n\n\n\n<p class=\"wp-block-paragraph\">Une autre fa\u00e7on de proc\u00e9der, c\u2019est d\u2019exp\u00e9rimenter l\u2019auto-socio-\u00e9valuation discr\u00e8tement dans sa classe, recueillir les r\u00e9actions \u00e9crites des \u00e9l\u00e8ves et, muni de ce tr\u00e9sor, rencontrer la direction pour r\u00e9v\u00e9ler la nouvelle approche et ses avantages et pour n\u00e9gocier un virage exaltant. Si plusieurs profs se liguent\u2026S\u2019ils sont accompagn\u00e9s d\u2019\u00e9l\u00e8ves enthousiastes\u2026<\/p>\n\n\n\n<p class=\"has-text-align-right wp-block-paragraph\">Ch. P. <a href=\"mailto:pepinstercharles@yahoo.be\">pepinstercharles@yahoo.be<\/a> (GBEN)<\/p>\n\n\n\n<p class=\"has-text-align-right wp-block-paragraph\">initiateur du Groupe Belge d\u2019Education Nouvelle\u00a0(GBEN) \u2013 p\u00e9dagogie du Chef-d\u2019Oeuvre. <\/p>\n\n\n\n<p class=\"wp-block-paragraph\">(*)  Le 5 octobre 2018, au Salon de l&rsquo;Education de Bruxelles, L\u00e9onard Guillaume, Jean-Fran\u00e7ois Manil et moi avons pr\u00e9sent\u00e9 notre livre collectif : <strong>\u00ab\u00a0<em>Du chef-d\u2019\u0153uvre p\u00e9dagogique \u00e0 la p\u00e9dagogie du chef-d\u2019\u0153uvre<\/em>\u00a0\u00bb&nbsp;<\/strong>&nbsp;\u00e0 une assembl\u00e9e de 90 personnes.<\/p>\n\n\n\n<p class=\"wp-block-paragraph\">&nbsp;Encore un bouquin de plus ! Pourquoi ?&nbsp;<\/p>\n\n\n\n<p class=\"wp-block-paragraph\">&nbsp;<strong>Parce qu&rsquo;il fait faire un bond en avant \u00e0 l&rsquo;Education Nouvelle.<\/strong><\/p>\n\n\n\n<p class=\"wp-block-paragraph\">Celui-ci propose, en effet, <strong>une solide alternative aux insupportables examens externes chiffr\u00e9s <\/strong>qui guident tout l&rsquo;enseignement, \u00e0 la carence culturelle d&rsquo;une \u00e9cole g\u00e9n\u00e9ralement centr\u00e9e sur le <strong>rendement &lsquo;scolaire&rsquo; \u00e9troit et comp\u00e9titif sans cesse mesur\u00e9.<\/strong>&nbsp;<\/p>\n\n\n\n<p class=\"wp-block-paragraph\">Il montre surtout une dimension nouvelle \u00e0 l&rsquo;acte d&rsquo;apprendre en invitant au partage des connaissances entre apprenants de tous niveaux : on \u00e9labore <strong>des savoirs qui ont du sens<\/strong>, certes seul puis en groupe pour soi-m\u00eame <strong>mais ici dans l&rsquo;intention manifeste d&rsquo;en faire b\u00e9n\u00e9ficier les autres<\/strong>.<\/p>\n\n\n\n<p class=\"wp-block-paragraph\">En enseignant\/transmettant\/faisant apprendre, on apprend soi-m\u00eame deux fois tout en posant un acte citoyen de rencontre fraternelle.&nbsp;<\/p>\n","protected":false},"excerpt":{"rendered":"<p>Par Charles Pepinster, initiateur du Groupe Belge d\u2019Education Nouvelle\u00a0(GBEN) \u2013 p\u00e9dagogie du Chef-d\u2019Oeuvre. Publi\u00e9 dans Syst\u00e8me \u00e9ducatif Des \u00e9coles \u00e0 p\u00e9dagogie du chef-d\u2019\u0153uvre ont trouv\u00e9 un terrain favorable en Belgique pour se d\u00e9velopper en toute l\u00e9galit\u00e9 surtout dans l\u2019enseignement public. Est-ce r\u00e9aliste et r\u00e9alisable partout, m\u00eame en France jacobine, dans l\u2019opulent Luxembourg, chez les petits&hellip; <a class=\"more-link\" href=\"https:\/\/education-bien-commun.fr\/?p=1819\">Lire la suite <span class=\"screen-reader-text\">En Belgique&#8230; partout !<\/span><\/a><\/p>\n","protected":false},"author":3,"featured_media":0,"comment_status":"open","ping_status":"open","sticky":false,"template":"","format":"standard","meta":{"_jetpack_newsletter_access":"","_jetpack_dont_email_post_to_subs":false,"_jetpack_newsletter_tier_id":0,"_jetpack_memberships_contains_paywalled_content":false,"_jetpack_feature_clip_id":0,"_jetpack_memberships_contains_paid_content":false,"footnotes":"","jetpack_post_was_ever_published":false},"categories":[5,8,14,18,22,24,37,44,66,71,75,76,81,85,92,94,96],"tags":[],"class_list":["post-1819","post","type-post","status-publish","format-standard","hentry","category-apprentissage","category-autonomie","category-citoyennete","category-competition","category-construction-du-savoir","category-cooperation","category-ecole","category-emancipation","category-innovation","category-methodes-actives","category-pedagogie","category-pedagogie-du-chef-doeuvre","category-politique-educative","category-promotion-collective","category-savoirs","category-solidarite","category-systeme-educatif"],"jetpack_sharing_enabled":true,"jetpack_featured_media_url":"","_links":{"self":[{"href":"https:\/\/education-bien-commun.fr\/index.php?rest_route=\/wp\/v2\/posts\/1819","targetHints":{"allow":["GET"]}}],"collection":[{"href":"https:\/\/education-bien-commun.fr\/index.php?rest_route=\/wp\/v2\/posts"}],"about":[{"href":"https:\/\/education-bien-commun.fr\/index.php?rest_route=\/wp\/v2\/types\/post"}],"author":[{"embeddable":true,"href":"https:\/\/education-bien-commun.fr\/index.php?rest_route=\/wp\/v2\/users\/3"}],"replies":[{"embeddable":true,"href":"https:\/\/education-bien-commun.fr\/index.php?rest_route=%2Fwp%2Fv2%2Fcomments&post=1819"}],"version-history":[{"count":0,"href":"https:\/\/education-bien-commun.fr\/index.php?rest_route=\/wp\/v2\/posts\/1819\/revisions"}],"wp:attachment":[{"href":"https:\/\/education-bien-commun.fr\/index.php?rest_route=%2Fwp%2Fv2%2Fmedia&parent=1819"}],"wp:term":[{"taxonomy":"category","embeddable":true,"href":"https:\/\/education-bien-commun.fr\/index.php?rest_route=%2Fwp%2Fv2%2Fcategories&post=1819"},{"taxonomy":"post_tag","embeddable":true,"href":"https:\/\/education-bien-commun.fr\/index.php?rest_route=%2Fwp%2Fv2%2Ftags&post=1819"}],"curies":[{"name":"wp","href":"https:\/\/api.w.org\/{rel}","templated":true}]}}