{"id":1858,"date":"2020-10-21T09:16:09","date_gmt":"2020-10-21T07:16:09","guid":{"rendered":"http:\/\/educationbiencommun.fr\/?p=1858"},"modified":"2020-10-21T09:16:09","modified_gmt":"2020-10-21T07:16:09","slug":"une-heure-avec-bruno-latour","status":"publish","type":"post","link":"https:\/\/education-bien-commun.fr\/?p=1858","title":{"rendered":"Une heure avec Bruno Latour"},"content":{"rendered":"\n<p class=\"wp-block-paragraph\">Le 18 octobre, une heure avec Bruno Latour, dans C POLITIQUE, l&rsquo;\u00e9mission de fin d&rsquo;apr\u00e8s-midi de la Cinq. Il est philosophe et anthropologue des sciences. Pendant l&rsquo;\u00e9mission, il a d\u00e9velopp\u00e9 avec humour ce qu\u2019il \u00e9crivait dans le Monde du 25 septembre,\u00a0 \u00e0 propos de Macron et de sa lampe \u00e0 huile :<\/p>\n\n\n\n<p class=\"wp-block-paragraph\"> \u00ab\u00a0<em>Il est extraordinaire de voir ressusciter\u00a0 ce vieux clich\u00e9 d\u2019avant la crise du covid 19, alors que depuis six mois, tous les Fran\u00e7ais se demandent au contraire s\u2019ils ne pourraient pas se d\u00e9sintriquer de l\u2019irr\u00e9versible train du progr\u00e8s. Contrairement \u00e0 ce qu\u2019on veut nous faire croire, l\u2019\u00e9cologie ne porte pas seulement sur l\u2019agriculture, les for\u00eats, les esp\u00e8ces menac\u00e9es, elle est exactement aussi pertinente\u00a0 pour parler des villes, des industries, des circuits commerciaux, des innovations les plus pointues<\/em>\u00a0\u00bb\u00a0<\/p>\n\n\n\n<p class=\"wp-block-paragraph\"><strong>Ajoutons l\u2019\u00e9ducation<\/strong>\u00a0. \u00ab\u00a0<em>L\u2019\u00e9cologie, c\u2019est la suspicion g\u00e9n\u00e9rale port\u00e9e sur toutes les\u00a0 d\u00e9cisions pr\u00e9tendument irr\u00e9versibles pour permettre de reculer devant leurs cons\u00e9quences d\u00e9l\u00e9t\u00e8res\u00a0\u00bb<\/em>.\u00a0<strong>A l\u2019\u00e9cole<\/strong>, suspecter les effets d\u00e9l\u00e9t\u00e8res de l\u2019individualisme, de la notation , de la comp\u00e9tition, de la fragmentation en classes d\u2019\u00e2ge, des apprentissages d\u00e9pourvus de fonctionnalit\u00e9. Reculer devant\u00a0<em>les cons\u00e9quences<\/em>\u00a0: la reproduction de l\u2019ordre existant,<strong>\u00a0l\u2019impr\u00e9paration pour \u00ab\u00a0faire face au jour d\u2019apr\u00e8s\u00a0<\/strong><\/p>\n\n\n\n<p class=\"has-text-align-right wp-block-paragraph\">Raymond Millot<\/p>\n","protected":false},"excerpt":{"rendered":"<p>Le 18 octobre, une heure avec Bruno Latour, dans C POLITIQUE, l&rsquo;\u00e9mission de fin d&rsquo;apr\u00e8s-midi de la Cinq. Il est philosophe et anthropologue des sciences. Pendant l&rsquo;\u00e9mission, il a d\u00e9velopp\u00e9 avec humour ce qu\u2019il \u00e9crivait dans le Monde du 25 septembre,\u00a0 \u00e0 propos de Macron et de sa lampe \u00e0 huile : \u00ab\u00a0Il est extraordinaire&hellip; <a class=\"more-link\" href=\"https:\/\/education-bien-commun.fr\/?p=1858\">Lire la suite <span class=\"screen-reader-text\">Une heure avec Bruno Latour<\/span><\/a><\/p>\n","protected":false},"author":3,"featured_media":0,"comment_status":"open","ping_status":"open","sticky":false,"template":"","format":"standard","meta":{"_jetpack_newsletter_access":"","_jetpack_dont_email_post_to_subs":false,"_jetpack_newsletter_tier_id":0,"_jetpack_memberships_contains_paywalled_content":false,"_jetpack_feature_clip_id":0,"_jetpack_memberships_contains_paid_content":false,"footnotes":"","jetpack_post_was_ever_published":false},"categories":[5,17,18,24,37,38,52,80,97],"tags":[],"class_list":["post-1858","post","type-post","status-publish","format-standard","hentry","category-apprentissage","category-communs","category-competition","category-cooperation","category-ecole","category-ecologie","category-ere-de-lanthropocene","category-planification-ecologique","category-transition-ecologique"],"jetpack_sharing_enabled":true,"jetpack_featured_media_url":"","_links":{"self":[{"href":"https:\/\/education-bien-commun.fr\/index.php?rest_route=\/wp\/v2\/posts\/1858","targetHints":{"allow":["GET"]}}],"collection":[{"href":"https:\/\/education-bien-commun.fr\/index.php?rest_route=\/wp\/v2\/posts"}],"about":[{"href":"https:\/\/education-bien-commun.fr\/index.php?rest_route=\/wp\/v2\/types\/post"}],"author":[{"embeddable":true,"href":"https:\/\/education-bien-commun.fr\/index.php?rest_route=\/wp\/v2\/users\/3"}],"replies":[{"embeddable":true,"href":"https:\/\/education-bien-commun.fr\/index.php?rest_route=%2Fwp%2Fv2%2Fcomments&post=1858"}],"version-history":[{"count":0,"href":"https:\/\/education-bien-commun.fr\/index.php?rest_route=\/wp\/v2\/posts\/1858\/revisions"}],"wp:attachment":[{"href":"https:\/\/education-bien-commun.fr\/index.php?rest_route=%2Fwp%2Fv2%2Fmedia&parent=1858"}],"wp:term":[{"taxonomy":"category","embeddable":true,"href":"https:\/\/education-bien-commun.fr\/index.php?rest_route=%2Fwp%2Fv2%2Fcategories&post=1858"},{"taxonomy":"post_tag","embeddable":true,"href":"https:\/\/education-bien-commun.fr\/index.php?rest_route=%2Fwp%2Fv2%2Ftags&post=1858"}],"curies":[{"name":"wp","href":"https:\/\/api.w.org\/{rel}","templated":true}]}}