{"id":2101,"date":"2020-11-21T13:22:08","date_gmt":"2020-11-21T12:22:08","guid":{"rendered":"http:\/\/educationbiencommun.fr\/?p=2101"},"modified":"2020-11-21T13:22:08","modified_gmt":"2020-11-21T12:22:08","slug":"parlons-de-resistance-de-desobeissance","status":"publish","type":"post","link":"https:\/\/education-bien-commun.fr\/?p=2101","title":{"rendered":"Parlons de r\u00e9sistance&#8230; de d\u00e9sob\u00e9issance&#8230;"},"content":{"rendered":"\n<p class=\"wp-block-paragraph\">Par Sylvie Pralong. Publi\u00e9 dans T\u00e9moignages<\/p>\n\n\n\n<p class=\"wp-block-paragraph\">Enseignante retrait\u00e9e depuis 2 ans, \u00e9cole \u00e9l\u00e9mentaire une vingtaine d&rsquo;ann\u00e9es et maternelle les 15 derni\u00e8res, <strong>j&rsquo;ai particip\u00e9 au mouvement des enseignants d\u00e9sob\u00e9isseurs<\/strong> au temps du ministre de l&rsquo;Education nationale Darcos, ainsi qu&rsquo;\u00e0 celui du <strong>Comit\u00e9 National de R\u00e9sistance \u00e0 Base El\u00e8ve<\/strong>. J&rsquo;ai toujours consid\u00e9r\u00e9 que la meilleure fa\u00e7on de d\u00e9sob\u00e9ir en conscience est de connaitre parfaitement les textes officiels afin de faire la part de ce qui est le texte de loi et sa mise en musique locale aux travers de circulaires qui vont souvent plus loin et demandent des choses qui ne sont pas dans le texte de loi, laissant croire que ces demandes sont obligatoires sous pr\u00e9texte qu&rsquo;elles sont \u00e9crites par des sup\u00e9rieurs hi\u00e9rarchiques. Mais la d\u00e9sob\u00e9issance ne peut s&rsquo;arr\u00eater aux circulaires et <strong>il est des textes de loi officiels qui ne peuvent \u00eatre accept\u00e9s car ils sont en contradiction avec des textes sup\u00e9rieurs tels que la Convention Internationale des Droits de l&rsquo;Enfant, par exemple.&nbsp;<\/strong>\u00bb<\/p>\n\n\n\n<p class=\"wp-block-paragraph\">Le 20 novembre est la Journ\u00e9e internationale des Droits de l&rsquo;Enfant. <strong><a href=\"https:\/\/www.unicef.fr\/dossier\/convention-internationale-des-droits-de-lenfant\">Lire ici<\/a><\/strong><\/p>\n\n\n\n<p class=\"has-text-align-right wp-block-paragraph\">Sylvie Pralong<\/p>\n","protected":false},"excerpt":{"rendered":"<p>Par Sylvie Pralong. Publi\u00e9 dans T\u00e9moignages Enseignante retrait\u00e9e depuis 2 ans, \u00e9cole \u00e9l\u00e9mentaire une vingtaine d&rsquo;ann\u00e9es et maternelle les 15 derni\u00e8res, j&rsquo;ai particip\u00e9 au mouvement des enseignants d\u00e9sob\u00e9isseurs au temps du ministre de l&rsquo;Education nationale Darcos, ainsi qu&rsquo;\u00e0 celui du Comit\u00e9 National de R\u00e9sistance \u00e0 Base El\u00e8ve. J&rsquo;ai toujours consid\u00e9r\u00e9 que la meilleure fa\u00e7on de&hellip; <a class=\"more-link\" href=\"https:\/\/education-bien-commun.fr\/?p=2101\">Lire la suite <span class=\"screen-reader-text\">Parlons de r\u00e9sistance&#8230; de d\u00e9sob\u00e9issance&#8230;<\/span><\/a><\/p>\n","protected":false},"author":3,"featured_media":0,"comment_status":"open","ping_status":"open","sticky":false,"template":"","format":"standard","meta":{"_jetpack_newsletter_access":"","_jetpack_dont_email_post_to_subs":false,"_jetpack_newsletter_tier_id":0,"_jetpack_memberships_contains_paywalled_content":false,"_jetpack_feature_clip_id":0,"_jetpack_memberships_contains_paid_content":false,"footnotes":"","jetpack_post_was_ever_published":false},"categories":[1],"tags":[],"class_list":["post-2101","post","type-post","status-publish","format-standard","hentry","category-non-classe"],"jetpack_sharing_enabled":true,"jetpack_featured_media_url":"","_links":{"self":[{"href":"https:\/\/education-bien-commun.fr\/index.php?rest_route=\/wp\/v2\/posts\/2101","targetHints":{"allow":["GET"]}}],"collection":[{"href":"https:\/\/education-bien-commun.fr\/index.php?rest_route=\/wp\/v2\/posts"}],"about":[{"href":"https:\/\/education-bien-commun.fr\/index.php?rest_route=\/wp\/v2\/types\/post"}],"author":[{"embeddable":true,"href":"https:\/\/education-bien-commun.fr\/index.php?rest_route=\/wp\/v2\/users\/3"}],"replies":[{"embeddable":true,"href":"https:\/\/education-bien-commun.fr\/index.php?rest_route=%2Fwp%2Fv2%2Fcomments&post=2101"}],"version-history":[{"count":0,"href":"https:\/\/education-bien-commun.fr\/index.php?rest_route=\/wp\/v2\/posts\/2101\/revisions"}],"wp:attachment":[{"href":"https:\/\/education-bien-commun.fr\/index.php?rest_route=%2Fwp%2Fv2%2Fmedia&parent=2101"}],"wp:term":[{"taxonomy":"category","embeddable":true,"href":"https:\/\/education-bien-commun.fr\/index.php?rest_route=%2Fwp%2Fv2%2Fcategories&post=2101"},{"taxonomy":"post_tag","embeddable":true,"href":"https:\/\/education-bien-commun.fr\/index.php?rest_route=%2Fwp%2Fv2%2Ftags&post=2101"}],"curies":[{"name":"wp","href":"https:\/\/api.w.org\/{rel}","templated":true}]}}