{"id":231,"date":"2020-05-21T07:10:03","date_gmt":"2020-05-21T05:10:03","guid":{"rendered":"http:\/\/educationbiencommun.fr\/?p=231"},"modified":"2020-05-21T07:10:03","modified_gmt":"2020-05-21T05:10:03","slug":"ou-lecole-est-laffaire-de-tous-et-pas-seulement-des-professionnels-de-leducation","status":"publish","type":"post","link":"https:\/\/education-bien-commun.fr\/?p=231","title":{"rendered":"Ou l&rsquo;Ecole est \u00ab\u00a0l&rsquo;affaire de tous\u00a0\u00bb et pas seulement des professionnels de l&rsquo;\u00e9ducation"},"content":{"rendered":"\n<p class=\"has-drop-cap wp-block-paragraph\">L&rsquo;Appel de Bobigny en 2010, c&rsquo;est ceci : \u00ab\u00a0<strong>\u00c0 l\u2019initiative d<\/strong>u<strong> R\u00e9seau Fran\u00e7ais des Villes \u00c9ducatrices<\/strong>, plusieurs organisations (parents, jeunes, enseignants, universitaires, associations compl\u00e9mentaires de l\u2019enseignement public et d\u2019\u00e9ducation populaire, professionnels des collectivit\u00e9s locales, \u00e9lus locaux, professionnels de la petite enfance et responsables syndicaux) s\u2019associent pour appeler \u00e0 la mobilisation de tous autour de l\u2019\u00e9ducation et de la formation, d\u00e8s la petite enfance et tout au long<strong> de la vie.<\/strong>\u00ab\u00a0<a href=\"http:\/\/www.cahiers-pedagogiques.com\/L-appel-de-Bobigny\"><strong>Dans le site du CRAP-Cahiers P\u00e9dagogiques<\/strong><\/a><\/p>\n\n\n\n<p class=\"wp-block-paragraph\">La Ligue de l&rsquo;Enseignement rel\u00e8ve aussi que \u00ab\u00a0l\u2019Education nationale n\u2019est pas le seul acteur public de l\u2019\u00e9ducation. Les notions de <strong>\u00ab\u00a0responsabilit\u00e9 partag\u00e9e\u00a0\u00bb<\/strong> et de <strong>\u00ab\u00a0territoire \u00e9ducatif\u00a0\u00bb<\/strong> \u00e9mergent. Cette m\u00eame ann\u00e9e sont cr\u00e9\u00e9s les <strong>contrats \u00e9ducatifs locaux<\/strong> qui visent une meilleure articulation entre le temps libre et le temps scolaire de l\u2019enfant et de l\u2019adolescent ainsi qu\u2019un renforcement du lien social. Ce sont les pr\u00e9mices des<strong> projets \u00e9ducatifs de territoire.<\/strong>\u00ab\u00a0<strong> <a href=\"https:\/\/memoires.laligue.org\/chronologie\/education\/appel-de-bobigny\">Lire ici<\/a><\/strong><\/p>\n\n\n\n<p class=\"wp-block-paragraph\">Nadine Lanneau, professeure documentaliste, membre de l&rsquo;AFL (Association Fran\u00e7aise pour la Lecture)<\/p>\n","protected":false},"excerpt":{"rendered":"<p>L&rsquo;Appel de Bobigny en 2010, c&rsquo;est ceci : \u00ab\u00a0\u00c0 l\u2019initiative du R\u00e9seau Fran\u00e7ais des Villes \u00c9ducatrices, plusieurs organisations (parents, jeunes, enseignants, universitaires, associations compl\u00e9mentaires de l\u2019enseignement public et d\u2019\u00e9ducation populaire, professionnels des collectivit\u00e9s locales, \u00e9lus locaux, professionnels de la petite enfance et responsables syndicaux) s\u2019associent pour appeler \u00e0 la mobilisation de tous autour de l\u2019\u00e9ducation&hellip; <a class=\"more-link\" href=\"https:\/\/education-bien-commun.fr\/?p=231\">Lire la suite <span class=\"screen-reader-text\">Ou l&rsquo;Ecole est \u00ab\u00a0l&rsquo;affaire de tous\u00a0\u00bb et pas seulement des professionnels de l&rsquo;\u00e9ducation<\/span><\/a><\/p>\n","protected":false},"author":3,"featured_media":0,"comment_status":"open","ping_status":"open","sticky":false,"template":"","format":"standard","meta":{"_jetpack_newsletter_access":"","_jetpack_dont_email_post_to_subs":false,"_jetpack_newsletter_tier_id":0,"_jetpack_memberships_contains_paywalled_content":false,"_jetpack_feature_clip_id":0,"_jetpack_memberships_contains_paid_content":false,"footnotes":"","jetpack_post_was_ever_published":false},"categories":[9,14,32,90,93],"tags":[],"class_list":["post-231","post","type-post","status-publish","format-standard","hentry","category-bien-commun","category-citoyennete","category-debat-democratique","category-rythmes","category-societe-educatrice"],"jetpack_sharing_enabled":true,"jetpack_featured_media_url":"","_links":{"self":[{"href":"https:\/\/education-bien-commun.fr\/index.php?rest_route=\/wp\/v2\/posts\/231","targetHints":{"allow":["GET"]}}],"collection":[{"href":"https:\/\/education-bien-commun.fr\/index.php?rest_route=\/wp\/v2\/posts"}],"about":[{"href":"https:\/\/education-bien-commun.fr\/index.php?rest_route=\/wp\/v2\/types\/post"}],"author":[{"embeddable":true,"href":"https:\/\/education-bien-commun.fr\/index.php?rest_route=\/wp\/v2\/users\/3"}],"replies":[{"embeddable":true,"href":"https:\/\/education-bien-commun.fr\/index.php?rest_route=%2Fwp%2Fv2%2Fcomments&post=231"}],"version-history":[{"count":0,"href":"https:\/\/education-bien-commun.fr\/index.php?rest_route=\/wp\/v2\/posts\/231\/revisions"}],"wp:attachment":[{"href":"https:\/\/education-bien-commun.fr\/index.php?rest_route=%2Fwp%2Fv2%2Fmedia&parent=231"}],"wp:term":[{"taxonomy":"category","embeddable":true,"href":"https:\/\/education-bien-commun.fr\/index.php?rest_route=%2Fwp%2Fv2%2Fcategories&post=231"},{"taxonomy":"post_tag","embeddable":true,"href":"https:\/\/education-bien-commun.fr\/index.php?rest_route=%2Fwp%2Fv2%2Ftags&post=231"}],"curies":[{"name":"wp","href":"https:\/\/api.w.org\/{rel}","templated":true}]}}