{"id":2420,"date":"2020-12-15T17:07:09","date_gmt":"2020-12-15T16:07:09","guid":{"rendered":"http:\/\/educationbiencommun.fr\/?p=2420"},"modified":"2020-12-15T17:07:09","modified_gmt":"2020-12-15T16:07:09","slug":"education-bien-commun","status":"publish","type":"post","link":"https:\/\/education-bien-commun.fr\/?p=2420","title":{"rendered":"Education&#8230; bien commun ?"},"content":{"rendered":"\n<p class=\"wp-block-paragraph\">Par Raymond Millot. Publi\u00e9 dans Syst\u00e8me \u00e9ducatif.<\/p>\n\n\n\n<p class=\"wp-block-paragraph\">Dans l\u2019article ci-contre, \u00ab\u00a0L&rsquo;\u00e9cole, en sortir pour s&rsquo;en sortir\u00a0\u00bb,  Pierre Frackowiak remonte utilement dans le pass\u00e9.<\/p>\n\n\n\n<p class=\"wp-block-paragraph\"><strong>Mars 68<\/strong>. 600 participants au colloque d\u2019Amiens<strong>.<\/strong> Le professeur au Coll\u00e8ge de France, <strong>Andr\u00e9 Lichnerowicz<\/strong> qui pr\u00e9side la s\u00e9ance inaugurale constate que le syst\u00e8me fonctionne dans <em>\u00abun d\u00e9lire notateur\u00bb,<\/em>&nbsp;et forme des&nbsp;<em>\u00abgens malheureux, d\u00e9sadapt\u00e9s&nbsp;[\u2026], ne sachant v\u00e9ritablement ni travailler ni se divertir\u00bb.<\/em>&nbsp;<\/p>\n\n\n\n<p class=\"wp-block-paragraph\">Ce colloque t\u00e9moignait <strong>d\u2019un fr\u00e9missement de la soci\u00e9t\u00e9<\/strong><strong> \u2026<\/strong><\/p>\n\n\n\n<p class=\"wp-block-paragraph\">Puis c\u2019est <strong>Mai 68<\/strong> o\u00f9 ont fleuri \u00ab&nbsp; <em>les slogans cha<\/em><em>nger l\u2019\u00e9cole, apprendre \u00e0 apprendre, ouvrir l\u2019\u00e9cole sur la vie, parents \/ enseignants co-\u00e9ducateurs<\/em>&nbsp;\u00bb&nbsp;.<\/p>\n\n\n\n<p class=\"wp-block-paragraph\">Et \u00ab&nbsp;<em>Imagination au pouvoir<\/em>&nbsp;\u00bb&nbsp;\u2026mais pas partout&nbsp;! T\u00e9moignage personnel&nbsp;: \u00e0 la t\u00eate d\u2019un commando issu de l\u2019\u00e9cole Vitruve, du GFEN, de \u00ab&nbsp;Syndicalisme vivant&nbsp;\u00bb, je bouscule, sans y \u00eatre invit\u00e9, une grande r\u00e9union de la FEN qui dissertait sagement sur les revendications syndicales, pour faire entendre d\u2019autres revendications en rapport avec ces <strong>slogans et manifestement incongrues<\/strong>\u2026 Pas \u00e9tonnant que, comme le montre Pierre, \u00ab&nbsp;<em>les pas en arri\u00e8re (aient) toujours succ\u00e9d\u00e9 aux tentatives de l\u00e9gers pas en avant<\/em>&nbsp;\u00bb.<\/p>\n\n\n\n<p class=\"wp-block-paragraph\"><strong>Un fr\u00e9missement d\u2019une toute autre ampleur,<\/strong> mais cette fois tragique, impose aujourd\u2019hui, en effet, de\u00ab <em>reprendre la r\u00e9flexion sur les rapports entre l\u2019\u00e9cole et les familles, et au-del\u00e0, avec les autres porteurs de savoirs dans la cit\u00e9<\/em>&nbsp;\u00bb.<\/p>\n\n\n\n<p class=\"wp-block-paragraph\"><strong>Fr\u00e9missement qui a donn\u00e9 naissance \u00e0 notre appel et \u00e0 ce site.<\/strong><\/p>\n\n\n\n<p class=\"wp-block-paragraph\">Pierre estime \u00ab&nbsp;<em>qu\u2019o<\/em><em>n est incapable de se lib\u00e9rer (d\u2019un) pass\u00e9 mill\u00e9naire pour se projeter dans l\u2019avenir \u00e0 long terme(\u2026)Quel sera l\u2019honn\u00eate homme de la seconde moiti\u00e9 du 21<\/em><sup><em>\u00e8me<\/em><\/sup><em> si\u00e8cle&nbsp;? Comment vivra-t-il dans un environnement de plus en plus complexe&nbsp;.Et si, en plus, on les mobilisait eux-m\u00eames dans des projets \u00e9ducatifs de territoire ..)&nbsp;\u00bb<\/em><\/p>\n\n\n\n<p class=\"wp-block-paragraph\">De son point de vue d\u2019expert marginal&nbsp;: la seule solution<strong>&nbsp;:&nbsp;\u00ab&nbsp;sortir de l\u2019\u00e9cole\u2026pour s\u2019en sortir&nbsp;\u00bb.<\/strong><\/p>\n\n\n\n<p class=\"wp-block-paragraph\">Je partage l\u2019ensemble de son diagnostic. Sa fonction lui a permis de faire des constats essentiels comme celui qu\u2019il partage avec Andr\u00e9 Giordan, qui a \u00ab&nbsp;<em>d\u00e9montr\u00e9 \u00e0 quel point la r\u00e9tention des savoirs disciplinaires, prot\u00e9g\u00e9s par des corporatismes s\u00e9culaires, est faible<\/em><sup>&nbsp;\u00bb<\/sup>\u2026 Elle l\u2019a conduit \u00e0 estimer que \u00ab<em>&nbsp;Il faudrait donc inverser l\u2019ordre des priorit\u00e9s&nbsp;: d\u2019abord les valeurs et les finalit\u00e9s, les objectifs g\u00e9n\u00e9raux transversaux, ensuite les savoirs disciplinaires utiles&nbsp;\u00bb<\/em>.<\/p>\n\n\n\n<p class=\"wp-block-paragraph\">Je l\u2019invite cependant \u00e0 constater qu\u2019il a d\u00e9j\u00e0 \u00e9t\u00e9 possible de \u00ab<em><strong>sortir de l\u2019\u00e9cole<\/strong><\/em>&nbsp;\u00bb (pendant 30 ans) ce qui est relat\u00e9 dans la brochure&nbsp;\u00ab&nbsp;<strong>Ecole ouverte\/recherche-action\/soci\u00e9t\u00e9 \u00e9ducatrice<\/strong>&nbsp;\u00bb et illustr\u00e9 dans la brochure \u00ab&nbsp;<strong>Vivre \u00e0 l\u2019\u00e9cole en citoyens<\/strong>&nbsp;\u00bb (brochures pouvant \u00eatre lues sur notre site). Son id\u00e9e n\u2019est donc pas utopique.<\/p>\n\n\n\n<p class=\"wp-block-paragraph\">A constater aussi que notre appel inverse comme il le souhaite \u00ab&nbsp;<em>l\u2019ordre des priorit\u00e9s&nbsp;: d\u2019abord les valeurs et les finalit\u00e9s, les objectifs g\u00e9n\u00e9raux transversaux, ensuite les savoirs disciplinaires utiles&nbsp;\u00bb<\/em>.<\/p>\n\n\n\n<p class=\"wp-block-paragraph\">Il \u00e9crit, manifestement <strong>sans y croire<\/strong>, qu\u2019il faudrait concevoir&nbsp; ( <em>les r\u00e9formes<\/em>),<em> \u00ab&nbsp;en fonction d\u2019une vision de l\u2019avenir de l\u2019humanit\u00e9, les ruptures s\u2019imposeraient et les citoyens pourraient alors les comprendre&nbsp;\u00bb&nbsp;,<\/em> Il ne saute pas le pas, comme le fait notre appel, (qu\u2019il a sign\u00e9)&nbsp;: <strong>faire de l\u2019\u00e9ducation un bien commun<\/strong> et non plus un instrument au service de l\u2019Etat, <strong>impossible \u00e0 r\u00e9former<\/strong> (ce que Pierre constate) du fait qu\u2019il est charg\u00e9 de la reproduction de l\u2019ordre social comme l\u2019a d\u00e9montr\u00e9 P.Bourdieu et comme on peut le constater aujourd\u2019hui dans les analyses de F.Dubet et M. Duru- Bellat.<\/p>\n\n\n\n<p class=\"wp-block-paragraph\">On peut s\u2019interroger&nbsp;: celles et ceux qui ont sign\u00e9 notre appel n\u2019ont-ils pas \u00ab&nbsp;zapp\u00e9&nbsp;\u00bb, comme Pierre, cette proposition essentielle&nbsp;?<\/p>\n\n\n\n<p class=\"wp-block-paragraph\">On constate que divers collectifs joignent <strong>l\u2019\u00e9ducation \u00e0 la liste des&nbsp; \u00ab&nbsp;biens communs&nbsp;\u00bb<\/strong> comme l\u2019eau, l\u2019air, la sant\u00e9, la recherche, sans pour autant engager la r\u00e9flexion sur tout ce qui en d\u00e9coule.<\/p>\n\n\n\n<p class=\"wp-block-paragraph\">Et si Pierre Frackowiak,et d\u2019autres signataires avec lui, ouvraient un chantier consacr\u00e9 \u00e0 cette r\u00e9flexion&nbsp;?<\/p>\n\n\n\n<p class=\"has-text-align-right wp-block-paragraph\">Raymond Millot 15 12 20<\/p>\n","protected":false},"excerpt":{"rendered":"<p>Par Raymond Millot. Publi\u00e9 dans Syst\u00e8me \u00e9ducatif. Dans l\u2019article ci-contre, \u00ab\u00a0L&rsquo;\u00e9cole, en sortir pour s&rsquo;en sortir\u00a0\u00bb, Pierre Frackowiak remonte utilement dans le pass\u00e9. Mars 68. 600 participants au colloque d\u2019Amiens. Le professeur au Coll\u00e8ge de France, Andr\u00e9 Lichnerowicz qui pr\u00e9side la s\u00e9ance inaugurale constate que le syst\u00e8me fonctionne dans \u00abun d\u00e9lire notateur\u00bb,&nbsp;et forme des&nbsp;\u00abgens malheureux,&hellip; <a class=\"more-link\" href=\"https:\/\/education-bien-commun.fr\/?p=2420\">Lire la suite <span class=\"screen-reader-text\">Education&#8230; bien commun ?<\/span><\/a><\/p>\n","protected":false},"author":3,"featured_media":0,"comment_status":"open","ping_status":"open","sticky":false,"template":"","format":"standard","meta":{"_jetpack_newsletter_access":"","_jetpack_dont_email_post_to_subs":false,"_jetpack_newsletter_tier_id":0,"_jetpack_memberships_contains_paywalled_content":false,"_jetpack_feature_clip_id":0,"_jetpack_memberships_contains_paid_content":false,"footnotes":"","jetpack_post_was_ever_published":false},"categories":[16,37,43,47,75,81,93,96],"tags":[],"class_list":["post-2420","post","type-post","status-publish","format-standard","hentry","category-co-education","category-ecole","category-eleve","category-enseignement","category-pedagogie","category-politique-educative","category-societe-educatrice","category-systeme-educatif"],"jetpack_sharing_enabled":true,"jetpack_featured_media_url":"","_links":{"self":[{"href":"https:\/\/education-bien-commun.fr\/index.php?rest_route=\/wp\/v2\/posts\/2420","targetHints":{"allow":["GET"]}}],"collection":[{"href":"https:\/\/education-bien-commun.fr\/index.php?rest_route=\/wp\/v2\/posts"}],"about":[{"href":"https:\/\/education-bien-commun.fr\/index.php?rest_route=\/wp\/v2\/types\/post"}],"author":[{"embeddable":true,"href":"https:\/\/education-bien-commun.fr\/index.php?rest_route=\/wp\/v2\/users\/3"}],"replies":[{"embeddable":true,"href":"https:\/\/education-bien-commun.fr\/index.php?rest_route=%2Fwp%2Fv2%2Fcomments&post=2420"}],"version-history":[{"count":0,"href":"https:\/\/education-bien-commun.fr\/index.php?rest_route=\/wp\/v2\/posts\/2420\/revisions"}],"wp:attachment":[{"href":"https:\/\/education-bien-commun.fr\/index.php?rest_route=%2Fwp%2Fv2%2Fmedia&parent=2420"}],"wp:term":[{"taxonomy":"category","embeddable":true,"href":"https:\/\/education-bien-commun.fr\/index.php?rest_route=%2Fwp%2Fv2%2Fcategories&post=2420"},{"taxonomy":"post_tag","embeddable":true,"href":"https:\/\/education-bien-commun.fr\/index.php?rest_route=%2Fwp%2Fv2%2Ftags&post=2420"}],"curies":[{"name":"wp","href":"https:\/\/api.w.org\/{rel}","templated":true}]}}