{"id":253,"date":"2020-05-21T10:06:22","date_gmt":"2020-05-21T08:06:22","guid":{"rendered":"http:\/\/educationbiencommun.fr\/?p=253"},"modified":"2020-05-21T10:06:22","modified_gmt":"2020-05-21T08:06:22","slug":"le-reve-de-jaures","status":"publish","type":"post","link":"https:\/\/education-bien-commun.fr\/?p=253","title":{"rendered":"Le r\u00eave de Jaur\u00e8s"},"content":{"rendered":"\n<blockquote class=\"wp-block-quote is-layout-flow wp-block-quote-is-layout-flow\"><p>En 1886, Jean Jaur\u00e8s redoutait une \u00e9volution qui explique, en partie, l\u2019\u00e9tat du syst\u00e8me \u00ab\u00a0Dans quelques ann\u00e9es, quand la plupart des \u00e9coles n\u00e9cessaires auront \u00e9t\u00e9 construites, demain, quand les ma\u00eetres seront pay\u00e9s par l\u2019\u00c9tat, quand le souvenir des sacrifices consentis par les communes et des droits que ces sacrifices leur conf\u00e9raient aura disparu, que verrons-nous ?, je le crains, <strong>insouciance des communes et arrogante tutelle de l\u2019\u00c9tat<\/strong>. \u00c0 l\u2019avenir, les programmes seront discut\u00e9s bien loin des familles, tout contr\u00f4le \u00e9chappera et, m\u00eame, jusqu\u2019\u00e0 la pens\u00e9e d\u2019en exercer un. <\/p><p><strong>Le peuple sera oblig\u00e9 de subir passivement un enseignement<\/strong> qu\u2019il n\u2019aura pas pr\u00e9par\u00e9. \u00bb.<\/p><p>Jean Jaur\u00e8s, le 21 octobre 1886.<\/p><\/blockquote>\n\n\n\n<p class=\"wp-block-paragraph\"><\/p>\n","protected":false},"excerpt":{"rendered":"<p>En 1886, Jean Jaur\u00e8s redoutait une \u00e9volution qui explique, en partie, l\u2019\u00e9tat du syst\u00e8me \u00ab\u00a0Dans quelques ann\u00e9es, quand la plupart des \u00e9coles n\u00e9cessaires auront \u00e9t\u00e9 construites, demain, quand les ma\u00eetres seront pay\u00e9s par l\u2019\u00c9tat, quand le souvenir des sacrifices consentis par les communes et des droits que ces sacrifices leur conf\u00e9raient aura disparu, que verrons-nous&hellip; <a class=\"more-link\" href=\"https:\/\/education-bien-commun.fr\/?p=253\">Lire la suite <span class=\"screen-reader-text\">Le r\u00eave de Jaur\u00e8s<\/span><\/a><\/p>\n","protected":false},"author":3,"featured_media":0,"comment_status":"open","ping_status":"open","sticky":false,"template":"","format":"standard","meta":{"_jetpack_newsletter_access":"","_jetpack_dont_email_post_to_subs":false,"_jetpack_newsletter_tier_id":0,"_jetpack_memberships_contains_paywalled_content":false,"_jetpack_feature_clip_id":0,"_jetpack_memberships_contains_paid_content":false,"footnotes":"","jetpack_post_was_ever_published":false},"categories":[14,37,47,55,81,82,83,96],"tags":[],"class_list":["post-253","post","type-post","status-publish","format-standard","hentry","category-citoyennete","category-ecole","category-enseignement","category-exclusion","category-politique-educative","category-pouvoir","category-pouvoir-politique","category-systeme-educatif"],"jetpack_sharing_enabled":true,"jetpack_featured_media_url":"","_links":{"self":[{"href":"https:\/\/education-bien-commun.fr\/index.php?rest_route=\/wp\/v2\/posts\/253","targetHints":{"allow":["GET"]}}],"collection":[{"href":"https:\/\/education-bien-commun.fr\/index.php?rest_route=\/wp\/v2\/posts"}],"about":[{"href":"https:\/\/education-bien-commun.fr\/index.php?rest_route=\/wp\/v2\/types\/post"}],"author":[{"embeddable":true,"href":"https:\/\/education-bien-commun.fr\/index.php?rest_route=\/wp\/v2\/users\/3"}],"replies":[{"embeddable":true,"href":"https:\/\/education-bien-commun.fr\/index.php?rest_route=%2Fwp%2Fv2%2Fcomments&post=253"}],"version-history":[{"count":0,"href":"https:\/\/education-bien-commun.fr\/index.php?rest_route=\/wp\/v2\/posts\/253\/revisions"}],"wp:attachment":[{"href":"https:\/\/education-bien-commun.fr\/index.php?rest_route=%2Fwp%2Fv2%2Fmedia&parent=253"}],"wp:term":[{"taxonomy":"category","embeddable":true,"href":"https:\/\/education-bien-commun.fr\/index.php?rest_route=%2Fwp%2Fv2%2Fcategories&post=253"},{"taxonomy":"post_tag","embeddable":true,"href":"https:\/\/education-bien-commun.fr\/index.php?rest_route=%2Fwp%2Fv2%2Ftags&post=253"}],"curies":[{"name":"wp","href":"https:\/\/api.w.org\/{rel}","templated":true}]}}