{"id":2624,"date":"2021-02-18T11:24:16","date_gmt":"2021-02-18T10:24:16","guid":{"rendered":"http:\/\/educationbiencommun.fr\/?p=2624"},"modified":"2021-02-18T11:24:16","modified_gmt":"2021-02-18T10:24:16","slug":"equidignite","status":"publish","type":"post","link":"https:\/\/education-bien-commun.fr\/?p=2624","title":{"rendered":"Equidignit\u00e9"},"content":{"rendered":"\n<h3 class=\"wp-block-heading\" id=\"domination-oppression\">Domination-oppression<\/h3>\n\n\n\n<h3 class=\"wp-block-heading\" id=\"pouvoir-sur-autorite\"><em>pouvoir sur<\/em>, autorit\u00e9<\/h3>\n\n\n\n<h3 class=\"wp-block-heading\" id=\"apprentissages-au-passage-apprentis-sages\">apprentissages au passage&#8230;. apprentis-sages&#8230;<\/h3>\n\n\n\n<p class=\"wp-block-paragraph\">Par Camille Pasquier, citoyenne engag\u00e9e, pratique et propose des outils d\u2019\u00e9ducation populaire, maman, conf\u00e9renci\u00e8re sur les violences \u00e9ducatives ordinaires. Publi\u00e9 dans Soci\u00e9t\u00e9 \u00e9ducatrice.<\/p>\n\n\n\n<h4 class=\"has-text-align-center wp-block-heading\" id=\"le-concept-d-egalite-des-chances\"><mark style=\"background-color:rgba(0,0,0,0);\" class=\"has-inline-color has-luminous-vivid-orange-color\"><strong>Le concept d&rsquo;\u00e9galit\u00e9<\/strong> des chances&#8230;<\/mark><\/h4>\n\n\n\n<p class=\"wp-block-paragraph\">Il semble que la notion d&rsquo;\u00e9galit\u00e9 soit un concept qui r\u00e9sonne comme une \u00e9vidence dans une soci\u00e9t\u00e9 en bonne sant\u00e9. Depuis la D\u00e9claration des Droits Humains, elle est agit\u00e9e comme une n\u00e9cessit\u00e9. Celle-ci est affich\u00e9e au fronton de chaque commune en France, &lsquo;libert\u00e9, \u00e9galit\u00e9, fraternit\u00e9&rsquo;. L&rsquo;\u00e9cole n&rsquo;\u00e9chappe pas \u00e0 cette \u00e9vidence et <strong>le discours dominant nous berce dans l&rsquo;id\u00e9e que l&rsquo;\u00e9cole serait le lieu de l&rsquo;\u00e9galit\u00e9 des chances. <\/strong>\u00c9cole qui jusqu&rsquo;\u00e0 pr\u00e9sent, <strong>fonctionne pourtant autour du principe de comp\u00e9tition par le biais des notes et autres valeurs accord\u00e9es ou non \u00e0 un travail r\u00e9alis\u00e9.<\/strong><\/p>\n\n\n\n<p class=\"wp-block-paragraph\">De nombreuses personnes aujourd&rsquo;hui encore sont assur\u00e9es que l&rsquo;\u00e9cole est r\u00e9ellement le lieu de l&rsquo;\u00e9galit\u00e9 des chances. D&rsquo;autres en revanche sont, si ce n&rsquo;est sceptiques, totalement convaincues qu&rsquo;il n&rsquo;en est rien.<\/p>\n\n\n\n<h4 class=\"has-text-align-center wp-block-heading\" id=\"le-concept-d-equidignite\"><mark style=\"background-color:rgba(0,0,0,0);\" class=\"has-inline-color has-luminous-vivid-orange-color\">Le concept <em>d&rsquo;\u00e9quidignit\u00e9<\/em><\/mark><\/h4>\n\n\n\n<p class=\"wp-block-paragraph\">Le concept <em>d&rsquo;\u00e9quidignit\u00e9<\/em>, s&rsquo;il ne parle pas de l&rsquo;\u00e9galit\u00e9 d&rsquo;acc\u00e8s \u00e0 la connaissance et de l&rsquo;immense gouffre qui existe entre les classes populaires et les classes ais\u00e9es \u00e0 ce sujet, parle de<strong> l&rsquo;\u00e9galit\u00e9 en droit \u00e0 la dignit\u00e9<\/strong>. Mais cela a un <strong>lien direct avec le gouffre de l&rsquo;in\u00e9galit\u00e9 des chances <\/strong>cr\u00e9\u00e9 par de nombreux param\u00e8tres dans la soci\u00e9t\u00e9.<\/p>\n\n\n\n<p class=\"wp-block-paragraph\">Les apprentissages, que ce soit \u00e0 l&rsquo;\u00e9cole ou tout au long de la vie, se d\u00e9veloppent \u00e0 partir de piliers fondamentaux que sont par exemple la qualit\u00e9 de <strong>la relation <\/strong>\u00e0 la personne qui transmet, la confiance en soi, la motivation intrins\u00e8que (\u00e0 diff\u00e9rencier de la motivation extrins\u00e8que cr\u00e9\u00e9e par les syst\u00e8mes de punition\/r\u00e9compense), l&rsquo;exp\u00e9rimentation, le sens, etc&#8230;<\/p>\n\n\n\n<p class=\"wp-block-paragraph\">La relation existe de fait entre la personne d\u00e9sireuse d&rsquo;apprendre et la personne en capacit\u00e9 de transmettre, qu&rsquo;elle que soit cette personne (professeur.e, ami.e., coll\u00e8gue, sup\u00e9rieur hi\u00e9rarchique, etc). Cette relation est constitu\u00e9e ou non, d&rsquo;un \u00e9quilibre, d&rsquo;une confiance, d&rsquo;une estime qui apporteront ou non par exemple, non seulement du cr\u00e9dit \u00e0 l&rsquo;enseignement, mais aussi une s\u00e9curit\u00e9 affective en la personne qui transmet. Ces \u00e9l\u00e9ments cr\u00e9ent la qualit\u00e9 de la relation.<\/p>\n\n\n\n<p class=\"wp-block-paragraph\">Intuitivement, il est assez simple d&rsquo;\u00eatre convaincu.e que <strong>la qualit\u00e9 de cette relation favorisera ou non la qualit\u00e9 des apprentissages ou encore le plaisir de donner et recevoir un enseignement.<\/strong> Dans les faits en revanche, il est plus compliqu\u00e9 de l&rsquo;acter afin de favoriser une relation saine.<\/p>\n\n\n\n<p class=\"wp-block-paragraph\">On pourrait \u00e0 cet endroit faire une pause pour ouvrir quelques pistes. Nous pourrions par exemple remettre en question l&rsquo;existence m\u00eame de la relation &lsquo;enseign\u00e9-enseignant&rsquo; ou encore plus largement le syst\u00e8me lui m\u00eame qui est fabriqu\u00e9 de telle sorte qu&rsquo;il ne semble y avoir qu&rsquo;un sens unique en terme de savoir&nbsp;: <strong>l&rsquo;\u00e9cole est fond\u00e9e selon la croyance qu&rsquo;un \u00e9l\u00e8ve est tel un pot vide \u00e0 remplir. Le sens unique se traduit donc par l&rsquo;action d&rsquo;un enseignant sur un enseign\u00e9. <\/strong>Ce syst\u00e8me peut sembler de moins en moins appropri\u00e9 si l&rsquo;on en croit les recherches et observations concernant <strong><a href=\"http:\/\/www.lesenfantsdaujourdhui.ch\/apprentissages-libres\/\">les apprentissages libres<\/a><\/strong>. Consulter aussi cette page <strong><a href=\"https:\/\/archipel.uqam.ca\/5268\/\">\u00ab\u00a0A la recherche de fondements pour une \u00e9ducation alternative \u00e0 l&rsquo;\u00e9cole\u00a0\u00bb<\/a><\/strong><\/p>\n\n\n\n<p class=\"wp-block-paragraph\">Nous pourrions \u00e9voquer \u00e9galement le fait qu&rsquo;il est regrettable qu&rsquo;on ne puisse regarder les choses diff\u00e9remment, par exemple, en actant qu&rsquo;<strong>un &lsquo;enseignant&rsquo; pourrait devenir un &lsquo;enseign\u00e9&rsquo; au cours d&rsquo;une interaction, d&rsquo;une r\u00e9solution d&rsquo;un probl\u00e8me concret, d&rsquo;un \u00e9change philosophique, d&rsquo;un travail d&rsquo;intelligence collective, etc&#8230;<\/strong> bref, cela serait possible si l&rsquo;on ouvrait c\u0153ur et oreilles \u00e0 ce que l&rsquo;enfant, d\u00e9passant le stade d&rsquo;objet, soit consid\u00e9r\u00e9 comme un sujet, pensant et agissant sur le monde&#8230;<\/p>\n\n\n\n<p class=\"wp-block-paragraph\">Nous pourrions souligner \u00e9galement l<strong>&lsquo;importance de d\u00e9velopper d&rsquo;une mani\u00e8re non feinte, syst\u00e9matique et authentique, la p\u00e9dagogie du projet. <\/strong>De cette mani\u00e8re, l&rsquo;effectivit\u00e9 du sens de chaque apprentissage pourrait \u00eatre ancr\u00e9 dans un monde en total <strong>bouleversement, qui exige que nous changions radicalement de cap en mati\u00e8re de regard sur l&rsquo;enfant, sur l&rsquo;enfance, sur l&rsquo;\u00e9cole et sur ce grand concept &lsquo;d&rsquo;\u00e9ducation&rsquo;.<\/strong><\/p>\n\n\n\n<p class=\"wp-block-paragraph\">Nous pourrions aussi \u00e9voquer l&rsquo;importance d&rsquo;une formation des enseignant.e.s qui consisterait \u00e0 prendre conscience, de la <strong>compr\u00e9hension des syst\u00e8mes de reproduction des in\u00e9galit\u00e9s<\/strong>. (1)<\/p>\n\n\n\n<h4 class=\"has-text-align-center wp-block-heading\" id=\"la-relation-entre-l-enseigne-e-et-l-enseignant-e\"><mark style=\"background-color:rgba(0,0,0,0);\" class=\"has-inline-color has-luminous-vivid-orange-color\">La relation entre l&rsquo;enseign\u00e9.e et l&rsquo;enseignant.e<\/mark><\/h4>\n\n\n\n<p class=\"wp-block-paragraph\">Ces pistes \u00e9voqu\u00e9es, je souhaite me centrer pour l&rsquo;heure avant tout sur la relation entre l&rsquo;enseign\u00e9.e et l&rsquo;enseignant.e.<\/p>\n\n\n\n<p class=\"wp-block-paragraph\">A cause du d\u00e9sir chez l&rsquo;enseignant.e de<em> <\/em><strong><em>faire autorit\u00e9<\/em>,<\/strong> bien souvent, il se tisse rapidement entre un \u00e9l\u00e8ve et un.e enseignant.e, une relation bas\u00e9e soit sur la crainte et la soumission, soit si on regarde cela &lsquo;positivement&rsquo;, sur le d\u00e9sir de l&rsquo;\u00e9l\u00e8ve de convenir, de plaire (ce qui l&rsquo;\u00e9carte de son propre d\u00e9sir quoi qu&rsquo;il en soit).<\/p>\n\n\n\n<p class=\"wp-block-paragraph\">Nous disons <em>&lsquo;faire autorit\u00e9&rsquo;<\/em>. L&rsquo;autorit\u00e9 : Que se cache t-il derri\u00e8re ce mot qui peut tout \u00e0 la fois inspirer confiance ou peur&nbsp;? Inspirer confiance pourrait \u00eatre d\u00e9fini ainsi&nbsp;: &nbsp;l\u2019apprenant.e peut s&rsquo;appuyer sur une personne, charg\u00e9e d&rsquo;un savoir&nbsp;; par la relation \u00e0 cette personne,&nbsp;il&nbsp;peut cheminer sereinement dans sa propre qu\u00eate de connaissance. Inspirer la peur pourrait se d\u00e9finir comme traduisant la conscience aigu\u00eb que cette personne a sur sa possession non seulement d&rsquo;un savoir, mais \u00e9galement de sa possession de droits sur l\u2019apprenant.e. &nbsp;Elle aurait un \u00ab\u00a0<em>pouvoir sur\u00a0\u00bb<\/em> dont l&rsquo;\u00e9l\u00e8ve&nbsp;est d\u00e9pourvu en retour.<\/p>\n\n\n\n<p class=\"wp-block-paragraph\">Si la r\u00e9alit\u00e9 n&rsquo;est jamais \u00e0 ce point binaire, partons de ces grandes lignes pour \u00e9laborer une r\u00e9flexion concernant la qualit\u00e9 des relations interpersonnelles. Dans la r\u00e9alit\u00e9, toujours plus fine et plus complexe que cette description, on pourra faire des observations dans chaque interaction entre un apprenant.e et une personne qui transmet, et prendre conscience de ce que nous sommes en train de fabriquer dans la relation.<\/p>\n\n\n\n<p class=\"wp-block-paragraph\">En fait d&rsquo;autorit\u00e9, je pr\u00e9f\u00e8re utiliser le terme d&rsquo;<strong>\u00ab\u00a0<em>autorit\u00e9 personnelle<\/em>\u00a0\u00bb <\/strong>(concept d\u00e9velopp\u00e9 par Jesper Juul, th\u00e9rapeute familial danois et auteur de plusieurs livres sur l&rsquo;accompagnement des enfants, destin\u00e9s au grand public. (2)<\/p>\n\n\n\n<h4 class=\"has-text-align-center wp-block-heading\" id=\"l-autorite-personnelle-quelle-est-elle\"><strong><mark style=\"background-color:rgba(0,0,0,0);\" class=\"has-inline-color has-luminous-vivid-orange-color\">L&rsquo;autorit\u00e9 personnelle : quelle est-elle ?<\/mark><\/strong><\/h4>\n\n\n\n<p class=\"wp-block-paragraph\">Elle est d\u00e9finie comme \u00e9tant <strong>le pouvoir que nous avons face \u00e0 une autre personne, de faire respecter ses limites personnelles.<\/strong> Quelque soit les deux personnes en interaction d&rsquo;ailleurs (parents-enfant, professuer.e.s-\u00e9l\u00e8ves, entre ami.e.s, entre coll\u00e8gues, employeur-employ\u00e9.e, etc&#8230;).. \u00ab&nbsp;<em>L\u2019exigence de responsabilit\u00e9 personnelle va dans les deux sens. Pour que les enfants puissent grandir sainement, ils doivent ressentir un souci constant quant \u00e0 leur int\u00e9grit\u00e9 personnelle (besoins et limites), d\u00e9velopper une estime de soi saine et un sens aigu de la responsabilit\u00e9 personnelle. Le comportement adulte qui rend cela possible est \u00e0 tout point de vue diff\u00e9rent du comportement de l\u2019adulte exigeant l\u2019ob\u00e9issance. Non seulement diff\u00e9rent, mais \u00e9galement tout \u00e0 fait nouveau et dont il n\u2019existe historiquement aucune repr\u00e9sentation poignante.<\/em>&nbsp;\u00bb <strong><a href=\"https:\/\/www.familylab.fr\/une-comprehension-globale-de-leducation-et-de-la-socialisation\/\">Jesper Jull sur son site.<\/a><\/strong><\/p>\n\n\n\n<p class=\"wp-block-paragraph\">A noter qu&rsquo;il ne s&rsquo;agit pas l\u00e0 d&rsquo;un mode d&#8217;emploi mais bien de l&rsquo;intention que l&rsquo;on a derri\u00e8re nos interactions. <\/p>\n\n\n\n<p class=\"wp-block-paragraph\">Cette comp\u00e9tence qui consiste \u00e0 poser nos limites personnelles est un pilier d&rsquo;une relation de qualit\u00e9. Il s&rsquo;agit ni d&rsquo;intimider, ni de culpabiliser, ni de tergiverser en explications interminables, ni de supplier de faire respecter ses limites. Il s&rsquo;agit bien de poser ses limites \u00e0 partir des besoins cach\u00e9s derri\u00e8re l&rsquo;enjeu de l&rsquo;interaction (besoin de calme, de consid\u00e9ration, de libert\u00e9, de choisir, de reconnaissance, de concentration, d&rsquo;accomplissement, de confiance, de s\u00e9curit\u00e9, etc ). Le tout, sans atteinte \u00e0 l&rsquo;int\u00e9grit\u00e9 physique ni psychique de la personne en face.<\/p>\n\n\n\n<p class=\"wp-block-paragraph\">La reconnaissance des besoins d&rsquo;une personne est le pr\u00e9alable au respect de sa dignit\u00e9 . <strong>La d\u00e9claration des Droits Humains de 1948 en est l&rsquo;expression. Les personnes sont \u00e9gales en terme de droit \u00e0 la dignit\u00e9.<\/strong><\/p>\n\n\n\n<p class=\"wp-block-paragraph\">\u00c9tablir que les relations peuvent \u00eatre fond\u00e9e sur <em>l&rsquo;\u00e9quidignit\u00e9<\/em> , c&rsquo;est reconna\u00eetre le principe d&rsquo;\u00e9galit\u00e9 en dignit\u00e9 entre les personnes, et ce, quelque soit leur \u00e2ge, leur classe sociale, leur niveau culturel, leur place dans la soci\u00e9t\u00e9. Cela supposerait que les rapports de domination soient abolis ou si fortement amoindris, que l&rsquo;expression de ce pouvoir, de cette autorit\u00e9 personnelle, dans les interactions puisse exister r\u00e9ellement. <strong>Utopie assur\u00e9ment \u00e0 l&rsquo;heure actuelle. Mais qu&rsquo;est ce que le moteur du d\u00e9sir \u00ab&nbsp;d&rsquo;\u00e9ducation&nbsp;\u00bb si ce n&rsquo;est de fa\u00e7onner la tendance d&rsquo;un monde \u00e0 venir !<\/strong><\/p>\n\n\n\n<p class=\"wp-block-paragraph\"><strong>Que les relations interpersonnelles soient fond\u00e9es sur la reconnaissance mutuelle des besoins et des limites suppose que l&rsquo;on soit pr\u00eat.e \u00e0 donner le pouvoir aux plus jeunes d&rsquo;entre nous de \u00ab\u00a0faire autorit\u00e9\u00a0\u00bb.<\/strong> Il s&rsquo;agit l\u00e0 d&rsquo;un changement radical et profond pour le d\u00e9veloppement de la personnalit\u00e9. Cela suppose de reconna\u00eetre qu&rsquo;un enfant et un adulte ont des besoins a prendre en compte avec une consid\u00e9ration \u00e9gale. Cela ne signifie pas que les enfants auraient davantage de pouvoir sur l&rsquo;adulte, et pas non plus que les adultes en auraient davantage de leur cot\u00e9, mais que l&rsquo;articulation de la vie collective pourrait \u00eatre fond\u00e9e sur la capacit\u00e9 \u00e0 trouver des issues afin que chaque interactions, chaque conflit (en terme de besoins qui rentrent parfois en contradiction les uns avec les autres) \u00e9voluent par l&rsquo;interm\u00e9diaire d&rsquo;<strong>une consid\u00e9ration mutuelle \u00e9quivalente<\/strong>.<\/p>\n\n\n\n<p class=\"wp-block-paragraph\"><em>\u00ab&nbsp;Pour ceux qui ont grandi \u00e0 une \u00e9poque o\u00f9 les enfants avaient surtout appris \u00e0 craindre les adultes, cette audace suscite non seulement de la joie, mais aussi de la frustration. Nombre de professionnels de l\u2019\u00e9ducation en sont d\u00e9contenanc\u00e9s, et on voit de plus en plus de jeunes p\u00e9dagogues jeter l\u2019\u00e9ponge et s\u2019orienter vers d\u2019autres m\u00e9tiers, en raison du comportement et de l\u2019attitude des enfants.&nbsp;\u00bb Jesper Jull. (2)<\/em><\/p>\n\n\n\n<p class=\"wp-block-paragraph\">Quel plaisir, quelle qualit\u00e9 d&rsquo;apprentissage peut \u00e9maner d&rsquo;une relation profond\u00e9ment d\u00e9s\u00e9quilibr\u00e9e&nbsp;?<\/p>\n\n\n\n<p class=\"wp-block-paragraph\">Ce qui enseigne en revanche de mani\u00e8re tr\u00e8s efficace \u00e0 un individu qu&rsquo;il n&rsquo;a ni valeur, ni place acquise dans le monde, ni pouvoir sur quoi que ce soit, est de lui retirer \u00e0 la base le pouvoir d&rsquo;\u00eatre reconnu en tant qu&rsquo;individu avec une valeur intrins\u00e8que, d&rsquo;\u00eatre \u00e9cout\u00e9, d&rsquo;\u00eatre consid\u00e9rer. Pas avant&#8230;qu&rsquo;il ne soit <em>grand<\/em>. &lsquo;<em>Il n&rsquo;y a que le grand pour nous en imposer<\/em>&lsquo; \u00e9crivait J. Korczak&#8230;<\/p>\n\n\n\n<p class=\"has-text-align-right wp-block-paragraph\">Camille Pasquier<\/p>\n\n\n\n<p class=\"has-text-align-right wp-block-paragraph\"> citoyenne engag\u00e9e, pratique et propose des outils d\u2019\u00e9ducation populaire, <\/p>\n\n\n\n<p class=\"has-text-align-right wp-block-paragraph\">maman, conf\u00e9renci\u00e8re sur les violences \u00e9ducatives ordinaires<\/p>\n\n\n\n<p class=\"wp-block-paragraph\">Notes<\/p>\n\n\n\n<p class=\"wp-block-paragraph\">(1) voir \u00ab\u00a0Les h\u00e9ritiers\u00a0\u00bb et \u00ab\u00a0La reproduction\u00a0\u00bb de P. Bourdieu et J.C. Passeron.<\/p>\n\n\n\n<p class=\"wp-block-paragraph\">(2) Jesper Jull, psychoth\u00e9rapeute danois. Il a \u00e9crit \u00ab&nbsp;5 piliers pour une vie de famille \u00e9panouie &#8211; Pour des relations apais\u00e9es et bienveillantes entre parents et enfants&nbsp;\u00bb. Jesper Juul,&nbsp;Marabout (2019) &#8211; <a href=\"https:\/\/www.familylab.fr\/une-comprehension-globale-de-leducation-et-de-la-socialisation\/\">Son site.<\/a><\/p>\n\n\n\n<p class=\"wp-block-paragraph\">\u00ab&nbsp;L&rsquo;auteur incite alors chaque parent \u00e0&nbsp;:<\/p>\n\n\n\n<ul class=\"wp-block-list\"><li>laisser les enfants faire les choses par eux-m\u00eames, tout en les accompagnant ;<\/li><li>prendre en compte les aspirations des petits en lieu et place des leurs propres ;<\/li><li>oser dire \u00ab non \u00bb aux enfants sans culpabiliser ni provoquer de nouveaux d\u00e9saccords ;<\/li><li>discerner d\u00e9sirs et besoins pour r\u00e9soudre efficacement les conflits.&nbsp;\u00bb<\/li><\/ul>\n\n\n\n<p class=\"wp-block-paragraph\"><\/p>\n\n\n\n<p class=\"wp-block-paragraph\">Jensen &amp; Jesper Juul. De l&rsquo;ob\u00e9issance \u00e0 la responsabilit\u00e9 &#8211; Comp\u00e9tence relationnelle en milieu p\u00e9dagogique. \u00c9ditions Fabert (2019) \u00ab&nbsp;Si les adultes veulent construire avec les enfants des relations saines et constructives, des relations qui permettent aux petits, aux adolescents comme aux adultes, de s\u2019\u00e9panouir pleinement, ils doivent montrer l\u2019exemple et assumer leur r\u00f4le de guide, de phare \u00e9claireur, de chef de meute&#8230;&nbsp;\u00bb<\/p>\n\n\n\n<p class=\"wp-block-paragraph\">Livres de Jesper Juul aux \u00e9ditions Hachette \u2013 Marabout.<\/p>\n\n\n\n<p class=\"wp-block-paragraph\"><a href=\"https:\/\/www.familylab.fr\/mediatheque\/livres\/\">Publi\u00e9 sur la page du site.<\/a><\/p>\n","protected":false},"excerpt":{"rendered":"<p>Domination-oppression pouvoir sur, autorit\u00e9 apprentissages au passage&#8230;. apprentis-sages&#8230; Par Camille Pasquier, citoyenne engag\u00e9e, pratique et propose des outils d\u2019\u00e9ducation populaire, maman, conf\u00e9renci\u00e8re sur les violences \u00e9ducatives ordinaires. Publi\u00e9 dans Soci\u00e9t\u00e9 \u00e9ducatrice. Le concept d&rsquo;\u00e9galit\u00e9 des chances&#8230; Il semble que la notion d&rsquo;\u00e9galit\u00e9 soit un concept qui r\u00e9sonne comme une \u00e9vidence dans une soci\u00e9t\u00e9 en bonne&hellip; <a class=\"more-link\" href=\"https:\/\/education-bien-commun.fr\/?p=2624\">Lire la suite <span class=\"screen-reader-text\">Equidignit\u00e9<\/span><\/a><\/p>\n","protected":false},"author":3,"featured_media":0,"comment_status":"open","ping_status":"open","sticky":false,"template":"","format":"standard","meta":{"_jetpack_newsletter_access":"","_jetpack_dont_email_post_to_subs":false,"_jetpack_newsletter_tier_id":0,"_jetpack_memberships_contains_paywalled_content":false,"_jetpack_feature_clip_id":0,"_jetpack_memberships_contains_paid_content":false,"footnotes":"","jetpack_post_was_ever_published":false},"categories":[5,22,37,47,59,65,75,77,82,93,96],"tags":[],"class_list":["post-2624","post","type-post","status-publish","format-standard","hentry","category-apprentissage","category-construction-du-savoir","category-ecole","category-enseignement","category-formation-des-enseignants","category-inegalites","category-pedagogie","category-pedagogie-du-projet","category-pouvoir","category-societe-educatrice","category-systeme-educatif"],"jetpack_sharing_enabled":true,"jetpack_featured_media_url":"","_links":{"self":[{"href":"https:\/\/education-bien-commun.fr\/index.php?rest_route=\/wp\/v2\/posts\/2624","targetHints":{"allow":["GET"]}}],"collection":[{"href":"https:\/\/education-bien-commun.fr\/index.php?rest_route=\/wp\/v2\/posts"}],"about":[{"href":"https:\/\/education-bien-commun.fr\/index.php?rest_route=\/wp\/v2\/types\/post"}],"author":[{"embeddable":true,"href":"https:\/\/education-bien-commun.fr\/index.php?rest_route=\/wp\/v2\/users\/3"}],"replies":[{"embeddable":true,"href":"https:\/\/education-bien-commun.fr\/index.php?rest_route=%2Fwp%2Fv2%2Fcomments&post=2624"}],"version-history":[{"count":0,"href":"https:\/\/education-bien-commun.fr\/index.php?rest_route=\/wp\/v2\/posts\/2624\/revisions"}],"wp:attachment":[{"href":"https:\/\/education-bien-commun.fr\/index.php?rest_route=%2Fwp%2Fv2%2Fmedia&parent=2624"}],"wp:term":[{"taxonomy":"category","embeddable":true,"href":"https:\/\/education-bien-commun.fr\/index.php?rest_route=%2Fwp%2Fv2%2Fcategories&post=2624"},{"taxonomy":"post_tag","embeddable":true,"href":"https:\/\/education-bien-commun.fr\/index.php?rest_route=%2Fwp%2Fv2%2Ftags&post=2624"}],"curies":[{"name":"wp","href":"https:\/\/api.w.org\/{rel}","templated":true}]}}