{"id":2654,"date":"2021-02-19T12:20:07","date_gmt":"2021-02-19T11:20:07","guid":{"rendered":"http:\/\/educationbiencommun.fr\/?p=2654"},"modified":"2021-02-19T12:20:07","modified_gmt":"2021-02-19T11:20:07","slug":"lecriture-inclusive-exclut-elle","status":"publish","type":"post","link":"https:\/\/education-bien-commun.fr\/?p=2654","title":{"rendered":"L&rsquo;\u00e9criture inclusive exclut-elle ?"},"content":{"rendered":"\n<p class=\"wp-block-paragraph\">Par Catherine Chabrun, Icem-Freinet. Publi\u00e9 dans Soci\u00e9t\u00e9 \u00e9ducatrice.<\/p>\n\n\n\n<h3 class=\"has-text-align-center wp-block-heading\" id=\"prealable\"><mark style=\"background-color:rgba(0,0,0,0);\" class=\"has-inline-color has-vivid-red-color\">Pr\u00e9alable<\/mark><\/h3>\n\n\n\n<p class=\"wp-block-paragraph\">Inclure le f\u00e9minin dans la langue fran\u00e7aise est <strong>un \u00e9l\u00e9ment essentiel<\/strong> pour la reconnaissance de l\u2019\u00e9galit\u00e9 homme\/femme dans la soci\u00e9t\u00e9.<\/p>\n\n\n\n<p class=\"wp-block-paragraph\">Mais <strong>cette inclusion n\u2019a de sens que<\/strong> si la soci\u00e9t\u00e9 tient compte des<strong> in\u00e9galit\u00e9s<\/strong> que subit la femme au quotidien.<\/p>\n\n\n\n<p class=\"wp-block-paragraph\">L\u2019\u00e9criture sexiste n\u2019est qu\u2019<strong>un maillon de la cha\u00eene in\u00e9galitaire.<\/strong><\/p>\n\n\n\n<p class=\"wp-block-paragraph\"><\/p>\n\n\n\n<h3 class=\"has-text-align-center wp-block-heading\" id=\"les-femmes-se-sentent-elles-concernees-par-l-ecriture-inclusive\"><strong><mark style=\"background-color:rgba(0,0,0,0);\" class=\"has-inline-color has-vivid-red-color\">Les femmes se sentent-elles concern\u00e9es par l&rsquo;\u00e9criture inclusive ?<\/mark><\/strong><\/h3>\n\n\n\n<p class=\"has-text-align-left wp-block-paragraph\">Voici deux situations simplifi\u00e9es de personnes&nbsp;sur les tr\u00e8s nombreuses que les femmes vivent et qui renferment des in\u00e9galit\u00e9s de toutes sortes :<\/p>\n\n\n\n<ul class=\"wp-block-list\"><li>Une femme de 35 ans, fran\u00e7aise depuis plusieurs g\u00e9n\u00e9rations, r\u00e9sidant \u00e0 Paris (dans un quartier peu populaire), m\u00e8re de trois enfants, cadre sup\u00e9rieure. Elle a le temps (femme de m\u00e9nage, nourrice\u2026) de se questionner sur la place de la femme, l\u2019\u00e9criture inclusive et elle a les connaissances linguistiques pour la comprendre.<\/li><li>Une femme de 35 ans, fran\u00e7aise depuis plusieurs g\u00e9n\u00e9rations r\u00e9sidant \u00e0 Grigny, m\u00e8re de trois enfants,&nbsp; peu dipl\u00f4m\u00e9e, s\u2019occupant de tout \u00e0 la maison. Elle n\u2019a gu\u00e8re le temps de se questionner sur la place de la femme, l\u2019\u00e9criture inclusive et elle n\u2019a pas assez de connaissances linguistiques pour la comprendre.<\/li><\/ul>\n\n\n\n<h5 class=\"wp-block-heading\" id=\"si-on-change-leur-origine\"><strong><em>Si on change leur origine\u2026<\/em><\/strong><\/h5>\n\n\n\n<p class=\"wp-block-paragraph\">Pour la premi\u00e8re femme, m\u00eame si elle est d&rsquo;origine \u00e9trang\u00e8re, son niveau d\u2019\u00e9tudes, ses contacts sociaux, son lieu de vie sont d\u00e9terminants. Elle peut&nbsp;toujours se questionner sur l\u2019\u00e9galit\u00e9 homme\/femme et s\u2019int\u00e9resser \u00e0 l\u2019\u00e9criture inclusive.<\/p>\n\n\n\n<p class=\"wp-block-paragraph\">Pour la deuxi\u00e8me, la culture familiale qui l&rsquo;entoure peut rendre tr\u00e8s acceptable sa condition de femme au foyer. La place des femmes est ainsi depuis des g\u00e9n\u00e9rations dans sa famille qu&rsquo;elle soit en France ou \u00e0 l&rsquo;\u00e9tranger.. L&rsquo;\u00e9criture inclusive ne la concerne pas.<\/p>\n\n\n\n<p class=\"wp-block-paragraph\"><strong><em>\u2026 et si on ajoute une religion<\/em><\/strong><\/p>\n\n\n\n<p class=\"wp-block-paragraph\">La premi\u00e8re femme vit comme l\u00e9gitimes les in\u00e9galit\u00e9s qu&rsquo;elle rencontre au travail, m\u00eame si son expertise professionnelle est connue. L&rsquo;\u00e9galit\u00e9 homme\/femme ne l&rsquo;interpelle pas, et m\u00eame si l&rsquo;\u00e9criture inclusive ne l&rsquo;int\u00e9resse pas, elle n&rsquo;a aucune difficult\u00e9 pour la comprendre.<\/p>\n\n\n\n<p class=\"wp-block-paragraph\">Pour la deuxi\u00e8me, elle vit sa condition de femme au foyer comme totalement naturelle puisque valid\u00e9e par les \u00e9crits religieux, comme l\u2019est la soumission \u00e0 l\u2019autorit\u00e9 de son \u00e9poux. Elle&nbsp;n&rsquo;est pas en situation de r\u00e9fl\u00e9chir \u00e0 l\u2019\u00e9galit\u00e9 homme\/femme et encore moins \u00e0 l\u2019\u00e9criture inclusive.<\/p>\n\n\n\n<h3 class=\"has-text-align-center wp-block-heading\" id=\"alors-qui-se-sent-concerne-par-l-ecriture-inclusive\"><strong><mark style=\"background-color:rgba(0,0,0,0);\" class=\"has-inline-color has-vivid-red-color\">Alors, qui se sent concern\u00e9 par l\u2019\u00e9criture inclusive ?<\/mark><\/strong><\/h3>\n\n\n\n<p class=\"wp-block-paragraph\"><strong>Les femmes ayant une culture politique, issues de milieux sociaux privil\u00e9gi\u00e9s, aux &nbsp;m\u00e9tiers reconnus<\/strong>, <strong>vivant dans des lieux peu populaires et n\u2019ayant pas de soucis linguistiques avec le fran\u00e7ais.<\/strong><\/p>\n\n\n\n<p class=\"wp-block-paragraph\">Les hommes des&nbsp;m\u00eames cat\u00e9gories sociales, mais en retirant ceux qui ne la souhaitent pas pour des raisons id\u00e9ologiques, de maintien de leurs privil\u00e8ges\u2026<\/p>\n\n\n\n<p class=\"wp-block-paragraph\">Et il faut retirer tous les hommes et toutes les femmes qui craignent pour l\u2019avenir de la langue fran\u00e7aise\u2026<\/p>\n\n\n\n<h3 class=\"has-text-align-center wp-block-heading\" id=\"une-utilisation-non-sexiste-de-la-langue-sans-utiliser-les-exces-de-l-ecriture-inclusive-est-elle-possible\"><strong><mark style=\"background-color:rgba(0,0,0,0);\" class=\"has-inline-color has-vivid-red-color\">Une utilisation non sexiste de la langue sans utiliser les exc\u00e8s de l\u2019\u00e9criture inclusive est-elle possible\u00a0?\u00a0<\/mark><\/strong><\/h3>\n\n\n\n<p class=\"wp-block-paragraph\">Oui avec ce pr\u00e9alable&nbsp;: avant de r\u00e9fl\u00e9chir \u00e0 une utilisation non sexiste de la langue, <strong>il faut que l\u2019\u00e9ducation mette en vie l\u2019\u00e9galit\u00e9 gar\u00e7on\/fille dans ses programmes \u00e9ducatifs, dans ses propositions d\u2019orientation avec des politiques \u00e9ducatives sans concessions \u2013 qu\u2019elles soient nationales ou territoriales.<\/strong><\/p>\n\n\n\n<p class=\"wp-block-paragraph\">Et surtout ne pas oublier les plus in\u00e9gaux devant la langue fran\u00e7aise que ce soient les enfants ou les adultes. &nbsp;<strong>Quelques exemples qui exacerbent ces in\u00e9galit\u00e9s&nbsp;:<\/strong><\/p>\n\n\n\n<ul class=\"wp-block-list\"><li>Apprendre \u00e0 lire avec des mots coup\u00e9s par des points. Un mot ne devrait pas se morceler ainsi, m\u00eame les \u00ab&nbsp;syllabistes&nbsp;\u00bb n\u2019en font pas autant&nbsp;!<\/li><li>Le &nbsp;rapport \u00e0 la m\u00e9morisation inconsciente des mots qu\u2019on lit.<\/li><li>Les marques du pluriel qui ne se voient plus. Ex&nbsp;: \u00ab des citoyen.nes&nbsp;\u00bb, on voit en premier \u00ab&nbsp;des citoyen&nbsp;\u00bb puis&nbsp; \u00ab&nbsp;des citoyenne&nbsp;\u00bb et enfin \u00ab&nbsp;des citoyen.ne.s&nbsp;\u00bb.<\/li><\/ul>\n\n\n\n<p class=\"wp-block-paragraph\">Alors, <strong>\u00e9vitons le plus&nbsp;possible&nbsp;le point m\u00e9dian et mixons diff\u00e9rentes formes de f\u00e9minisation dans un texte<\/strong>, utilisons entre autres&nbsp;:<\/p>\n\n\n\n<ul class=\"wp-block-list\"><li>le f\u00e9minin des noms&nbsp;(m\u00e9tiers, fonctions, grades, titres&#8230;) : une d\u00e9put\u00e9e, une autrice, une professeure&#8230;<\/li><li>les deux noms : citoyen et citoyenne<\/li><li>r\u00e9actualiser la r\u00e8gle de proximit\u00e9 pour l\u2019accord de l\u2019adjectif&nbsp;: le conducteur et la conductrice sont prudentes ou la conductrice et le conducteur sont prudents<\/li><li>une autre expression : la population fran\u00e7aise pour les Fran\u00e7ais et les Fran\u00e7aises<\/li><\/ul>\n\n\n\n<h3 class=\"wp-block-heading\" id=\"et-surtout-mobilisons-nous-pour-vaincre-les-inegalites-homme-femme-qu-elles-soient-scolaires-professionnelles-domestiques-politiques-territoriales-nationales\"><strong><mark style=\"background-color:rgba(0,0,0,0);\" class=\"has-inline-color has-vivid-red-color\">Et surtout : mobilisons-nous pour vaincre les in\u00e9galit\u00e9s homme\/femme qu&rsquo;elles soient scolaires, professionnelles, domestiques, politiques, territoriales, nationales&#8230;<\/mark><\/strong><\/h3>\n\n\n\n<p class=\"wp-block-paragraph\"><\/p>\n\n\n\n<p class=\"has-text-align-right wp-block-paragraph\">Catherine Chabrun, Icem-Freinet<\/p>\n\n\n\n<p class=\"has-text-align-right wp-block-paragraph\"><strong><a href=\"http:\/\/www.catchabrun.com\/2018\/02\/l-ecriture-inclusive-exclut-elle.html?fbclid=IwAR2WBYy1SSgrXdp-MH5E8zXcz2rIzAcSTiHQ5_Ca5l1jDWvl2owIWgAJ85A\">Lire sur son blog.<\/a><\/strong><\/p>\n","protected":false},"excerpt":{"rendered":"<p>Par Catherine Chabrun, Icem-Freinet. Publi\u00e9 dans Soci\u00e9t\u00e9 \u00e9ducatrice. Pr\u00e9alable Inclure le f\u00e9minin dans la langue fran\u00e7aise est un \u00e9l\u00e9ment essentiel pour la reconnaissance de l\u2019\u00e9galit\u00e9 homme\/femme dans la soci\u00e9t\u00e9. Mais cette inclusion n\u2019a de sens que si la soci\u00e9t\u00e9 tient compte des in\u00e9galit\u00e9s que subit la femme au quotidien. L\u2019\u00e9criture sexiste n\u2019est qu\u2019un maillon de&hellip; <a class=\"more-link\" href=\"https:\/\/education-bien-commun.fr\/?p=2654\">Lire la suite <span class=\"screen-reader-text\">L&rsquo;\u00e9criture inclusive exclut-elle ?<\/span><\/a><\/p>\n","protected":false},"author":3,"featured_media":0,"comment_status":"open","ping_status":"open","sticky":false,"template":"","format":"standard","meta":{"_jetpack_newsletter_access":"","_jetpack_dont_email_post_to_subs":false,"_jetpack_newsletter_tier_id":0,"_jetpack_memberships_contains_paywalled_content":false,"_jetpack_feature_clip_id":0,"_jetpack_memberships_contains_paid_content":false,"footnotes":"","jetpack_post_was_ever_published":false},"categories":[5,37,55,65],"tags":[],"class_list":["post-2654","post","type-post","status-publish","format-standard","hentry","category-apprentissage","category-ecole","category-exclusion","category-inegalites"],"jetpack_sharing_enabled":true,"jetpack_featured_media_url":"","_links":{"self":[{"href":"https:\/\/education-bien-commun.fr\/index.php?rest_route=\/wp\/v2\/posts\/2654","targetHints":{"allow":["GET"]}}],"collection":[{"href":"https:\/\/education-bien-commun.fr\/index.php?rest_route=\/wp\/v2\/posts"}],"about":[{"href":"https:\/\/education-bien-commun.fr\/index.php?rest_route=\/wp\/v2\/types\/post"}],"author":[{"embeddable":true,"href":"https:\/\/education-bien-commun.fr\/index.php?rest_route=\/wp\/v2\/users\/3"}],"replies":[{"embeddable":true,"href":"https:\/\/education-bien-commun.fr\/index.php?rest_route=%2Fwp%2Fv2%2Fcomments&post=2654"}],"version-history":[{"count":0,"href":"https:\/\/education-bien-commun.fr\/index.php?rest_route=\/wp\/v2\/posts\/2654\/revisions"}],"wp:attachment":[{"href":"https:\/\/education-bien-commun.fr\/index.php?rest_route=%2Fwp%2Fv2%2Fmedia&parent=2654"}],"wp:term":[{"taxonomy":"category","embeddable":true,"href":"https:\/\/education-bien-commun.fr\/index.php?rest_route=%2Fwp%2Fv2%2Fcategories&post=2654"},{"taxonomy":"post_tag","embeddable":true,"href":"https:\/\/education-bien-commun.fr\/index.php?rest_route=%2Fwp%2Fv2%2Ftags&post=2654"}],"curies":[{"name":"wp","href":"https:\/\/api.w.org\/{rel}","templated":true}]}}