{"id":2808,"date":"2021-03-12T20:16:15","date_gmt":"2021-03-12T19:16:15","guid":{"rendered":"https:\/\/educationbiencommun.fr\/?p=2808"},"modified":"2021-03-12T20:16:15","modified_gmt":"2021-03-12T19:16:15","slug":"haccourt-ecole-belge-a-pedagogie-du-chef-doeuvre","status":"publish","type":"post","link":"https:\/\/education-bien-commun.fr\/?p=2808","title":{"rendered":"Haccourt, \u00e9cole belge \u00e0 p\u00e9dagogie du chef-d\u2019\u0153uvre"},"content":{"rendered":"\n<p class=\"wp-block-paragraph\">Par Christelle Foss\u00e9prez, GBEN. Publi\u00e9 dans Syst\u00e8me \u00e9ducatif.<\/p>\n\n\n\n<p class=\"wp-block-paragraph\"><strong>Haccourt, \u00e9cole fondamentale communale belge \u00e0 p\u00e9dagogie du chef-d\u2019\u0153uvre<\/strong>, en milieu socio-\u00e9conomique peu favoris\u00e9 a bien \u00e9volu\u00e9 depuis la rentr\u00e9e de septembre, o\u00f9 elle a \u00e9t\u00e9 cr\u00e9\u00e9e.<\/p>\n\n\n\n<p class=\"wp-block-paragraph\">Elle correspond \u00e0 l&rsquo;\u00e9cole primaire (maternelle et \u00e9l\u00e9mentaire et au coll\u00e8ge jusqu&rsquo;en troisi\u00e8me, en France. Mais les diff\u00e9rences sont immenses.<\/p>\n\n\n\n<p class=\"wp-block-paragraph\">Voici des nouvelles apr\u00e8s quelques mois pass\u00e9s au sein du <strong>projet<\/strong>&nbsp;: les choses se mettent en place petit \u00e0 petit et nous pouvons d\u00e9j\u00e0 observer les <strong>bienfaits li\u00e9s<\/strong> <strong>\u00e0 la<\/strong> <strong>suppression de la comp\u00e9tition en faveur de la solidarit\u00e9 et du dialogue<\/strong>. <\/p>\n\n\n\n<p class=\"wp-block-paragraph\">Nous avons mis en place le <strong>portfolio compos\u00e9 de traces d\u2019apprentissages choisies par l\u2019enfant<\/strong>. Celles qui contiennent <strong>des erreurs que les enfants peuvent expliquer sont mises \u00e0 l\u2019honneur<\/strong> et mettent l\u2019enfant en situation de confiance. Le traditionnel bulletin chiffr\u00e9 a \u00e9t\u00e9 revisit\u00e9 en faveur des besoins identitaires. <\/p>\n\n\n\n<p class=\"wp-block-paragraph\"><strong>Une grille d\u2019\u00e9valuation reprenant les comp\u00e9tences des 6 ann\u00e9es primaires a \u00e9t\u00e9 construite<\/strong> par les enseignantes et leur sert de rep\u00e8re. <strong>Les sorties nature<\/strong> sont de plus en plus r\u00e9guli\u00e8res et nous montrent une autre facette des enfants ainsi que du groupe d\u2019enfants. <\/p>\n\n\n\n<p class=\"wp-block-paragraph\">Nous jouissons d\u2019une magnifique <strong>biblioth\u00e8que, lieu de recherche pour de petits expos\u00e9s<\/strong> pr\u00e9sent\u00e9s chaque semaine au sein des classes. En maternelles, les enfants organisent la semaine et les id\u00e9es ne manquent pas. Nous observons chaque jour l\u2019\u00e9volution des enfants vivant au sein d\u2019<strong>un groupe h\u00e9t\u00e9rog\u00e8ne<\/strong>. <\/p>\n\n\n\n<p class=\"wp-block-paragraph\">La philosophie de l\u2019\u00e9cole attire de plus en plus de monde. Les inscriptions en t\u00e9moignent. Nous nous r\u00e9jouissons que les mesures sanitaires soient bient\u00f4t assouplies pour profiter des interactions entre les enfants de 2, 5 ans \u00e0 12 ans\u2026 mais \u00e9galement pour inviter des parents et des artisans \u00e0 partager leur passion avec nos \u00e9l\u00e8ves.<\/p>\n\n\n\n<p class=\"has-text-align-right wp-block-paragraph\"><strong>Christelle Foss\u00e9prez<\/strong>, GBEN (<a href=\"mailto:f.christelle@icloud.com\">f.christelle@icloud.com<\/a>) 10\/03\/21<\/p>\n","protected":false},"excerpt":{"rendered":"<p>Par Christelle Foss\u00e9prez, GBEN. Publi\u00e9 dans Syst\u00e8me \u00e9ducatif. Haccourt, \u00e9cole fondamentale communale belge \u00e0 p\u00e9dagogie du chef-d\u2019\u0153uvre, en milieu socio-\u00e9conomique peu favoris\u00e9 a bien \u00e9volu\u00e9 depuis la rentr\u00e9e de septembre, o\u00f9 elle a \u00e9t\u00e9 cr\u00e9\u00e9e. Elle correspond \u00e0 l&rsquo;\u00e9cole primaire (maternelle et \u00e9l\u00e9mentaire et au coll\u00e8ge jusqu&rsquo;en troisi\u00e8me, en France. Mais les diff\u00e9rences sont immenses.&hellip; <a class=\"more-link\" href=\"https:\/\/education-bien-commun.fr\/?p=2808\">Lire la suite <span class=\"screen-reader-text\">Haccourt, \u00e9cole belge \u00e0 p\u00e9dagogie du chef-d\u2019\u0153uvre<\/span><\/a><\/p>\n","protected":false},"author":3,"featured_media":0,"comment_status":"open","ping_status":"open","sticky":false,"template":"","format":"standard","meta":{"_jetpack_newsletter_access":"","_jetpack_dont_email_post_to_subs":false,"_jetpack_newsletter_tier_id":0,"_jetpack_memberships_contains_paywalled_content":false,"_jetpack_feature_clip_id":0,"_jetpack_memberships_contains_paid_content":false,"footnotes":"","jetpack_post_was_ever_published":false},"categories":[5,16,24,37,44,51,66,76,96],"tags":[],"class_list":["post-2808","post","type-post","status-publish","format-standard","hentry","category-apprentissage","category-co-education","category-cooperation","category-ecole","category-emancipation","category-entraide","category-innovation","category-pedagogie-du-chef-doeuvre","category-systeme-educatif"],"jetpack_sharing_enabled":true,"jetpack_featured_media_url":"","_links":{"self":[{"href":"https:\/\/education-bien-commun.fr\/index.php?rest_route=\/wp\/v2\/posts\/2808","targetHints":{"allow":["GET"]}}],"collection":[{"href":"https:\/\/education-bien-commun.fr\/index.php?rest_route=\/wp\/v2\/posts"}],"about":[{"href":"https:\/\/education-bien-commun.fr\/index.php?rest_route=\/wp\/v2\/types\/post"}],"author":[{"embeddable":true,"href":"https:\/\/education-bien-commun.fr\/index.php?rest_route=\/wp\/v2\/users\/3"}],"replies":[{"embeddable":true,"href":"https:\/\/education-bien-commun.fr\/index.php?rest_route=%2Fwp%2Fv2%2Fcomments&post=2808"}],"version-history":[{"count":0,"href":"https:\/\/education-bien-commun.fr\/index.php?rest_route=\/wp\/v2\/posts\/2808\/revisions"}],"wp:attachment":[{"href":"https:\/\/education-bien-commun.fr\/index.php?rest_route=%2Fwp%2Fv2%2Fmedia&parent=2808"}],"wp:term":[{"taxonomy":"category","embeddable":true,"href":"https:\/\/education-bien-commun.fr\/index.php?rest_route=%2Fwp%2Fv2%2Fcategories&post=2808"},{"taxonomy":"post_tag","embeddable":true,"href":"https:\/\/education-bien-commun.fr\/index.php?rest_route=%2Fwp%2Fv2%2Ftags&post=2808"}],"curies":[{"name":"wp","href":"https:\/\/api.w.org\/{rel}","templated":true}]}}