{"id":2870,"date":"2021-03-22T08:00:40","date_gmt":"2021-03-22T07:00:40","guid":{"rendered":"https:\/\/educationbiencommun.fr\/?p=2870"},"modified":"2021-03-22T08:00:40","modified_gmt":"2021-03-22T07:00:40","slug":"vers-une-ecole-ecologique-sociale-solidaire-emancipatrice","status":"publish","type":"post","link":"https:\/\/education-bien-commun.fr\/?p=2870","title":{"rendered":"Vers une \u00e9cole \u00e9cologique, sociale, solidaire, \u00e9mancipatrice"},"content":{"rendered":"\n<p class=\"wp-block-paragraph\">Par Pierre Prim, Professeur d&rsquo;Eps \u00e0 B\u00e9ziers et formateur.\u00a0Publi\u00e9 dans Syst\u00e8me \u00e9ducatif.<\/p>\n\n\n\n<h3 class=\"has-text-align-center wp-block-heading\" id=\"preambule\"><mark style=\"background-color:rgba(0,0,0,0);\" class=\"has-inline-color has-luminous-vivid-orange-color\"><strong>Pr\u00e9amb<\/strong>ule<\/mark><\/h3>\n\n\n\n<p class=\"wp-block-paragraph\">Les crises climatiques, \u00e9conomiques et sanitaires que nous vivons et qui se succ\u00e8dent avec de plus en plus d&rsquo;ampleur nous rappellent combien il est n\u00e9cessaire de <strong>repenser notre monde<\/strong>.<\/p>\n\n\n\n<p class=\"wp-block-paragraph\">Ecologues,  anthropologues, m\u00e9decins, sociologues, \u00e9conomistes,&#8230; soucieux des biens communs : tous et toutes alertent quant \u00e0 <strong>un changement de paradigme \u00e0 op\u00e9rer<\/strong> si nous ne voulons pas vivre un changement brutal du monde dans lequel nous vivons.<\/p>\n\n\n\n<p class=\"wp-block-paragraph\">Cette pand\u00e9mie due au Covid 19 pourrait \u00eatre l&rsquo;une des \u00e9tincelles embrasant notre monde actuel globalis\u00e9, se r\u00e9pandant sur les sph\u00e8res \u00e9conomiques, financi\u00e8res, sociales, politiques, climatiques et sanitaires. <strong>Un autre monde pourra \u00e9merger<\/strong> mais notre peur t\u00e9tanisante de nous engager dans un chantier d&rsquo;une telle ampleur freine nos initiatives et l&rsquo;urgence avec laquelle nous devons, toutes et tous r\u00e9pondre .<\/p>\n\n\n\n<p class=\"wp-block-paragraph\">Pour autant il est urgent de :<\/p>\n\n\n\n<ul class=\"wp-block-list\"><li><strong>sortir de ce monde n\u00e9olib\u00e9ral d\u00e9pendant des \u00e9nergies fossiles<\/strong>, qui d\u00e9truit le vivant par sa n\u00e9gligence de la biodiversit\u00e9 et qui prive Femmes et Hommes de leurs biens communs.<\/li><\/ul>\n\n\n\n<p class=\"wp-block-paragraph\">Pour Marie-Monique Robin dans son livre \u00ab\u00a0La fabrique des pand\u00e9mies\u00a0\u00bb en 2021, \u00ab\u00a0le constat est sans appel : la destruction des \u00e9cosyst\u00e8mes par la d\u00e9forestation, l\u2019urbanisation, l\u2019agriculture industrielle et la globalisation \u00e9conomique menace directement la sant\u00e9 plan\u00e9taire.\u00a0\u00bb Selon l\u2019autrice, appuy\u00e9e dans son investigation et l\u2019\u00e9criture d\u2019encadr\u00e9s p\u00e9dagogiques par le scientifique Serge Morand, \u00e9cologue de la sant\u00e9 au Cirad et au CNRS, cette destruction est \u00e0 l\u2019origine de la multiplication de maladies \u00e9mergentes \u00abzoonotiques\u00bb, c\u2019est-\u00e0-dire transmises par des animaux aux humains &#8211; \u00ab\u00a0d\u2019\u00c9bola \u00e0 la covid-19.\u00a0\u00bb<\/p>\n\n\n\n<ul class=\"wp-block-list\"><li><strong>sortir de cette violence n\u00e9olib\u00e9rale asservissant population humaine et esp\u00e8ces animales<\/strong> qui d\u00e9truit les espaces de libert\u00e9 et de cr\u00e9ativit\u00e9.<\/li><\/ul>\n\n\n\n<p class=\"wp-block-paragraph\">La tendance des \u00e9tats est d&rsquo;augmenter leur capacit\u00e9 \u00e0 contr\u00f4ler les libert\u00e9s individuelles dans <strong>des logiques autoritaires<\/strong>. Pour Loic Waquant dans \u00ab\u00a0La tornade s\u00e9curitaire mondiale&nbsp;: n\u00e9olib\u00e9ralisme et ch\u00e2timent \u00e0 l&rsquo;aube du xxie si\u00e8cle\u00a0\u00bb en 2010, \u00ab\u00a0le virage punitif de la politique publique, qui concerne <em>\u00e0 la fois la protection sociale et la justice p\u00e9nale<\/em>, participe d\u2019un <em>projet politique<\/em> qui r\u00e9pond \u00e0 la mont\u00e9e de l\u2019ins\u00e9curit\u00e9 <em>sociale<\/em> et \u00e0 ses effets d\u00e9stabilisateurs dans les <em>\u00e9chelons inf\u00e9rieurs<\/em> de l\u2019ordre social et spatial. Ce projet implique la <em>refonte et le red\u00e9ploiement de l\u2019\u00c9tat<\/em> pour soutenir les m\u00e9canismes de type marchand et discipliner le nouveau prol\u00e9tariat postindustriel tout en contenant les perturbations internes g\u00e9n\u00e9r\u00e9es par la fragmentation du salariat, la r\u00e9traction des syst\u00e8mes de protection sociale, et la r\u00e9organisation corr\u00e9lative de la hi\u00e9rarchie ethnique \u00e9tablie (ethnoraciale aux \u00c9tats-Unis, ethnonationale en Europe occidentale, et un m\u00e9lange des deux en Am\u00e9rique latine &#8211; Wacquant, 2010).\u00a0\u00bb<\/p>\n\n\n\n<p class=\"wp-block-paragraph\">\u00c0 une crise de cet ordre,<strong> l&rsquo;expression de notre r\u00e9silience, de nos r\u00e9sistances doit s&rsquo;exprimer plus que jamais<\/strong> pour r\u00e9inventer ce monde en encourageant <strong>\u00ab\u00a0le partage, la coop\u00e9ration, l\u2019autonomie cr\u00e9atrice et l\u2019imagination de tous les acteurs et actrices locaux-ales.\u00a0\u00bb<\/strong><\/p>\n\n\n\n<p class=\"wp-block-paragraph\"><em>Agn\u00e8s Sina\u00ef, Rapha\u00ebl Stevens, Hugo Carton, Pablo Servigne<\/em><\/p>\n\n\n\n<p class=\"wp-block-paragraph\"><em>\u00ab\u00a0Petit trait\u00e9 de r\u00e9silience locale\u00a0\u00bb \u00c9ditions Charles L\u00e9opold Mayer, 2015<\/em><\/p>\n\n\n\n<p class=\"wp-block-paragraph\">La ligne politique, pouvant s&rsquo;inspirer de <strong>la th\u00e9orie du communalisme ou municipalisme libertaire<\/strong> de Murray Bookchin, est donc claire : conscientisation \u00e9cologique et r\u00e9invention des syst\u00e8mes d&rsquo;organisation de vie commune respectueuses des territoires, et soucieuse de r\u00e9duire les in\u00e9galit\u00e9s.<\/p>\n\n\n\n<p class=\"wp-block-paragraph\">Ainsi l&rsquo;\u00e9cole doit \u00eatre le lieu pour \u00e9duquer les futur.e.s batisseur.se.s oeuvrier.e.s de ce nouveau monde. Nous sommes dans une \u00e9cole qui n&rsquo;am\u00e8ne plus l\u2019\u00e9l\u00e8ve \u00e0 comprendre le monde, ni lui permet d\u2019interagir dans un environnement quel qu\u2019il soit avec lucidit\u00e9 et sens critique. Un lieu pens\u00e9 selon la productivit\u00e9, sans interroger les impacts \u00e9cologiques et sociaux. Il est \u00e9vident que nous nous situons \u00e0 l&rsquo;interstice d&rsquo;une double n\u00e9cessit\u00e9 : lutter au quotidien pour que l&#8217;emprise des injonctions id\u00e9ologiques n\u00e9olib\u00e9rales d\u00e9stabilisent le moins possible les temps et les lieux qui garantissent un semblant d&rsquo;\u00e9quit\u00e9 dans notre soci\u00e9t\u00e9 et imaginer ce qui pourrait la rendre plus \u00e9quitable et coh\u00e9rente avec notre \u00e9cosyst\u00e8me.&nbsp;<\/p>\n\n\n\n<p class=\"wp-block-paragraph\">A.Gorz invitait dans les ann\u00e9es 1960 \u00e0 \u00ab\u00a0distinguer les r\u00e9formes subalternes des r\u00e9formes r\u00e9volutionnaires. Les premi\u00e8res, disait-il partent de l&rsquo;urgence de rem\u00e9dier aux dysfonctionnements de la soci\u00e8t\u00e9  existante, les secondes de l&rsquo;urgence de d\u00e9passer la soci\u00e8t\u00e9 existante vers la soci\u00e9t\u00e9 qui est en gestation et qui donne aux actions leur sens et leur but ultime. La t\u00e2che de la politique \u00e9tait , selon lui, de d\u00e9finir des objectifs strat\u00e9giques interm\u00e9diaires, dont la poursuite r\u00e9pond aux urgences du pr\u00e9sent tout en pr\u00e9figurant la soci\u00e9t\u00e9 qui demande \u00e0 na\u00eetre.\u00a0\u00bb A. Gorz: \u00ab\u00a0Penser l&rsquo;avenir\u00a0\u00bb . Entretien avec Fran\u00e7ois Nouldelmann. La d\u00e9couverte. 2019 Quand bien m\u00eame l&rsquo;imm\u00e9diatet\u00e9 de nos contraintes quotidiennes ne sauraient permettre une mise en perspective de nos besoins futurs, nous nous devons de transmettre \u00e0 nos \u00e9l\u00e8ves les outils pour b\u00e2tir en commun ce changement de paradigme vital pour notre civilisation.<\/p>\n\n\n\n<p class=\"wp-block-paragraph\">Nous sommes dans une \u00e9cole qui n&rsquo;am\u00e8ne plus l\u2019\u00e9l\u00e8ve \u00e0 comprendre le monde, ni lui permet d\u2019interagir dans un environnement quel qu\u2019il soit avec lucidit\u00e9 et sens critique. Un lieu pens\u00e9 selon la productivit\u00e9, sans interroger les impacts \u00e9cologiques et sociaux.<\/p>\n\n\n\n<h4 class=\"has-text-align-left wp-block-heading\" id=\"que-notre-modele-d-education-passe-d-une-formation-ou-les-eleves-s-orientent-pour-produire-de-la-valeur-a-des-eleves-qui-creent-de-la-richesse\"><strong><span class=\"has-inline-color has-black-color\">Que notre mod\u00e8le d&rsquo;\u00e9ducation passe d&rsquo;une formation o\u00f9 les \u00e9l\u00e8ves s&rsquo;orientent pour produire de la valeur \u00e0 des \u00e9l\u00e8ves qui cr\u00e9ent de la richesse<\/span><\/strong><\/h4>\n\n\n\n<p class=\"wp-block-paragraph\">De 3 ans \u00e0 18 ans, \u00e9laborons un programme centr\u00e9 sur l&rsquo;<strong>autonomie <\/strong>:<\/p>\n\n\n\n<ul class=\"wp-block-list\"><li>\u00e9cologique bas\u00e9e sur les principes <strong>permaculturels<\/strong><\/li><li>sociale et solidaire mettant en jeu <strong>r\u00e9seaux et collaborations <\/strong>entre \u00e9tablissements, associations, collectivit\u00e9s locales, recherches universitaires, parents&#8230;<\/li><li>\u00e9mancipatrice prenant en compte la singularit\u00e9 de chacun.e au travers des <strong>p\u00e9dagogies coop\u00e9ratives et critiques<\/strong> et le cheminement \u00e9motionnel des \u00e9l\u00e8ves par le biais des <strong>programmes de d\u00e9veloppement affectifs et sociaux.<\/strong><\/li><\/ul>\n\n\n\n<h3 class=\"has-text-align-center wp-block-heading\" id=\"une-ecole-d-oeuvrier-e-s\"><mark style=\"background-color:rgba(0,0,0,0);\" class=\"has-inline-color has-luminous-vivid-orange-color\">Une \u00e9cole d&rsquo;<strong>\u00ab\u00a0oeuvrier.e.s<\/strong><\/mark><\/h3>\n\n\n\n<p class=\"wp-block-paragraph\">Dans cette perspective , l&rsquo;id\u00e9e de nommer l&rsquo;\u00e9l\u00e8ve par <strong>\u00ab\u00a0oeuvrier.e\u00a0\u00bb <\/strong>semble \u00eatre l\u00e9gitime pour engager la dimension cr\u00e9ative des chenilles oeuvri\u00e8res n\u00e9cessaires \u00e0 la construction d&rsquo;une \u00e9cole plus en phase avec l&rsquo;urgence de la r\u00e9nover.<br>La notion d&rsquo;oeuvrier de Roland Gori et Bernard Lubat pourrait se d\u00e9finir ainsi : \u00ab\u00a0Oeuvriers, il y a dans ce mot, \u00e9nigmatique, aux multiples sens, une intuition, l&rsquo;intuition d&rsquo;une urgence et de la n\u00e9cessit\u00e9 de r\u00e9volutionner la relation au travail, \u00e0 la vie. Il faut en finir avec le \u00ab\u00a0travail en miettes\u00a0\u00bb qui transforme chacun de nos m\u00e9tiers en cha\u00eene de production standardis\u00e9e, fabriquant des objets et des services sans saveurs ni originalit\u00e9, et un monde glacial et d\u00e9senchant\u00e9. L&rsquo;oeuvre n&rsquo;est pas incompatible avec le travail, le travail bien fait dans l&rsquo;amiti\u00e9 et le go\u00fbt. On peut gagner sa vie mais aussi la partager avec les autres en produisant des objets et des services de qualit\u00e9. Il faut pour cela restituer aux conditions sociales des m\u00e9tiers leurs dimensions artisanales et artistiques, faire oeuvre. C&rsquo;est une urgence. Urgence d\u00e9mocratique autant que subjective. Ce sont des oeuvrier.e.s qui vous le disent, artiste, journaliste et chercheur.e.<br>Oeuvrier.e.s, manifestez-vous ! !<\/p>\n\n\n\n<h3 class=\"has-text-align-center wp-block-heading\" id=\"objectif-une-ecole-developpant-l-autonomie\"><strong><span class=\"has-inline-color has-luminous-vivid-orange-color\">OBJECTIF : Une \u00e9cole d\u00e9veloppant l&rsquo;autonomie<\/span><\/strong><\/h3>\n\n\n\n<p class=\"wp-block-paragraph\">L&rsquo;autonomie indique une capacit\u00e9 d&rsquo;autolimitation. Elle se d\u00e9finit comme la compr\u00e9hension et la ma\u00eetrise par chaque individu de ses actes, la possibilit\u00e9 d&rsquo;en voir le bout, s&rsquo;interroger par exemple sur la destination et la n\u00e9cessit\u00e9 de ce que je produis au travail, l&rsquo;origine et les conditions de production de ce que je consomme.<\/p>\n\n\n\n<p class=\"wp-block-paragraph\"><em>A. Gorz : Pour une pens\u00e9e de l&rsquo;\u00e9cosocialisme<\/em><\/p>\n\n\n\n<p class=\"wp-block-paragraph\">L&rsquo;\u00e9cole envisage pour chaque oeuvri\u00e8r.e de s&rsquo;\u00e9manciper gr\u00e2ce \u00e0 l&rsquo;acquisition de connaissances outill\u00e9es et conscientis\u00e9es pour que chaque production ou cr\u00e9ation de richesses futures soit indissociable d&rsquo;une prise en compte de ses interactions avec l&rsquo;environnement vivant dans lequel il\/elle veut s&rsquo;engager.<\/p>\n\n\n\n<p class=\"wp-block-paragraph\">Son autonomie \u00e0 cr\u00e9er et \u00e0 s&rsquo;adapter aux r\u00e9seaux collectifs se confortera dans sa capacit\u00e9 \u00e0 d\u00e9limiter ses actions pour le bien commun.<\/p>\n\n\n\n<h3 class=\"has-text-align-center wp-block-heading\" id=\"moyens-piliers-structurels\"><mark style=\"background-color:rgba(0,0,0,0);\" class=\"has-inline-color has-luminous-vivid-orange-color\"><strong>MOYENS<\/strong> : <strong>Piliers structurels<\/strong><\/mark><\/h3>\n\n\n\n<h4 class=\"has-text-align-center wp-block-heading\" id=\"projet-de-zad-zav-zone-a-debitumiser-zone-a-vegetaliser\"><strong>Projet de ZAD\/ZAV : Zone \u00e0 D\u00e9bitumiser \/ Zone \u00e0 V\u00e9g\u00e9taliser<\/strong><\/h4>\n\n\n\n<p class=\"wp-block-paragraph\">Certaines municipalit\u00e9s europ\u00e9ennes ont d\u00e9j\u00e0 lanc\u00e9 cette perspective de rev\u00e9g\u00e9taliser les \u00e9tablissements scolaires. \u00c0 Paris, un plan de financement de 320 000 euros par \u00e9cole est engag\u00e9 pour que les cours d&rsquo;\u00e9cole soient de possibles zones de biodiversit\u00e9. De nombreux projets en France s&rsquo;orientent notamment par le biais des E3D pour d\u00e9bitumiser les cours d&rsquo;\u00e9cole et les rendre ainsi en <strong>lieux d&rsquo;exp\u00e9rimentation de plantations d&rsquo;arbres, de potagers, de petites fermes (poulaillers&#8230;)<\/strong><\/p>\n\n\n\n<p class=\"wp-block-paragraph\">La France compte actuellement 61 900 ecoles et \u00e9tablissements dans le second degr\u00e9.<\/p>\n\n\n\n<p class=\"wp-block-paragraph\">Apr\u00e8s la 2<sup>nde<\/sup> guerre mondiale, l&rsquo;Etat fran\u00e7ais avait investi massivement dans des plans quinquenaux visant \u00e0 d\u00e9velopper les infrastructures sportives et culturelles. Il en serait de m\u00eame pour ce projet ZAD.<\/p>\n\n\n\n<p class=\"wp-block-paragraph\"><strong>Un budget de 19 milliards serait \u00e0 envisager.<\/strong><\/p>\n\n\n\n<p class=\"wp-block-paragraph\">Voir les liens en fin de page.<\/p>\n\n\n\n<h4 class=\"has-text-align-center wp-block-heading\" id=\"dotation-des-etablissements-et-organisation-des-enseignements\"><strong>Dotation des \u00e9tablissements et organisation des enseignements<\/strong><\/h4>\n\n\n\n<p class=\"wp-block-paragraph\"><strong>Principes communs :<\/strong><\/p>\n\n\n\n<ul class=\"wp-block-list\"><li>Classes inf\u00e9rieures \u00e0 22 \u00e9l\u00e8ves. Une augmentation de 30% des DGH est n\u00e9cessaire pour favoriser les apprentissages et regroupement des classes<\/li><li>Co-interventions, transdisciplinarit\u00e9 programmatique et interdisciplinarit\u00e9&#8230;<\/li><li>Missions des professeur.e.s \u00e0 d\u00e9finir selon un axe disciplinaire et un autre interdisciplinaire commun \u00e0 chacun.e.<\/li><li>Nombre de disciplines travaill\u00e9es par jour r\u00e9duites avec des temps de vie et de travail libre pour les \u00e9l\u00e8ves<\/li><\/ul>\n\n\n\n<p class=\"wp-block-paragraph\"><strong>Principes d&rsquo;autonomie locale (communalisme scolaire)<\/strong><\/p>\n\n\n\n<ul class=\"wp-block-list\"><li>Organisation et modularit\u00e9 des classes (double niveau pour faciliter le tutorat \u00e0 \u00e9tudier, groupe classe m\u00e9lang\u00e9 sur certains temps d&rsquo;apprentissage, groupe selon des enseignements professionnels ou techniques et g\u00e9n\u00e9raux&#8230;)<\/li><li>Choix des modes de p\u00e9dagogie \u00e0 orienter selon les structures et personnels<\/li><li>Choix des projets et r\u00e9seaux d&rsquo;\u00e9changes avec des partenaires.<\/li><\/ul>\n\n\n\n<h4 class=\"has-text-align-center wp-block-heading\" id=\"formation-des-personnels\"><strong>Formation des personnels<\/strong><\/h4>\n\n\n\n<ul class=\"wp-block-list\"><li>Formation d&rsquo;\u00e9ducation populaire pour un diagnostic des besoins des personnels au travers d&rsquo;une <strong><a href=\"http:\/\/www.lecontrepied.org\/enquetes-d-education-populaire-methode-de\">enqu\u00eate de conscientisation<\/a><\/strong><\/li><li>Formation pour tous les personnels d&rsquo;une semaine de culture permaculturelle r\u00e9alis\u00e9e par des acteurs\/trices locaux, des \u00e9ducateurs\/trices permaculturels<\/li><li>Formation d&rsquo;une semaine pour tous les personnels sur des contenus \u00e9cologis\u00e9s et des m\u00e9thodes p\u00e9dagogiques nouvelles ou radicales et sur du co-enseignement (interdisciplinarit\u00e9).<\/li><\/ul>\n\n\n\n<h4 class=\"has-text-align-center wp-block-heading\" id=\"statut-des-enseignant-e-s\"><strong>Statut des enseignant.e.s<\/strong><\/h4>\n\n\n\n<p class=\"wp-block-paragraph\"><strong>Les personnels restent sur leur quota horaire mais leur enseignement disciplinaire est partag\u00e9 :<\/strong><\/p>\n\n\n\n<ul class=\"wp-block-list\"><li><strong>60% disciplinaire<\/strong><\/li><li><strong>30 % permaculture et outillage<\/strong><\/li><li><strong>10 % coop\u00e9ration et conseil de vie de classe ou d&rsquo;\u00e9tablissement<\/strong><\/li><\/ul>\n\n\n\n<h3 class=\"has-text-align-center wp-block-heading\" id=\"comment-ecologisation-des-contenus\"><strong><span class=\"has-inline-color has-luminous-vivid-orange-color\">COMMENT : Ecologisation des contenus<\/span><\/strong><\/h3>\n\n\n\n<h3 class=\"has-text-align-center wp-block-heading\" id=\"support-possible-ecopedagogie-critique-d-orientation-permaculturelle\"><strong>Support possible : \u00e9cop\u00e9dagogie critique d&rsquo;orientation permaculturelle<\/strong><\/h3>\n\n\n\n<p class=\"wp-block-paragraph\">Il devra s\u2019agir d\u2019une r\u00e9flexion \u00e9cologique insistant sur la complexit\u00e9 des ph\u00e9nom\u00e8nes, leur interconnexion, et leur lien \u00e9troit avec les m\u00e9canismes de domination. En s&rsquo;inspirant des travaux d&rsquo;Ir\u00e8ne Pereira, une \u00e9cop\u00e9dagogie critique a vocation \u00e0 \u00eatre envisag\u00e9e de mani\u00e8re intersectionnelle. Elle n\u2019aura de sens que si elle est d\u00e9coloniale et questionne l\u2019origine du d\u00e9sastre \u00e9cologique actuel \u00e0 l\u2019aune de la colonialit\u00e9, des principes d\u2019une modernit\u00e9 dont l\u2019\u00e9v\u00e8nement fondateur est la colonisation du continent am\u00e9ricain et d\u2019un rapport de domination Nord-Sud.&nbsp;L\u2019\u00e9cop\u00e9dagogie sera \u00e9galement f\u00e9ministe, pensant le saccage de l\u2019environnement dans son aspect masculiniste, viriliste, et sans verser dans l\u2019essentialisme. Elle doit aussi n\u00e9cessairement questionner le capitalisme et \u00eatre anti-classiste, puisque si la Terre est massacr\u00e9e de mani\u00e8re industrielle, dans le but de produire et accumuler toujours plus, elle l\u2019est au seul profit des 1% les plus riches, etc&#8230;.<\/p>\n\n\n\n<p class=\"wp-block-paragraph\">\u00ab\u00a0La permaculture n&rsquo;\u00e9tant pas limit\u00e9e \u00e0 la conception de syst\u00e8mes agricoles, et n&rsquo;\u00e9tant pas non plus dans ce domaine d\u00e9fini par un lot de techniques agricoles qui lui seraient propres, elle doit \u00eatre comprise avant tout comme un mode de r\u00e9flexion interrogeant la relation des \u00eatres humains avec leur plan\u00e8te (et ses occupants) afin de trouver de fa\u00e7on concr\u00e8te, jusque dans leurs pratiques quotidiennes, comment rendre coh\u00e9rente leur vie sur terre au regard des enjeux globaux du milieu dans lequel ils vivent.\u00a0\u00bb <em>Richard Wallner<\/em>. <\/p>\n\n\n\n<p class=\"wp-block-paragraph\"><strong>Ainsi l&rsquo;orientation des contenus diffus\u00e9s \u00e0 l&rsquo;\u00e9cole n&rsquo;aura pour vertu que celle d&rsquo;amener les oeuvrier.e.s \u00e0 une conscientisation des enjeux de sauvegarde de la bioc\u00e9nose, en d\u00e9veloppant un esprit critique sur notre mode de consommation, d&rsquo;\u00e9change, d&rsquo;interd\u00e9pendance et en favorisant des outils de r\u00e9silience :<\/strong><\/p>\n\n\n\n<ul class=\"wp-block-list\"><li>Connaissance des \u00eatres vivants et cons\u00e9quences de l&rsquo;impact humain dans l&rsquo;\u00e9cosyst\u00e8me<\/li><li>Connaissance des sciences et techniques diminuant l&#8217;empreinte carbone de nos modes de vie<\/li><li>Philosophie de l&rsquo;entraide et histoire critique de l&rsquo;\u00e9volution humaine<\/li><li>Jeux et cr\u00e9ations artistiques<\/li><li>Cr\u00e9ation et Construction d&rsquo;outils techniques \u00e9cologiques<\/li><li>Culture et r\u00e9silience alimentaire, vers l&rsquo;autosuffisance locale et collective. <strong><a href=\"https:\/\/resiliencealimentaire.org\/contexte\/\">Consulter ce site.<\/a><\/strong><\/li><\/ul>\n\n\n\n<p class=\"wp-block-paragraph\"><\/p>\n\n\n\n<h3 class=\"has-text-align-center wp-block-heading\" id=\"3-axiomes-programmatiques\"><strong><span class=\"has-inline-color has-luminous-vivid-orange-color\">3 Axiomes programmatiques<\/span><\/strong><\/h3>\n\n\n\n<h3 class=\"has-text-align-center wp-block-heading\" id=\"connaissances\"><strong>Connaissances<\/strong><\/h3>\n\n\n\n<h4 class=\"wp-block-heading\" id=\"observer-comprendre-conscientiser-creer\"><strong>OBSERVER , COMPRENDRE , CONSCIENTISER, CREER<\/strong><\/h4>\n\n\n\n<p class=\"wp-block-paragraph\">60% du temps scolaire<\/p>\n\n\n\n<p class=\"wp-block-paragraph\"><\/p>\n\n\n\n<p class=\"wp-block-paragraph\">Matrices interdiscilplinaires s&rsquo;inspirant de la th\u00e9orie de la complexit\u00e9 :<\/p>\n\n\n\n<p class=\"wp-block-paragraph\"><strong>Sciences des humanit\u00e9s et des territoires (rendre visible ce qui \u00e9tait invisible : histoire des luttes&#8230;)<\/strong> <\/p>\n\n\n\n<ul class=\"wp-block-list\"><li>Fran\u00e7ais<\/li><li>Histoire, g\u00e9ographie, \u00e9ducation \u00e0 la morale \u00e9cologique<\/li><li>Economie \u00e9cologique (Nicholas Georgescu-Roegen <em>La d\u00e9croissance Entropie &#8211; \u00c9cologie &#8211; \u00c9conomie<\/em> en 1995)<\/li><li>Sociologie, socio \u00e9thique, Philosophie<\/li><li>Eco (socio)linguistique : <strong><a href=\"https:\/\/www.cairn.info\/revue-langage-et-societe-2017-2-page-267.htm\">consulter ce site<\/a><\/strong><\/li><\/ul>\n\n\n\n<p class=\"wp-block-paragraph\"><strong>Sciences du vivant<\/strong><\/p>\n\n\n\n<ul class=\"wp-block-list\"><li>Biophysique, Biochimie, \u00e9thologie, math\u00e9matiques, ethnomath\u00e9matiques : <strong><a href=\"https:\/\/pedaradicale.hypotheses.org\/2375\">Consulter ce site<\/a><\/strong> Les Cahiers de p\u00e9dagogies radicales. D\u00e9velopper les p\u00e9dagogies inspir\u00e9es par l&rsquo;oeuvre de Paulo Freire. L\u2019ethnomath\u00e9matique, un outil de lutte contre les \u00e9pist\u00e9micides &#8211; math\u00e9matiques radicales : <strong><a href=\"http:\/\/www.radicalmath.org\">consulter ce site<\/a><\/strong>. &#8211; botanique&#8230;<\/li><\/ul>\n\n\n\n<p class=\"wp-block-paragraph\"><strong>Sciences des arts et de la culture corporelle<\/strong> <\/p>\n\n\n\n<p class=\"wp-block-paragraph\">Arts et performances (Arts plastiques, musique, th\u00e9\u00e2tre, danse, cirque&#8230;)<\/p>\n\n\n\n<ul class=\"wp-block-list\"><li>EPEC : Education Physique Ecologique Coop\u00e9rative (Jeux coop\u00e9ratifs et\/ou d&rsquo;opposition en interd\u00e9pendance positive, activit\u00e9s de pleine nature, parcours de motricit\u00e9. Utilisation moindre de mat\u00e9riels pour diminuer notre empreinte carbone&#8230;)<\/li><\/ul>\n\n\n\n<h3 class=\"has-text-align-center wp-block-heading\" id=\"pratiques-permaculturelles\"><strong>Prati<\/strong>ques permaculturelles<\/h3>\n\n\n\n<h4 class=\"wp-block-heading\" id=\"cultiver-faire\"><strong>CULTIVER, FAIRE<\/strong><\/h4>\n\n\n\n<p class=\"wp-block-paragraph\">30% du temps scolaire<\/p>\n\n\n\n<p class=\"wp-block-paragraph\"> Matrices interdiscilplinaires :<\/p>\n\n\n\n<ul class=\"wp-block-list\"><li>Cultiver, Planter, \u00c9lever (poulailler&#8230;)<\/li><li>Technologie, et outillage manuel. <strong><a href=\"https:\/\/www.youtube.com\/watch?v=ooFBt_gaIAE\">\u00ab\u00a0Des lyc\u00e9ens de lyc\u00e9e professionnels construisent une pompe \u00e0 \u00e9olienne\u00a0\u00bb<\/a><\/strong><\/li><li>Rev\u00e9g\u00e9taliser les \u00e9tablissements<\/li><li>Atelier de r\u00e9paration type r\u00e9par-caf\u00e9 pour v\u00e9lo et outils en lien avec des agents territoriaux et enseignant.e.s<\/li><\/ul>\n\n\n\n<h3 class=\"has-text-align-center wp-block-heading\" id=\"rhysommer\"><strong>\u00ab\u00a0Rhysommer\u00a0\u00bb<\/strong><\/h3>\n\n\n\n<p class=\"wp-block-paragraph\"><strong>S&rsquo;ENTRAIDER, COOPERER , <\/strong><strong>\u00c9<\/strong><strong>CHANGER <\/strong>(communalisme scolaire)<\/p>\n\n\n\n<p class=\"wp-block-paragraph\">10% du temps scolaire<\/p>\n\n\n\n<p class=\"wp-block-paragraph\">Vie commune :<\/p>\n\n\n\n<ul class=\"wp-block-list\"><li>Conseil hebdommadaire du climat scolaire<\/li><li>Entretien participatif des acteurs et actrices des lieux<\/li><li>Conseil de gestion tournant (administratif, logistique &#8230;)<\/li><li>\u00c9change de bonnes pratiques inter-\u00e9tablissements, liens recherche et associations&#8230;<\/li><li>\u00c9cole ouverte aux parents<\/li><\/ul>\n\n\n\n<p class=\"has-text-align-right wp-block-paragraph\"><strong>Pierre Prim<\/strong>, Professeur d&rsquo;Eps \u00e0 B\u00e9ziers. Formateur&nbsp;<\/p>\n\n\n\n<p class=\"wp-block-paragraph\"><\/p>\n\n\n\n<h3 class=\"wp-block-heading\" id=\"exemple-d-emploi-du-temps-a-l-ecole-primaire\"><strong><span class=\"has-inline-color has-luminous-vivid-orange-color\">Exemple d&#8217;emploi du temps \u00e0 l&rsquo;\u00e9cole primaire<\/span><\/strong><\/h3>\n\n\n\n<p class=\"wp-block-paragraph\"><strong>Les objectifs p\u00e9dagogiques se centrent sur un travail transdisciplinaire dans l&rsquo;\u00e9cole en \u00e9laborant des th\u00e9matiques par niveau et par ann\u00e9e visant \u00e0 ce que les \u00e9l\u00e8ves conscientisent les atouts d&rsquo;une bioc\u00e9nose respect\u00e9e et prot\u00e9g\u00e9e.<br>L&rsquo;entraide des \u00e9l\u00e8ves mise en place dans ce projet d&rsquo;\u00e9cole inter-niveaux, les contenus et s\u00e9quences d&rsquo;apprentissage orient\u00e9s dans les disciplines viseront \u00e0 ce que chacun.e d\u00e9veloppent une autonomie et une prise de conscience des in\u00e9galit\u00e9s pour agir et \u00e9changer lucidement .<\/strong><\/p>\n\n\n\n<p class=\"wp-block-paragraph\"><strong>Ex : pour un CE2 Th\u00e8me sur l&rsquo;ann\u00e9e ou un trimestre Plantes m\u00e9dicinales: plantes d&rsquo;ici et d&rsquo;ailleurs<\/strong>. <\/p>\n\n\n\n<figure class=\"wp-block-image size-large\"><img loading=\"lazy\" decoding=\"async\" width=\"1988\" height=\"1654\" src=\"https:\/\/education-bien-commun.fr\/wp-content\/uploads\/2021\/03\/capture-decc81cran-2021-03-22-acc80-06.49.06.png?w=1024\" alt=\"\" class=\"wp-image-2895\" srcset=\"https:\/\/education-bien-commun.fr\/wp-content\/uploads\/2021\/03\/capture-decc81cran-2021-03-22-acc80-06.49.06.png 1988w, https:\/\/education-bien-commun.fr\/wp-content\/uploads\/2021\/03\/capture-decc81cran-2021-03-22-acc80-06.49.06-300x250.png 300w, https:\/\/education-bien-commun.fr\/wp-content\/uploads\/2021\/03\/capture-decc81cran-2021-03-22-acc80-06.49.06-1024x852.png 1024w, https:\/\/education-bien-commun.fr\/wp-content\/uploads\/2021\/03\/capture-decc81cran-2021-03-22-acc80-06.49.06-768x639.png 768w, https:\/\/education-bien-commun.fr\/wp-content\/uploads\/2021\/03\/capture-decc81cran-2021-03-22-acc80-06.49.06-1536x1278.png 1536w\" sizes=\"auto, (max-width: 1988px) 100vw, 1988px\" \/><\/figure>\n\n\n\n<h3 class=\"wp-block-heading\" id=\"un-autre-emploi-du-temps-au-college\"><mark style=\"background-color:rgba(0,0,0,0);\" class=\"has-inline-color has-luminous-vivid-orange-color\">Un autre emploi du temps : au coll\u00e8ge<\/mark><\/h3>\n\n\n\n<figure class=\"wp-block-image size-large\"><img loading=\"lazy\" decoding=\"async\" width=\"2090\" height=\"1728\" src=\"https:\/\/education-bien-commun.fr\/wp-content\/uploads\/2021\/03\/capture-decc81cran-2021-03-22-acc80-06.54.19.png?w=1024\" alt=\"\" class=\"wp-image-2898\" srcset=\"https:\/\/education-bien-commun.fr\/wp-content\/uploads\/2021\/03\/capture-decc81cran-2021-03-22-acc80-06.54.19.png 2090w, https:\/\/education-bien-commun.fr\/wp-content\/uploads\/2021\/03\/capture-decc81cran-2021-03-22-acc80-06.54.19-300x248.png 300w, https:\/\/education-bien-commun.fr\/wp-content\/uploads\/2021\/03\/capture-decc81cran-2021-03-22-acc80-06.54.19-1024x847.png 1024w, https:\/\/education-bien-commun.fr\/wp-content\/uploads\/2021\/03\/capture-decc81cran-2021-03-22-acc80-06.54.19-768x635.png 768w, https:\/\/education-bien-commun.fr\/wp-content\/uploads\/2021\/03\/capture-decc81cran-2021-03-22-acc80-06.54.19-1536x1270.png 1536w, https:\/\/education-bien-commun.fr\/wp-content\/uploads\/2021\/03\/capture-decc81cran-2021-03-22-acc80-06.54.19-2048x1693.png 2048w\" sizes=\"auto, (max-width: 2090px) 100vw, 2090px\" \/><\/figure>\n\n\n\n<figure class=\"wp-block-image size-large\"><img loading=\"lazy\" decoding=\"async\" width=\"2018\" height=\"504\" src=\"https:\/\/education-bien-commun.fr\/wp-content\/uploads\/2021\/03\/capture-decc81cran-2021-03-22-acc80-06.54.34.png?w=1024\" alt=\"\" class=\"wp-image-2900\" srcset=\"https:\/\/education-bien-commun.fr\/wp-content\/uploads\/2021\/03\/capture-decc81cran-2021-03-22-acc80-06.54.34.png 2018w, https:\/\/education-bien-commun.fr\/wp-content\/uploads\/2021\/03\/capture-decc81cran-2021-03-22-acc80-06.54.34-300x75.png 300w, https:\/\/education-bien-commun.fr\/wp-content\/uploads\/2021\/03\/capture-decc81cran-2021-03-22-acc80-06.54.34-1024x256.png 1024w, https:\/\/education-bien-commun.fr\/wp-content\/uploads\/2021\/03\/capture-decc81cran-2021-03-22-acc80-06.54.34-768x192.png 768w, https:\/\/education-bien-commun.fr\/wp-content\/uploads\/2021\/03\/capture-decc81cran-2021-03-22-acc80-06.54.34-1536x384.png 1536w\" sizes=\"auto, (max-width: 2018px) 100vw, 2018px\" \/><\/figure>\n\n\n\n<p class=\"wp-block-paragraph\"><\/p>\n\n\n\n<p class=\"wp-block-paragraph\"><\/p>\n\n\n\n<h3 class=\"wp-block-heading\" id=\"notes\"><mark style=\"background-color:rgba(0,0,0,0);\" class=\"has-inline-color has-luminous-vivid-orange-color\">Notes<\/mark> <\/h3>\n\n\n\n<p class=\"wp-block-paragraph\">Des \u00e9l\u00e8ves, des \u00e9tablissements scolaires engag\u00e9s dans des actions de d\u00e9veloppement durable :<\/p>\n\n\n\n<p class=\"wp-block-paragraph\">De nombreux projets en France s&rsquo;orientent notamment par le biais des E3D pour<strong> d\u00e9bitumiser les cours d&rsquo;\u00e9cole<\/strong> et les rendre ainsi en lieux d&rsquo;exp\u00e9rimentation de plantations d&rsquo;arbres, de potagers, de petites fermes (poulaillers&#8230;)<br>Un appel d&rsquo;enseignant.e.s s&rsquo;en fait l&rsquo;\u00e9cho : <strong><a href=\"https:\/\/enseignantspourlaplanete.com\/appel-pour-la-debitumisation-et-la-revegetalisation-des-cours-%20decole\/\">Appel pour la d\u00e9bitumisation et la rev\u00e9g\u00e9talisation des cours d&rsquo;\u00e9cole<\/a><\/strong>. <\/p>\n\n\n\n<p class=\"wp-block-paragraph\">En exemple \u00e9galement :<br>Un article sur Reporterre relate <strong><a href=\"https:\/\/reporterre.net\/Adieu-bitume-vive-les-cours-d-ecole-vegetalisees\">le projet de l&rsquo;\u00e9cole de l&rsquo;\u00eele \u00e0 Rennes<\/a><\/strong><\/p>\n\n\n\n<p class=\"wp-block-paragraph\">Un article du site de <strong><a href=\"http:\/\/www.lettreducadre.fr\/17686\/des-cours-decole-moins- brutes\/\">La lettre du cadre.fr <\/a><\/strong><\/p>\n\n\n\n<p class=\"wp-block-paragraph\">Un article du journal Le Parisien en 2018 : <strong><a href=\"https:\/\/www.leparisien.fr\/paris-75\/paris-veut-debitumer-ses-cours-d-ecole-22-07-2018-7829805.php\">\u00ab\u00a0Paris veut d\u00e9bitumer les cours d&rsquo;\u00e9cole\u00a0\u00bb.<\/a><\/strong> Objectif : cr\u00e9er des \u00eelots de fra\u00eecheur pendant les p\u00e9riodes de chaleur.<\/p>\n\n\n\n<p class=\"wp-block-paragraph\">Des actions institutionnelles plus globales comme <strong><a href=\"https:\/\/www.echosciences-paca.fr\/articles\/guide-du-participant-le-livre-blanc-de-la-jeunesse-francaise-pour-la-biodiversite-cellule-csti\">le guide du participant au livre blanc de la jeunesse pour la biodiversit\u00e9<\/a><\/strong>.<\/p>\n\n\n\n<p class=\"wp-block-paragraph\">Olivier de Serres, une \u00e9cole \u00e9cologique \u00e0 Paris<br>Architectre, organisation de l&rsquo;espace : <strong><a href=\"http:\/\/Objectif : cr\u00e9er des \u00eelots de fra\u00eecheur pendant les p\u00e9riodes de chaleur\">une \u00e9co-\u00e9cole \u00e0 Paris.<\/a><\/strong><\/p>\n\n\n\n<p class=\"wp-block-paragraph\">Dans T\u00e9l\u00e9rama, en 2019 : A Poissy, <strong><a href=\"https:\/\/www.telerama.fr\/medias\/a-poissy,-ils-ont-10-ans-et-sont-lobbyistes-ecolo,n6182134.php\">ils ont 12 ans et sont lobbyistes \u00e9colo ! <\/a><\/strong><\/p>\n\n\n\n<p class=\"wp-block-paragraph\"><strong><a href=\"http:\/\/www.clg-gerard-philipe-massy.ac-versailles.fr\/spip.php?article142\">Au Coll\u00e8ge G\u00e9rard Philippe \u00e0 Massy<\/a><\/strong> <strong>(<\/strong>Atelier \/ club \/ E3D) : Les \u00e9l\u00e8ves du club D\u00e9veloppement Durable lors de leurs diff\u00e9rentes actions en partenariat avec l\u2019ensemble des personnels de l\u2019\u00e9tablissement ont permis l\u2019obtention pour l\u2019\u00e9tablissement de 2 labels r\u00e9compensant leur investissement en faveur du d\u00e9veloppement durable<\/p>\n\n\n\n<p class=\"wp-block-paragraph\">Etc.<\/p>\n\n\n\n<p class=\"wp-block-paragraph\"><\/p>\n\n\n\n<p class=\"wp-block-paragraph\"><\/p>\n\n\n\n<p class=\"wp-block-paragraph\"><strong>Quelques liens \u00e0 consulter : <\/strong><\/p>\n\n\n\n<p class=\"wp-block-paragraph\"><strong><a href=\"https:\/\/enseignantspourlaplanete.com\/lappel\/\">APPEL DES ENSEIGNANT.E.S POUR LA PLANETE<\/a><\/strong><\/p>\n\n\n\n<p class=\"wp-block-paragraph\">Le <strong><a href=\"\/appelsefederer@riseup.net\">Collectif Se f\u00e9d\u00e9rer<\/a><\/strong><\/p>\n","protected":false},"excerpt":{"rendered":"<p>Par Pierre Prim, Professeur d&rsquo;Eps \u00e0 B\u00e9ziers et formateur.\u00a0Publi\u00e9 dans Syst\u00e8me \u00e9ducatif. Pr\u00e9ambule Les crises climatiques, \u00e9conomiques et sanitaires que nous vivons et qui se succ\u00e8dent avec de plus en plus d&rsquo;ampleur nous rappellent combien il est n\u00e9cessaire de repenser notre monde. Ecologues, anthropologues, m\u00e9decins, sociologues, \u00e9conomistes,&#8230; soucieux des biens communs : tous et toutes&hellip; <a class=\"more-link\" href=\"https:\/\/education-bien-commun.fr\/?p=2870\">Lire la suite <span class=\"screen-reader-text\">Vers une \u00e9cole \u00e9cologique, sociale, solidaire, \u00e9mancipatrice<\/span><\/a><\/p>\n","protected":false},"author":3,"featured_media":0,"comment_status":"open","ping_status":"open","sticky":false,"template":"","format":"standard","meta":{"_jetpack_newsletter_access":"","_jetpack_dont_email_post_to_subs":false,"_jetpack_newsletter_tier_id":0,"_jetpack_memberships_contains_paywalled_content":false,"_jetpack_feature_clip_id":0,"_jetpack_memberships_contains_paid_content":false,"footnotes":"","jetpack_post_was_ever_published":false},"categories":[5,9,10,17,19,22,23,24,28,30,32,37,38,44,59,66,75,80,81,85,96,97],"tags":[],"class_list":["post-2870","post","type-post","status-publish","format-standard","hentry","category-apprentissage","category-bien-commun","category-biodiversite","category-communs","category-complexite","category-construction-du-savoir","category-convention-citoyenne","category-cooperation","category-creativite","category-culture-commune","category-debat-democratique","category-ecole","category-ecologie","category-emancipation","category-formation-des-enseignants","category-innovation","category-pedagogie","category-planification-ecologique","category-politique-educative","category-promotion-collective","category-systeme-educatif","category-transition-ecologique"],"jetpack_sharing_enabled":true,"jetpack_featured_media_url":"","_links":{"self":[{"href":"https:\/\/education-bien-commun.fr\/index.php?rest_route=\/wp\/v2\/posts\/2870","targetHints":{"allow":["GET"]}}],"collection":[{"href":"https:\/\/education-bien-commun.fr\/index.php?rest_route=\/wp\/v2\/posts"}],"about":[{"href":"https:\/\/education-bien-commun.fr\/index.php?rest_route=\/wp\/v2\/types\/post"}],"author":[{"embeddable":true,"href":"https:\/\/education-bien-commun.fr\/index.php?rest_route=\/wp\/v2\/users\/3"}],"replies":[{"embeddable":true,"href":"https:\/\/education-bien-commun.fr\/index.php?rest_route=%2Fwp%2Fv2%2Fcomments&post=2870"}],"version-history":[{"count":0,"href":"https:\/\/education-bien-commun.fr\/index.php?rest_route=\/wp\/v2\/posts\/2870\/revisions"}],"wp:attachment":[{"href":"https:\/\/education-bien-commun.fr\/index.php?rest_route=%2Fwp%2Fv2%2Fmedia&parent=2870"}],"wp:term":[{"taxonomy":"category","embeddable":true,"href":"https:\/\/education-bien-commun.fr\/index.php?rest_route=%2Fwp%2Fv2%2Fcategories&post=2870"},{"taxonomy":"post_tag","embeddable":true,"href":"https:\/\/education-bien-commun.fr\/index.php?rest_route=%2Fwp%2Fv2%2Ftags&post=2870"}],"curies":[{"name":"wp","href":"https:\/\/api.w.org\/{rel}","templated":true}]}}