{"id":2990,"date":"2021-04-08T03:14:22","date_gmt":"2021-04-08T01:14:22","guid":{"rendered":"https:\/\/educationbiencommun.fr\/?p=2990"},"modified":"2021-04-08T03:14:22","modified_gmt":"2021-04-08T01:14:22","slug":"stop-aux-grilles-comportementalistes","status":"publish","type":"post","link":"https:\/\/education-bien-commun.fr\/?p=2990","title":{"rendered":"Stop aux grilles comportementalistes !"},"content":{"rendered":"\n<p class=\"wp-block-paragraph\">Par le groupe \u00e9ducation CNNR (Conseil National de la Nouvelle R\u00e9sistance). Publi\u00e9 dans Syst\u00e8me \u00e9ducatif.<\/p>\n\n\n\n<h3 class=\"has-text-align-center wp-block-heading\" id=\"pas-de-mise-en-cases-des-enfants-de-2-3-ans\"><mark style=\"background-color:rgba(0,0,0,0);\" class=\"has-inline-color has-luminous-vivid-orange-color\">Pas de mise en cases des enfants de 2\/3 ans<\/mark><\/h3>\n\n\n\n<p class=\"wp-block-paragraph\">La maternelle n\u2019est pas le lieu de vie et d\u2019accueil que l\u2019on aimerait imaginer. M\u00eame la pand\u00e9mie n\u2019aura pas permis de stopper la mise en cases d\u2019enfants de 2\/3ans. Tout se passe pour <strong>la DEPP<\/strong>, <strong>la Direction de l\u2019\u00e9valuation, de la prospective et de la performance<\/strong> comme si justement rien ne se passait, comme si rien ne pouvait faire r\u00e9fl\u00e9chir diff\u00e9remment, rompre avec les \u00e9valuations syst\u00e9matiques alors que la crise sanitaire a d\u00e9j\u00e0 bien affect\u00e9 les familles et leurs enfants. Impossible pour <strong>la DEPP<\/strong> de prendre conscience que le monde ne peut plus se voir \u00e0 travers des cases. Pour emprunter la route de la performance, il faut s\u2019y prendre t\u00f4t ! Et cette ann\u00e9e, \u00eatre encore plus performant dans l\u2019\u00e9valuation !<\/p>\n\n\n\n<h3 class=\"has-text-align-center wp-block-heading\" id=\"une-grille-comportementaliste\"><mark style=\"background-color:rgba(0,0,0,0);\" class=\"has-inline-color has-luminous-vivid-orange-color\">Une grille comportementaliste<\/mark><\/h3>\n\n\n\n<p class=\"wp-block-paragraph\">Alors, <strong>\u201cagit\u00e9, rebelle, coupe la parole, r\u00e9pond mal \u00e0 l\u2019adulte, range n\u2019importe comment\u201d voici les intitul\u00e9s d\u2019une grille comportementaliste<\/strong> qu\u2019on ne trouvera pas sur le site du Minist\u00e8re mais qui fait partie d\u2019un questionnaire d\u2019\u00e9valuation exp\u00e9riment\u00e9 aupr\u00e8s de 35000 \u00e9l\u00e8ves dans 1700 classes de janvier \u00e0 mars 2021, un nouveau \u201cpanel\u201d qui sera suivi tout au long de sa scolarit\u00e9 en primaire et secondaire. On pourrait ajouter \u00e0 cela le questionnaire aux familles qui permettra entre autres de mesurer l&rsquo;implication et les attentes des familles en mati\u00e8re d\u2019\u00e9ducation\u201d.<\/p>\n\n\n\n<p class=\"wp-block-paragraph\">Mais quel parent veut vraiment que son enfant aborde la maternelle \u00e0 la rentr\u00e9e 2022 avec un tel questionnaire ? Quel parent souhaite vraiment que son enfant qui entre tout juste \u00e0 l\u2019\u00e9cole soit l\u2019objet de telles \u00e9valuations ? Quel enseignant peut croire que ces m\u00e9thodes vont aider ses \u00e9l\u00e8ves \u00e0 grandir, \u00e0 s\u2019\u00e9panouir, \u00e0 construire avec les autres, enfants et adultes ? Quel enseignant a envie de voir sa classe de petite section comme un groupe o\u00f9 s\u2019affrontent deux camps : celui des sales gosses et les autres ?<\/p>\n\n\n\n<p class=\"wp-block-paragraph\">Qui peut obliger les parents et enseignants \u00e0 renseigner cette grille ? Ses \u201cconcepteurs sp\u00e9cialistes de la maternelle\u201d et des \u201cchercheurs\u201d ? Refusons de g\u00e2cher nos \u00e9nergies \u00e0 construire sans cesse plus de murs, de cellules entre nos enfants quand il devient urgent de construire des ponts, des liens. <strong>Refusons la mise en cases !<\/strong><\/p>\n\n\n\n<p class=\"has-text-align-right wp-block-paragraph\"><strong>Le groupe \u00e9ducation CNNR<\/strong><\/p>\n\n\n\n<p class=\"has-text-align-right wp-block-paragraph\"><strong><a href=\"https:\/\/www.cnnr.fr\/\">Le site du CNNR<\/a><\/strong> Conseil National de la Nouvelle R\u00e9sistance<\/p>\n\n\n\n<p class=\"wp-block-paragraph\">Le site du Minist\u00e8re de l&rsquo;Education Nationale : <strong><a href=\"https:\/\/www.education.gouv.fr\/le-panel-d-eleves-2021-308572\">Le panel des \u00e9l\u00e8ves de 2021<\/a><\/strong><\/p>\n\n\n\n<p class=\"wp-block-paragraph\">\u00ab\u00a0Exclusif : Agit\u00e9, r\u00e9pondeur, d\u00e9sordonn\u00e9, rebelle : Le dr\u00f4le de questionnaire du minist\u00e8re pour les 3 ans&nbsp;\u00ab\u00a0. <strong><a href=\"http:\/\/www.cafepedagogique.net\/lexpresso\/Pages\/2021\/01\/21012021Article637468096302100882.aspx\">Sur le site du Caf\u00e9 p\u00e9dagogique.<\/a><\/strong><\/p>\n","protected":false},"excerpt":{"rendered":"<p>Par le groupe \u00e9ducation CNNR (Conseil National de la Nouvelle R\u00e9sistance). Publi\u00e9 dans Syst\u00e8me \u00e9ducatif. Pas de mise en cases des enfants de 2\/3 ans La maternelle n\u2019est pas le lieu de vie et d\u2019accueil que l\u2019on aimerait imaginer. M\u00eame la pand\u00e9mie n\u2019aura pas permis de stopper la mise en cases d\u2019enfants de 2\/3ans. Tout&hellip; <a class=\"more-link\" href=\"https:\/\/education-bien-commun.fr\/?p=2990\">Lire la suite <span class=\"screen-reader-text\">Stop aux grilles comportementalistes !<\/span><\/a><\/p>\n","protected":false},"author":3,"featured_media":0,"comment_status":"open","ping_status":"open","sticky":false,"template":"","format":"standard","meta":{"_jetpack_newsletter_access":"","_jetpack_dont_email_post_to_subs":false,"_jetpack_newsletter_tier_id":0,"_jetpack_memberships_contains_paywalled_content":false,"_jetpack_feature_clip_id":0,"_jetpack_memberships_contains_paid_content":false,"footnotes":"","jetpack_post_was_ever_published":false},"categories":[5,18,37,43,46,47,55,58,75,81,96],"tags":[],"class_list":["post-2990","post","type-post","status-publish","format-standard","hentry","category-apprentissage","category-competition","category-ecole","category-eleve","category-enfant","category-enseignement","category-exclusion","category-formater","category-pedagogie","category-politique-educative","category-systeme-educatif"],"jetpack_sharing_enabled":true,"jetpack_featured_media_url":"","_links":{"self":[{"href":"https:\/\/education-bien-commun.fr\/index.php?rest_route=\/wp\/v2\/posts\/2990","targetHints":{"allow":["GET"]}}],"collection":[{"href":"https:\/\/education-bien-commun.fr\/index.php?rest_route=\/wp\/v2\/posts"}],"about":[{"href":"https:\/\/education-bien-commun.fr\/index.php?rest_route=\/wp\/v2\/types\/post"}],"author":[{"embeddable":true,"href":"https:\/\/education-bien-commun.fr\/index.php?rest_route=\/wp\/v2\/users\/3"}],"replies":[{"embeddable":true,"href":"https:\/\/education-bien-commun.fr\/index.php?rest_route=%2Fwp%2Fv2%2Fcomments&post=2990"}],"version-history":[{"count":0,"href":"https:\/\/education-bien-commun.fr\/index.php?rest_route=\/wp\/v2\/posts\/2990\/revisions"}],"wp:attachment":[{"href":"https:\/\/education-bien-commun.fr\/index.php?rest_route=%2Fwp%2Fv2%2Fmedia&parent=2990"}],"wp:term":[{"taxonomy":"category","embeddable":true,"href":"https:\/\/education-bien-commun.fr\/index.php?rest_route=%2Fwp%2Fv2%2Fcategories&post=2990"},{"taxonomy":"post_tag","embeddable":true,"href":"https:\/\/education-bien-commun.fr\/index.php?rest_route=%2Fwp%2Fv2%2Ftags&post=2990"}],"curies":[{"name":"wp","href":"https:\/\/api.w.org\/{rel}","templated":true}]}}