{"id":326,"date":"2020-05-22T09:20:14","date_gmt":"2020-05-22T07:20:14","guid":{"rendered":"http:\/\/educationbiencommun.fr\/?p=326"},"modified":"2020-05-22T09:20:14","modified_gmt":"2020-05-22T07:20:14","slug":"eloge-des-communs","status":"publish","type":"post","link":"https:\/\/education-bien-commun.fr\/?p=326","title":{"rendered":"\u00ab\u00a0Eloge des Communs\u00a0\u00bb"},"content":{"rendered":"\n<p class=\"wp-block-paragraph\">Sur le site Non fiction, le quotidien des livres et des id\u00e9es, <\/p>\n\n\n\n<p class=\"wp-block-paragraph\">Patrick Pharo vient de publier \u00ab\u00a0<em><strong>Eloge des<\/strong><\/em><strong><em> communs<\/em>\u00a0\u00bb <\/strong>aux PUF en mars 2020. Il est interview\u00e9 sur le site Non fiction. Patrick Pharo est un sociologue fran\u00e7ais, ancien directeur de recherche au Centre national de recherche scientifique et directeur du Centre de recherche Sens \u00c9thique Soci\u00e9t\u00e9. Il a enseign\u00e9 \u00e0 l&rsquo;EHESS, l&rsquo;Universit\u00e9 Paris Descartes, Syracuse University et Louvain-la-Neuve.\u00a0<\/p>\n\n\n\n<blockquote class=\"wp-block-quote is-layout-flow wp-block-quote-is-layout-flow\"><p>\u00ab\u00a0<strong>Non fiction&nbsp;: Vous approfondissez dans ce livre le diagnostic que vous aviez port\u00e9 sur la soci\u00e9t\u00e9 actuelle dans votre pr\u00e9c\u00e9dent ouvrage,&nbsp;<em>Le Capitalisme addictif&nbsp;<\/em>(PUF, 2018), en montrant que la fabrication d\u2019addictions \u00e0 des fins commerciales, amplifi\u00e9e par les technologies num\u00e9riques, qui caract\u00e9rise selon vous le capitalisme actuel, a contribu\u00e9 \u00e0 \u00e9roder chez les individus tout sentiment de communaut\u00e9, ou tout au moins de communaut\u00e9 \u00e9largie.<\/strong>\u00ab\u00a0<\/p><\/blockquote>\n\n\n\n<p class=\"wp-block-paragraph\"><\/p>\n\n\n\n<p class=\"wp-block-paragraph\">Le Capitalisme actuel a \u00e9rod\u00e9 \u00ab\u00a0Le lien de communaut\u00e9 avec sa famille, ses coreligionnaires ou ses compatriotes\u00a0\u00bb.<\/p>\n\n\n\n<p class=\"wp-block-paragraph\">Mais  il a aussi consid\u00e9rablement att\u00e9nu\u00e9 \u00ab\u00a0Le lien de communaut\u00e9 avec le premier venu\u00a0\u00bb \u00ab\u00a0de communaut\u00e9 indiff\u00e9renci\u00e9e\u00a0\u00bb. Patrick Pharo montre que celui-ci a \u00e9t\u00e9 \u00ab\u00a0fortement cultiv\u00e9 jusqu\u2019au milieu du vingti\u00e8me si\u00e8cle par les id\u00e9es socialistes et l\u2019esprit de r\u00e9sistance au nazisme, avec dans l\u2019apr\u00e8s-guerre les plans \u00e9conomiques de reconstruction et les grandes r\u00e9formes sociales.\u00a0\u00bb Puis les ann\u00e9es suivantes du milieu du 20\u00e8me \u00e0 nos jours ont contribu\u00e9 \u00e0 l&rsquo;affaiblir. Il a \u00e9t\u00e9 attaqu\u00e9 de toutes parts pour donner la soci\u00e9t\u00e9 que nous connaissons qui privil\u00e9gie \u00ab\u00a0la recherche de performance \u00e9conomique et la stimulation des d\u00e9sirs individuels de succ\u00e8s et de r\u00e9compenses sur toute autre consid\u00e9ration \u00e9cologique, sociale ou de solidarit\u00e9 avec les populations en d\u00e9tresse.\u00a0\u00bb Nouvelles conditions de travail, Internet, peur des autres etc. ont d\u00e9truit les liens de toutes sortes.<\/p>\n\n\n\n<p class=\"wp-block-paragraph\">Patrick Pharo d\u00e9clare \u00ab\u00a0J\u2019essaie dans mon livre de trouver des voies de sortie \u00e0 cet enfermement \u00e0 partir du mouvement de r\u00e9tablissement d\u2019une soci\u00e9t\u00e9 d\u00e9cente qui se d\u00e9veloppe autour de la prise de conscience de l\u2019urgence \u00e9cologique.\u00a0\u00bb <\/p>\n\n\n\n<p class=\"wp-block-paragraph\">Il appell \u00e0 une nouvelle \u00e8re, celle des Communs : \u00ab\u00a0ce mouvement peut concerner tous les secteurs de la soci\u00e9t\u00e9 : intellectuels, salari\u00e9s, agriculteurs, cr\u00e9ateurs d\u2019entreprises&#8230; C\u2019est un retour aux communs au sens qu\u2019il se pr\u00e9occupe en priorit\u00e9 de la part de ressources qui doit rester au commun et aux autres, au-del\u00e0 de la part de chacun.\u00a0\u00bb<\/p>\n\n\n\n<p class=\"has-text-align-center wp-block-paragraph\"><a href=\"https:\/\/www.nonfiction.fr\/article-10263-entretien-avec-patrick-pharo-eloge-des-communs.htm\"><strong>Lire l&rsquo;interview de Patrick Pharo ici<\/strong><\/a><\/p>\n\n\n\n<p class=\"wp-block-paragraph\">Une interview toujours sur ce site de Patrick Pharo pour son livre de f\u00e9vrier 2018<a href=\"https:\/\/www.nonfiction.fr\/article-9408-entretien-avec-patrick-pharo-a-propos-du-capitalisme-addictif.htm\"> <strong>\u00ab\u00a0Le Capitalisme addictif\u00a0\u00bb<\/strong><\/a><\/p>\n\n\n\n<p class=\"wp-block-paragraph\">Texte propos\u00e9 par Michel Plee de l&rsquo;AFL (Association Fran\u00e7aise pour la Lecture)<\/p>\n","protected":false},"excerpt":{"rendered":"<p>Sur le site Non fiction, le quotidien des livres et des id\u00e9es, Patrick Pharo vient de publier \u00ab\u00a0Eloge des communs\u00a0\u00bb aux PUF en mars 2020. Il est interview\u00e9 sur le site Non fiction. Patrick Pharo est un sociologue fran\u00e7ais, ancien directeur de recherche au Centre national de recherche scientifique et directeur du Centre de recherche&hellip; <a class=\"more-link\" href=\"https:\/\/education-bien-commun.fr\/?p=326\">Lire la suite <span class=\"screen-reader-text\">\u00ab\u00a0Eloge des Communs\u00a0\u00bb<\/span><\/a><\/p>\n","protected":false},"author":3,"featured_media":0,"comment_status":"open","ping_status":"open","sticky":false,"template":"","format":"standard","meta":{"_jetpack_newsletter_access":"","_jetpack_dont_email_post_to_subs":false,"_jetpack_newsletter_tier_id":0,"_jetpack_memberships_contains_paywalled_content":false,"_jetpack_feature_clip_id":0,"_jetpack_memberships_contains_paid_content":false,"footnotes":"","jetpack_post_was_ever_published":false},"categories":[9,11,17,18,24,38,51,55,84],"tags":[],"class_list":["post-326","post","type-post","status-publish","format-standard","hentry","category-bien-commun","category-capitalisme","category-communs","category-competition","category-cooperation","category-ecologie","category-entraide","category-exclusion","category-productivisme"],"jetpack_sharing_enabled":true,"jetpack_featured_media_url":"","_links":{"self":[{"href":"https:\/\/education-bien-commun.fr\/index.php?rest_route=\/wp\/v2\/posts\/326","targetHints":{"allow":["GET"]}}],"collection":[{"href":"https:\/\/education-bien-commun.fr\/index.php?rest_route=\/wp\/v2\/posts"}],"about":[{"href":"https:\/\/education-bien-commun.fr\/index.php?rest_route=\/wp\/v2\/types\/post"}],"author":[{"embeddable":true,"href":"https:\/\/education-bien-commun.fr\/index.php?rest_route=\/wp\/v2\/users\/3"}],"replies":[{"embeddable":true,"href":"https:\/\/education-bien-commun.fr\/index.php?rest_route=%2Fwp%2Fv2%2Fcomments&post=326"}],"version-history":[{"count":0,"href":"https:\/\/education-bien-commun.fr\/index.php?rest_route=\/wp\/v2\/posts\/326\/revisions"}],"wp:attachment":[{"href":"https:\/\/education-bien-commun.fr\/index.php?rest_route=%2Fwp%2Fv2%2Fmedia&parent=326"}],"wp:term":[{"taxonomy":"category","embeddable":true,"href":"https:\/\/education-bien-commun.fr\/index.php?rest_route=%2Fwp%2Fv2%2Fcategories&post=326"},{"taxonomy":"post_tag","embeddable":true,"href":"https:\/\/education-bien-commun.fr\/index.php?rest_route=%2Fwp%2Fv2%2Ftags&post=326"}],"curies":[{"name":"wp","href":"https:\/\/api.w.org\/{rel}","templated":true}]}}