{"id":3263,"date":"2021-05-22T15:00:54","date_gmt":"2021-05-22T13:00:54","guid":{"rendered":"https:\/\/educationbiencommun.fr\/?p=3263"},"modified":"2021-05-22T15:00:54","modified_gmt":"2021-05-22T13:00:54","slug":"quest-ce-quun-eleve-sujet-et-comment-laider-a-le-devenir","status":"publish","type":"post","link":"https:\/\/education-bien-commun.fr\/?p=3263","title":{"rendered":"Qu\u2019est-ce qu\u2019un \u00ab \u00e9l\u00e8ve-sujet \u00bb et comment l\u2019aider \u00e0 le devenir ?"},"content":{"rendered":"\n<p class=\"wp-block-paragraph\">Par Philippe Meirieu, professeur honoraire en sciences de l\u2019\u00e9ducation, pr\u00e9sident des CEMEA. Publi\u00e9 dans El\u00e8ves, enfants<\/p>\n\n\n\n<p class=\"wp-block-paragraph\">Philippe Meirieu a publi\u00e9 sur son site ce texte sur \u00ab\u00a0l&rsquo;\u00e9l\u00e8ve-sujet\u00a0\u00bb en 2017 et le Caf\u00e9 P\u00e9dagogique le r\u00e9actualise ce mois de mai 2021 . \u00a0\u00bb Il&nbsp; faut&nbsp; des adultes&nbsp; coh\u00e9rents,&nbsp; dont&nbsp; le&nbsp; combat&nbsp; id\u00e9ologique&nbsp; et&nbsp; l\u2019action&nbsp; p\u00e9dagogique entrent&nbsp;en&nbsp;&nbsp; r\u00e9sonance :&nbsp;&nbsp;non&nbsp;&nbsp;pour&nbsp;formater&nbsp;&nbsp; leurs&nbsp;&nbsp; \u00e9l\u00e8ves,&nbsp;mais,&nbsp;au contraire,&nbsp;&nbsp;&nbsp; pour&nbsp;&nbsp;&nbsp; s\u2019opposer \u00e0&nbsp;&nbsp;&nbsp; toute&nbsp;&nbsp;&nbsp; forme&nbsp;&nbsp;&nbsp; de&nbsp;&nbsp;&nbsp; normalisation&nbsp;&nbsp;&nbsp; et d\u2019assujettissement\u00a0\u00bb. Philippe Meirieu r\u00e9fl\u00e9chit \u00e0 ce que serait l&rsquo;\u00e9ducation de cet \u00ab\u00a0\u00e9l\u00e8ve sujet\u00a0\u00bb . &nbsp;Un \u00e9l\u00e8ve sujet ne se prend pas pour le centre du monde. Il sursoit \u00e0 ses impulsions. Il sait distinguer la tache scolaire de ce qu&rsquo;il apprend. Il sait fixer son attention. Il distingue le savoir du croire. Il sait transformer ses pulsions en cr\u00e9ation. Une table en 10 points qui donne \u00e0 l&rsquo;Ecole une dimension d&rsquo;\u00e9ducation humaine.\u00a0\u00bb <\/p>\n\n\n\n<p class=\"wp-block-paragraph\"><strong><a href=\"http:\/\/www.cafepedagogique.net\/lexpresso\/Pages\/2021\/05\/04052021Article637557116733703581.aspx\">Lire sur la page du Caf\u00e9 p\u00e9dagogique qui renvoie au texte en pdf de Philippe Meirieu.<\/a><\/strong><\/p>\n","protected":false},"excerpt":{"rendered":"<p>Par Philippe Meirieu, professeur honoraire en sciences de l\u2019\u00e9ducation, pr\u00e9sident des CEMEA. Publi\u00e9 dans El\u00e8ves, enfants Philippe Meirieu a publi\u00e9 sur son site ce texte sur \u00ab\u00a0l&rsquo;\u00e9l\u00e8ve-sujet\u00a0\u00bb en 2017 et le Caf\u00e9 P\u00e9dagogique le r\u00e9actualise ce mois de mai 2021 . \u00a0\u00bb Il&nbsp; faut&nbsp; des adultes&nbsp; coh\u00e9rents,&nbsp; dont&nbsp; le&nbsp; combat&nbsp; id\u00e9ologique&nbsp; et&nbsp; l\u2019action&nbsp; p\u00e9dagogique entrent&nbsp;en&nbsp;&nbsp;&hellip; <a class=\"more-link\" href=\"https:\/\/education-bien-commun.fr\/?p=3263\">Lire la suite <span class=\"screen-reader-text\">Qu\u2019est-ce qu\u2019un \u00ab \u00e9l\u00e8ve-sujet \u00bb et comment l\u2019aider \u00e0 le devenir ?<\/span><\/a><\/p>\n","protected":false},"author":3,"featured_media":0,"comment_status":"open","ping_status":"open","sticky":true,"template":"","format":"standard","meta":{"_jetpack_newsletter_access":"","_jetpack_dont_email_post_to_subs":false,"_jetpack_newsletter_tier_id":0,"_jetpack_memberships_contains_paywalled_content":false,"_jetpack_feature_clip_id":0,"_jetpack_memberships_contains_paid_content":false,"footnotes":"","jetpack_post_was_ever_published":false},"categories":[5,22,43,47,75],"tags":[],"class_list":["post-3263","post","type-post","status-publish","format-standard","hentry","category-apprentissage","category-construction-du-savoir","category-eleve","category-enseignement","category-pedagogie"],"jetpack_sharing_enabled":true,"jetpack_featured_media_url":"","_links":{"self":[{"href":"https:\/\/education-bien-commun.fr\/index.php?rest_route=\/wp\/v2\/posts\/3263","targetHints":{"allow":["GET"]}}],"collection":[{"href":"https:\/\/education-bien-commun.fr\/index.php?rest_route=\/wp\/v2\/posts"}],"about":[{"href":"https:\/\/education-bien-commun.fr\/index.php?rest_route=\/wp\/v2\/types\/post"}],"author":[{"embeddable":true,"href":"https:\/\/education-bien-commun.fr\/index.php?rest_route=\/wp\/v2\/users\/3"}],"replies":[{"embeddable":true,"href":"https:\/\/education-bien-commun.fr\/index.php?rest_route=%2Fwp%2Fv2%2Fcomments&post=3263"}],"version-history":[{"count":0,"href":"https:\/\/education-bien-commun.fr\/index.php?rest_route=\/wp\/v2\/posts\/3263\/revisions"}],"wp:attachment":[{"href":"https:\/\/education-bien-commun.fr\/index.php?rest_route=%2Fwp%2Fv2%2Fmedia&parent=3263"}],"wp:term":[{"taxonomy":"category","embeddable":true,"href":"https:\/\/education-bien-commun.fr\/index.php?rest_route=%2Fwp%2Fv2%2Fcategories&post=3263"},{"taxonomy":"post_tag","embeddable":true,"href":"https:\/\/education-bien-commun.fr\/index.php?rest_route=%2Fwp%2Fv2%2Ftags&post=3263"}],"curies":[{"name":"wp","href":"https:\/\/api.w.org\/{rel}","templated":true}]}}