{"id":3269,"date":"2021-05-22T15:07:28","date_gmt":"2021-05-22T13:07:28","guid":{"rendered":"https:\/\/educationbiencommun.fr\/?p=3269"},"modified":"2021-05-22T15:07:28","modified_gmt":"2021-05-22T13:07:28","slug":"le-merite-est-il-encore-un-ideal-democratique","status":"publish","type":"post","link":"https:\/\/education-bien-commun.fr\/?p=3269","title":{"rendered":"Le m\u00e9rite est-il encore un id\u00e9al d\u00e9mocratique ?"},"content":{"rendered":"\n<p class=\"wp-block-paragraph\">Publi\u00e9 dans Syst\u00e8me \u00e9ducatif.<\/p>\n\n\n\n<p class=\"wp-block-paragraph\">\u00ab\u00a0\u00c0 l\u2019heure o\u00f9 une large frange de la jeunesse aborde les examens et concours cens\u00e9s certifier les m\u00e9rites de chacun, croit-on encore vraiment au bien-fond\u00e9 de ces \u00e9preuves&nbsp;? La r\u00e9ponse est sans doute\u2026 oui et non.<\/p>\n\n\n\n<p class=\"wp-block-paragraph\">Non, au vu des critiques r\u00e9currentes des \u00e9valuations et des in\u00e9galit\u00e9s scolaires. Oui, quand on observe que les premiers int\u00e9ress\u00e9s (soutenus par leurs parents) se plient, sans trop broncher, \u00e0 ces rituels de fin d\u2019ann\u00e9e, quand on voit que le poids exorbitant des dipl\u00f4mes sur les carri\u00e8res professionnelles n\u2019est gu\u00e8re contest\u00e9, ou encore, qu\u2019en France comme en Europe, nous confions les r\u00eanes du pouvoir \u00e0 des \u00e9lites hyper dipl\u00f4m\u00e9es\u2026\u00a0\u00bb<\/p>\n\n\n\n<p class=\"wp-block-paragraph\"><strong><a href=\"https:\/\/theconversation.com\/le-merite-est-il-encore-un-ideal-democratique-159488\">A lire sur le site The Conversation \u00e0 cette page.<\/a><\/strong><\/p>\n","protected":false},"excerpt":{"rendered":"<p>Publi\u00e9 dans Syst\u00e8me \u00e9ducatif. \u00ab\u00a0\u00c0 l\u2019heure o\u00f9 une large frange de la jeunesse aborde les examens et concours cens\u00e9s certifier les m\u00e9rites de chacun, croit-on encore vraiment au bien-fond\u00e9 de ces \u00e9preuves&nbsp;? La r\u00e9ponse est sans doute\u2026 oui et non. Non, au vu des critiques r\u00e9currentes des \u00e9valuations et des in\u00e9galit\u00e9s scolaires. Oui, quand on&hellip; <a class=\"more-link\" href=\"https:\/\/education-bien-commun.fr\/?p=3269\">Lire la suite <span class=\"screen-reader-text\">Le m\u00e9rite est-il encore un id\u00e9al d\u00e9mocratique ?<\/span><\/a><\/p>\n","protected":false},"author":3,"featured_media":0,"comment_status":"open","ping_status":"open","sticky":true,"template":"","format":"standard","meta":{"_jetpack_newsletter_access":"","_jetpack_dont_email_post_to_subs":false,"_jetpack_newsletter_tier_id":0,"_jetpack_memberships_contains_paywalled_content":false,"_jetpack_feature_clip_id":0,"_jetpack_memberships_contains_paid_content":false,"footnotes":"","jetpack_post_was_ever_published":false},"categories":[5,18,33,37,43,47,65,96],"tags":[],"class_list":["post-3269","post","type-post","status-publish","format-standard","hentry","category-apprentissage","category-competition","category-democratie","category-ecole","category-eleve","category-enseignement","category-inegalites","category-systeme-educatif"],"jetpack_sharing_enabled":true,"jetpack_featured_media_url":"","_links":{"self":[{"href":"https:\/\/education-bien-commun.fr\/index.php?rest_route=\/wp\/v2\/posts\/3269","targetHints":{"allow":["GET"]}}],"collection":[{"href":"https:\/\/education-bien-commun.fr\/index.php?rest_route=\/wp\/v2\/posts"}],"about":[{"href":"https:\/\/education-bien-commun.fr\/index.php?rest_route=\/wp\/v2\/types\/post"}],"author":[{"embeddable":true,"href":"https:\/\/education-bien-commun.fr\/index.php?rest_route=\/wp\/v2\/users\/3"}],"replies":[{"embeddable":true,"href":"https:\/\/education-bien-commun.fr\/index.php?rest_route=%2Fwp%2Fv2%2Fcomments&post=3269"}],"version-history":[{"count":0,"href":"https:\/\/education-bien-commun.fr\/index.php?rest_route=\/wp\/v2\/posts\/3269\/revisions"}],"wp:attachment":[{"href":"https:\/\/education-bien-commun.fr\/index.php?rest_route=%2Fwp%2Fv2%2Fmedia&parent=3269"}],"wp:term":[{"taxonomy":"category","embeddable":true,"href":"https:\/\/education-bien-commun.fr\/index.php?rest_route=%2Fwp%2Fv2%2Fcategories&post=3269"},{"taxonomy":"post_tag","embeddable":true,"href":"https:\/\/education-bien-commun.fr\/index.php?rest_route=%2Fwp%2Fv2%2Ftags&post=3269"}],"curies":[{"name":"wp","href":"https:\/\/api.w.org\/{rel}","templated":true}]}}