{"id":338,"date":"2020-05-22T18:49:13","date_gmt":"2020-05-22T16:49:13","guid":{"rendered":"http:\/\/educationbiencommun.fr\/?p=338"},"modified":"2020-05-22T18:49:13","modified_gmt":"2020-05-22T16:49:13","slug":"nous-y-voila-nous-y-sommes-par-fred-vargas","status":"publish","type":"post","link":"https:\/\/education-bien-commun.fr\/?p=338","title":{"rendered":"\u00ab\u00a0Nous y voil\u00e0, nous y sommes \u00a0\u00bb par Fred Vargas"},"content":{"rendered":"\n<p class=\"wp-block-paragraph\">Ce texte dit par Charlotte Gainsbourg sur Youtube montre que la r\u00e9flexion sur notre futur probl\u00e9matique et la d\u00e9nonciation de nos modes de vie occidentaux (un quart de la population mondiale) est entr\u00e9e dans la litt\u00e9rature et en particulier de fa\u00e7on \u00e9clairante avec Fred Vargas il y a plus de douze ans, en 2008. Depuis la situation s&rsquo;est aggrav\u00e9e, on en conna\u00eet un des aspects avec la crise du Covid 19. Le texte de Fred Vargas a \u00e9t\u00e9 lu \u00e0 l&rsquo;inauguration de la Cop 24.<\/p>\n\n\n\n<p class=\"has-text-align-center wp-block-paragraph\"><a href=\"https:\/\/www.youtube.com\/watch?v=w3qbkV-SdxQ\"><strong>Le voici <\/strong><\/a><\/p>\n\n\n\n<p class=\"wp-block-paragraph\">Une autre vid\u00e9o de son \u00e9diteur Flammarion est intitul\u00e9e \u00ab\u00a0Le cri d&rsquo;alarme de Fred Vargas\u00a0\u00bb o\u00f9 elle d\u00e9clare \u00ab\u00a0Sauvons le monde et bon sang, sauvons les enfants\u00a0\u00bb. <strong><a href=\"https:\/\/www.youtube.com\/watch?v=RcmAae8WfE8\">La voici<\/a><\/strong><\/p>\n","protected":false},"excerpt":{"rendered":"<p>Ce texte dit par Charlotte Gainsbourg sur Youtube montre que la r\u00e9flexion sur notre futur probl\u00e9matique et la d\u00e9nonciation de nos modes de vie occidentaux (un quart de la population mondiale) est entr\u00e9e dans la litt\u00e9rature et en particulier de fa\u00e7on \u00e9clairante avec Fred Vargas il y a plus de douze ans, en 2008. Depuis&hellip; <a class=\"more-link\" href=\"https:\/\/education-bien-commun.fr\/?p=338\">Lire la suite <span class=\"screen-reader-text\">\u00ab\u00a0Nous y voil\u00e0, nous y sommes \u00a0\u00bb par Fred Vargas<\/span><\/a><\/p>\n","protected":false},"author":3,"featured_media":0,"comment_status":"open","ping_status":"open","sticky":false,"template":"","format":"standard","meta":{"_jetpack_newsletter_access":"","_jetpack_dont_email_post_to_subs":false,"_jetpack_newsletter_tier_id":0,"_jetpack_memberships_contains_paywalled_content":false,"_jetpack_feature_clip_id":0,"_jetpack_memberships_contains_paid_content":false,"footnotes":"","jetpack_post_was_ever_published":false},"categories":[10,13,27,38,52,56,60,84,86,94,97],"tags":[],"class_list":["post-338","post","type-post","status-publish","format-standard","hentry","category-biodiversite","category-changement-climatique","category-cop-24","category-ecologie","category-ere-de-lanthropocene","category-extinctions","category-frugalite","category-productivisme","category-rechauffement-climatique","category-solidarite","category-transition-ecologique"],"jetpack_sharing_enabled":true,"jetpack_featured_media_url":"","_links":{"self":[{"href":"https:\/\/education-bien-commun.fr\/index.php?rest_route=\/wp\/v2\/posts\/338","targetHints":{"allow":["GET"]}}],"collection":[{"href":"https:\/\/education-bien-commun.fr\/index.php?rest_route=\/wp\/v2\/posts"}],"about":[{"href":"https:\/\/education-bien-commun.fr\/index.php?rest_route=\/wp\/v2\/types\/post"}],"author":[{"embeddable":true,"href":"https:\/\/education-bien-commun.fr\/index.php?rest_route=\/wp\/v2\/users\/3"}],"replies":[{"embeddable":true,"href":"https:\/\/education-bien-commun.fr\/index.php?rest_route=%2Fwp%2Fv2%2Fcomments&post=338"}],"version-history":[{"count":0,"href":"https:\/\/education-bien-commun.fr\/index.php?rest_route=\/wp\/v2\/posts\/338\/revisions"}],"wp:attachment":[{"href":"https:\/\/education-bien-commun.fr\/index.php?rest_route=%2Fwp%2Fv2%2Fmedia&parent=338"}],"wp:term":[{"taxonomy":"category","embeddable":true,"href":"https:\/\/education-bien-commun.fr\/index.php?rest_route=%2Fwp%2Fv2%2Fcategories&post=338"},{"taxonomy":"post_tag","embeddable":true,"href":"https:\/\/education-bien-commun.fr\/index.php?rest_route=%2Fwp%2Fv2%2Ftags&post=338"}],"curies":[{"name":"wp","href":"https:\/\/api.w.org\/{rel}","templated":true}]}}