{"id":3481,"date":"2021-07-03T08:26:05","date_gmt":"2021-07-03T06:26:05","guid":{"rendered":"https:\/\/educationbiencommun.fr\/?p=3481"},"modified":"2021-07-03T08:26:05","modified_gmt":"2021-07-03T06:26:05","slug":"doit-on-attendre-quelque-chose-des-enfants-a-lecole","status":"publish","type":"post","link":"https:\/\/education-bien-commun.fr\/?p=3481","title":{"rendered":"Doit-on \u00ab\u00a0attendre\u00a0\u00bb quelque chose des enfants \u00e0 l&rsquo;\u00e9cole ?"},"content":{"rendered":"\n<p class=\"wp-block-paragraph\">Par Eveline Charmeux, ancienne professeure de fran\u00e7ais et formatrice d&rsquo;enseignants. Publi\u00e9 dans Savoirs \u00e9mancipateurs<\/p>\n\n\n\n<h3 class=\"has-text-align-center wp-block-heading\" id=\"les-attendus-des-eleves-a-l-entree-au-cp-ou-au-college\"><mark style=\"background-color:rgba(0,0,0,0);\" class=\"has-inline-color has-luminous-vivid-orange-color\">Les attendus des \u00e9l\u00e8ves \u00e0 l&rsquo;entr\u00e9e au CP ou au coll\u00e8ge&#8230;<\/mark><\/h3>\n\n\n\n<p class=\"wp-block-paragraph\">Voici, comme \u00ab\u00a0cahier de vacances\u00a0\u00bb, un petit sujet de r\u00e9flexion qui me chiffonne depuis toujours dans mon m\u00e9tier de formateur d&rsquo;enseignants, parce que c&rsquo;est une question bien souvent entendue des coll\u00e8gues : \u00ab\u00a0qu&rsquo;est-ce qu&rsquo;on doit attendre d&rsquo;un enfant \u00e0 l&rsquo;entr\u00e9e au CP ? (ou plus tard&#8230;)\u00a0\u00bb<br>Ce qui me donne envie de demander, sur ce point, leur avis aux lecteurs de ce blog, c&rsquo;est la parution des nouveaux programmes pour l&rsquo;\u00c9cole Maternelle. Moins pires que le projet initial, avec comme un relent de ceux de 2015, ils conservent n\u00e9anmoins la raideur \u00e0 la mode, interpr\u00e9tation grossi\u00e8rement erron\u00e9e de la \u00ab\u00a0rigueur\u00a0\u00bb.<br>Surtout, chacun des chapitres se trouve couronn\u00e9 du fameux \u00ab\u00a0Ce qui est attendu des enfants en fin d&rsquo;\u00e9cole maternelle\u00a0\u00bb, dont le minist\u00e8re est tr\u00e8s fier : \u00e7a fait tellement \u00ab\u00a0scientifique\u00a0\u00bb&#8230;<\/p>\n\n\n\n<h3 class=\"has-text-align-center wp-block-heading\" id=\"on-n-a-rien-a-attendre-des-enfants-on-a-a-les-attendre-eux\"><mark style=\"background-color:rgba(0,0,0,0);\" class=\"has-inline-color has-luminous-vivid-orange-color\">On n&rsquo;a rien \u00e0 attendre des enfants, on a \u00e0 les attendre, eux&#8230;<\/mark><\/h3>\n\n\n\n<p class=\"wp-block-paragraph\">Ce qu&rsquo;on doit attendre des enfants ? C&rsquo;est une question qu&rsquo;on m&rsquo;a bien souvent pos\u00e9e, \u00e0 laquelle je r\u00e9pondais invariablement : \u00ab\u00a0Ce qu&rsquo;on doit attendre d&rsquo;eux ? Rien !! On n&rsquo;a rien \u00e0 attendre des enfants (ni des adultes, du reste !) on a&nbsp;<em><strong>\u00e0 LES attendre, eux<\/strong><\/em>, et \u00e0 <strong>les recevoir tels qu&rsquo;ils sont, pour les aider \u00e0 prendre la bonne direction<\/strong>.\u00a0\u00bb<\/p>\n\n\n\n<p class=\"wp-block-paragraph\">\u00ab\u00a0Oui, me direz-vous, mais tout de m\u00eame, il faut savoir o\u00f9 l&rsquo;on va avec un maximum de pr\u00e9cision : n&rsquo;est-ce pas indispensable pour faire du bon travail ?\u00a0\u00bb.<br>Certes, il faut savoir o\u00f9 l&rsquo;on va. Mais cette connaissance, pr\u00e9cise, n&rsquo;a rien \u00e0 voir avec l&rsquo;obligation d&rsquo;y arriver, ni avec celle d&rsquo;obtenir que les \u00e9l\u00e8ves y arrivent \u00e0 tout prix.<br>Contrairement \u00e0 ce que l&rsquo;opinion publique pense, un objectif n&rsquo;est pas un \u00ab\u00a0but\u00a0\u00bb, c&rsquo;est une&nbsp;<em><strong>direction<\/strong><\/em>.<br>Et ce n&rsquo;est pas pour rien que le verbe qui l&rsquo;accompagne g\u00e9n\u00e9ralement est \u00ab\u00a0poursuivre\u00a0\u00bb ! En fait, l&rsquo;objectif ne se sauve pas et l&rsquo;on n&rsquo;a pas \u00e0 courir derri\u00e8re lui : le verbe est inadapt\u00e9. Simplement, l&rsquo;objectif est loin, et l&rsquo;on ne peut que s&rsquo;en approcher.<br>Il est ce qu&rsquo;on&nbsp;<em><strong>vise<\/strong><\/em>, et non ce qu&rsquo;on poursuit ; il n&rsquo;est jamais atteint, ni compl\u00e8tement, ni par tous, n&rsquo;en d\u00e9plaise aux sciences exactes, totalement incompatibles avec l&rsquo;humain.<\/p>\n\n\n\n<p class=\"wp-block-paragraph\">Il faut relire Changeux, et redire que <strong>les enfants ne progressent pas de fa\u00e7on r\u00e9guli\u00e8re, mais par bonds<\/strong>, impr\u00e9visibles tant en date qu&rsquo;en dur\u00e9e, entrecoup\u00e9s de moments indispensables de repos, et m\u00eame de r\u00e9gression, sans lesquels le \u00ab\u00a0bond en avant\u00a0\u00bb suivant ne peut de produire.<br>Jamais un ensemble de trente gamins n&rsquo;aura les m\u00eames savoirs au bout d&rsquo;un an de classe : impossible donc d&rsquo;avoir des attentes dat\u00e9es, car aucun objectif \u00ab\u00a0interm\u00e9diaire\u00a0\u00bb n&rsquo;est possible, pour toute une classe.<br>Cette erreur a \u00e9t\u00e9 celle de <strong>la PPO, la c\u00e9l\u00e8bre \u00ab\u00a0p\u00e9dagogie par objectifs\u00a0\u00bb, d\u00e9finie en 1949 et qui connut son heure de gloire dans les ann\u00e9es 80,<\/strong> en s&rsquo;appuyant sur la th\u00e9orie de la fractionnalisation des savoirs et des objectifs interm\u00e9diaires, avec toutes les erreurs de la conception \u00ab\u00a0emplilatrice\u00a0\u00bb des savoirs qui s&rsquo;acquerraient un par un.<br>Il est \u00e0 la fois cocasse et navrant, de voir qu&rsquo;au nom de la science cette th\u00e9orie revient en force, sous d&rsquo;autres oripeaux : <strong>la fameuse \u00ab\u00a0progression\u00a0\u00bb impos\u00e9e, avec \u00e9valuations d&rsquo;en haut,<\/strong> n&rsquo;est autre qu&rsquo;une suite de petits objectifs, vis\u00e9s \u00e0 court terme, <strong>c&rsquo;est la PPO, sanctifi\u00e9e par les neurosciences&#8230;<\/strong><\/p>\n\n\n\n<h3 class=\"has-text-align-center wp-block-heading\" id=\"les-savoirs-s-acquierent-en-relation-les-uns-avec-les-autres\"><mark style=\"background-color:rgba(0,0,0,0);\" class=\"has-inline-color has-luminous-vivid-orange-color\">Les savoirs s&rsquo;acqui\u00e8rent en relation<\/mark> <mark style=\"background-color:rgba(0,0,0,0);\" class=\"has-inline-color has-luminous-vivid-orange-color\">les uns avec les autres<\/mark><\/h3>\n\n\n\n<p class=\"wp-block-paragraph\">Il faudra bien finir par l&rsquo;admettre : <strong>les savoirs ne s&rsquo;acqui\u00e8rent pas un par un, mais en relation les uns avec les autres.<\/strong><br><strong>En p\u00e9dagogie, l&rsquo;objectif vis\u00e9 ne peut l&rsquo;\u00eatre qu&rsquo;\u00e0 long terme<\/strong>, et ce, d\u00e8s l&rsquo;\u00e9cole maternelle, o\u00f9 c&rsquo;est une lecture&#8230; adulte, que l&rsquo;on doit commencer \u00e0 mettre en place. L&rsquo;objectif final, l&rsquo;adulte que deviendra notre actuel petit bouchon, est ce que l&rsquo;enseignant doit avoir \u00e0 l&rsquo;esprit, se posant sans cesse cette question : \u00ab\u00a0ce que je lui fais faire, ce que je lui apprends, est-ce bien ce dont il aura besoin plus tard ?\u00a0\u00bb<\/p>\n\n\n\n<p class=\"wp-block-paragraph\">Donc exiger, comme le font les programmes de maternelle, que des enfants de trois ans aient acquis plus de&nbsp;<em><strong>soixante-dix savoirs pr\u00e9cis<\/strong><\/em>&nbsp;(une moyenne de 15 pr\u00e9tendus savoirs, hautement discutables chacun en tant que tel, dans chacun des cinq domaines d&rsquo;apprentissage pr\u00e9vus) est de la pure d\u00e9mence, d&rsquo;un ridicule achev\u00e9 et infiniment dangereux.<br>C&rsquo;est un contresens p\u00e9dagogique et psychologique fondamental. <strong>Enseigner, c&rsquo;est rendre possible des apprentissages, ce n&rsquo;est pas les rendre obligatoires, \u00e0 tout prix.<\/strong><br>Cet enfant n&rsquo;a toujours pas compris cela ? Ce n&rsquo;est pas grave, il n&rsquo;y a qu&rsquo;\u00e0 y revenir autrement, \u2014 mais plus tard, surtout pas tout de suite : il faut d&rsquo;abord qu&rsquo;il oublie la blessure ou la vexation de n&rsquo;avoir pas su faire, qui va le bloquer tant qu&rsquo;il y pensera.<br>Donc jamais ni sanction, ni notation. On travaille sur le positif, la d\u00e9marche, le raisonnement.<br>On le sait, l&rsquo;acharnement p\u00e9dagogique est pire que tout : il produit une pression qui ne peut que nuire \u00e0 l&rsquo;apprentissage. Les enfants, qui sont particuli\u00e8rement r\u00e9ceptifs aux ondes qu&rsquo;envoie l&rsquo;enseignant, re\u00e7oivent les attentes de celui-ci comme autant de menaces, qui bloquent leurs capacit\u00e9s.<\/p>\n\n\n\n<p class=\"wp-block-paragraph\"><strong>Voil\u00e0 pourquoi, ces \u00ab\u00a0attendus de fin de maternelle\u00a0\u00bb ou \u00ab\u00a0d&rsquo;entr\u00e9e au coll\u00e8ge\u00a0\u00bb, sont toxiques \u00e0 tout le monde.<\/strong> Ils faussent le regard port\u00e9 sur le travail des enfants, ils faussent le travail de l&rsquo;enseignant, obnubil\u00e9 par ces menaces, qui passe son temps et son \u00e9nergie \u00e0 mesurer, dans l&rsquo;angoisse, la distance qui s\u00e9pare les progr\u00e8s de ses \u00e9l\u00e8ves (qu&rsquo;il ne voit plus), des attendus officiels.<\/p>\n\n\n\n<p class=\"wp-block-paragraph\">Les attendus, qu&rsquo;ils attendent !<br>En attendant, les enfants, eux, nous attendent : ils ont besoin qu&rsquo;on fasse <strong>confiance en leur \u00ab\u00a0\u00e9ducabilit\u00e9\u00a0\u00bb<\/strong>, comme dit Philippe Meirieu : la vraie \u00ab\u00a0confiance\u00a0\u00bb de l&rsquo;\u00e9cole est l\u00e0 et non dans l&rsquo;ouvrage de J.M. Blanquer.<\/p>\n\n\n\n<p class=\"wp-block-paragraph\"><strong>Eveline Charmeux<\/strong>, ancienne professeure de fran\u00e7ais et formatrice d&rsquo;enseignants <strong><a href=\"http:\/\/www.charmeux.fr\/blog\/index.php?2021\/06\/25\/469-doit-on-attendre-quelque-chose-des-enfants\">sur son blog <\/a><\/strong><\/p>\n","protected":false},"excerpt":{"rendered":"<p>Par Eveline Charmeux, ancienne professeure de fran\u00e7ais et formatrice d&rsquo;enseignants. Publi\u00e9 dans Savoirs \u00e9mancipateurs Les attendus des \u00e9l\u00e8ves \u00e0 l&rsquo;entr\u00e9e au CP ou au coll\u00e8ge&#8230; Voici, comme \u00ab\u00a0cahier de vacances\u00a0\u00bb, un petit sujet de r\u00e9flexion qui me chiffonne depuis toujours dans mon m\u00e9tier de formateur d&rsquo;enseignants, parce que c&rsquo;est une question bien souvent entendue des&hellip; <a class=\"more-link\" href=\"https:\/\/education-bien-commun.fr\/?p=3481\">Lire la suite <span class=\"screen-reader-text\">Doit-on \u00ab\u00a0attendre\u00a0\u00bb quelque chose des enfants \u00e0 l&rsquo;\u00e9cole ?<\/span><\/a><\/p>\n","protected":false},"author":3,"featured_media":0,"comment_status":"open","ping_status":"open","sticky":true,"template":"","format":"standard","meta":{"_jetpack_newsletter_access":"","_jetpack_dont_email_post_to_subs":false,"_jetpack_newsletter_tier_id":0,"_jetpack_memberships_contains_paywalled_content":false,"_jetpack_feature_clip_id":0,"_jetpack_memberships_contains_paid_content":false,"footnotes":"","jetpack_post_was_ever_published":false},"categories":[5,22,37,43,47,75,92],"tags":[],"class_list":["post-3481","post","type-post","status-publish","format-standard","hentry","category-apprentissage","category-construction-du-savoir","category-ecole","category-eleve","category-enseignement","category-pedagogie","category-savoirs"],"jetpack_sharing_enabled":true,"jetpack_featured_media_url":"","_links":{"self":[{"href":"https:\/\/education-bien-commun.fr\/index.php?rest_route=\/wp\/v2\/posts\/3481","targetHints":{"allow":["GET"]}}],"collection":[{"href":"https:\/\/education-bien-commun.fr\/index.php?rest_route=\/wp\/v2\/posts"}],"about":[{"href":"https:\/\/education-bien-commun.fr\/index.php?rest_route=\/wp\/v2\/types\/post"}],"author":[{"embeddable":true,"href":"https:\/\/education-bien-commun.fr\/index.php?rest_route=\/wp\/v2\/users\/3"}],"replies":[{"embeddable":true,"href":"https:\/\/education-bien-commun.fr\/index.php?rest_route=%2Fwp%2Fv2%2Fcomments&post=3481"}],"version-history":[{"count":0,"href":"https:\/\/education-bien-commun.fr\/index.php?rest_route=\/wp\/v2\/posts\/3481\/revisions"}],"wp:attachment":[{"href":"https:\/\/education-bien-commun.fr\/index.php?rest_route=%2Fwp%2Fv2%2Fmedia&parent=3481"}],"wp:term":[{"taxonomy":"category","embeddable":true,"href":"https:\/\/education-bien-commun.fr\/index.php?rest_route=%2Fwp%2Fv2%2Fcategories&post=3481"},{"taxonomy":"post_tag","embeddable":true,"href":"https:\/\/education-bien-commun.fr\/index.php?rest_route=%2Fwp%2Fv2%2Ftags&post=3481"}],"curies":[{"name":"wp","href":"https:\/\/api.w.org\/{rel}","templated":true}]}}