{"id":36,"date":"2020-05-17T19:49:14","date_gmt":"2020-05-17T17:49:14","guid":{"rendered":"https:\/\/education-bien-commun.fr\/?p=36"},"modified":"2020-05-17T19:49:14","modified_gmt":"2020-05-17T17:49:14","slug":"scenario-pour-changer-de-systeme","status":"publish","type":"post","link":"https:\/\/education-bien-commun.fr\/?p=36","title":{"rendered":"Sc\u00e9nario pour changer de syst\u00e8me"},"content":{"rendered":"\n<p class=\"wp-block-paragraph\">Publi\u00e9 dans \u00ab\u00a0Syst\u00e8me \u00e9ducatif\u00a0\u00bb.<\/p>\n\n\n\n<p class=\"wp-block-paragraph\">Notre id\u00e9e phare: instituer un  \u00ab\u00a0Conseil constitutionnel de l\u2019Education\u00a0\u00bb, garant de \u00ab\u00a0l\u2019int\u00e9r\u00eat sup\u00e9rieur de l\u2019enfant\u00a0\u00bb et du respect de la <em>Convention internationale des Droits de l\u2019Enfant<\/em>. Il serait compos\u00e9 de membres \u00e9lu.e.s par toutes les instances repr\u00e9sentatives concern\u00e9es par l\u2019\u00e9ducation, avec impossibilit\u00e9 pour le gouvernement de r\u00e9voquer quiconque. Il devrait assurer la continuit\u00e9 \u00e9ducative dans les situations de changement politique.<\/p>\n\n\n\n<p class=\"wp-block-paragraph\">Instances repr\u00e9sentatives concern\u00e9es par l&rsquo;\u00e9ducation : syndicats professionnels de l&rsquo;\u00e9ducation, associations de parents d&rsquo;\u00e9l\u00e8ves, mouvements p\u00e9dagogiques mais aussi associations d&rsquo;enfants et comit\u00e9s locaux d&rsquo;\u00e9ducation. <\/p>\n\n\n\n<p class=\"wp-block-paragraph\"><\/p>\n\n\n\n<p class=\"wp-block-paragraph\"><\/p>\n\n\n\n<p class=\"wp-block-paragraph\"><\/p>\n","protected":false},"excerpt":{"rendered":"<p>Publi\u00e9 dans \u00ab\u00a0Syst\u00e8me \u00e9ducatif\u00a0\u00bb. Notre id\u00e9e phare: instituer un \u00ab\u00a0Conseil constitutionnel de l\u2019Education\u00a0\u00bb, garant de \u00ab\u00a0l\u2019int\u00e9r\u00eat sup\u00e9rieur de l\u2019enfant\u00a0\u00bb et du respect de la Convention internationale des Droits de l\u2019Enfant. Il serait compos\u00e9 de membres \u00e9lu.e.s par toutes les instances repr\u00e9sentatives concern\u00e9es par l\u2019\u00e9ducation, avec impossibilit\u00e9 pour le gouvernement de r\u00e9voquer quiconque. Il devrait assurer&hellip; <a class=\"more-link\" href=\"https:\/\/education-bien-commun.fr\/?p=36\">Lire la suite <span class=\"screen-reader-text\">Sc\u00e9nario pour changer de syst\u00e8me<\/span><\/a><\/p>\n","protected":false},"author":3,"featured_media":0,"comment_status":"open","ping_status":"open","sticky":false,"template":"","format":"standard","meta":{"_jetpack_newsletter_access":"","_jetpack_dont_email_post_to_subs":false,"_jetpack_newsletter_tier_id":0,"_jetpack_memberships_contains_paywalled_content":false,"_jetpack_feature_clip_id":0,"_jetpack_memberships_contains_paid_content":false,"footnotes":"","jetpack_post_was_ever_published":false},"categories":[21],"tags":[],"class_list":["post-36","post","type-post","status-publish","format-standard","hentry","category-conseil-constitutionnel-de-leducation"],"jetpack_sharing_enabled":true,"jetpack_featured_media_url":"","_links":{"self":[{"href":"https:\/\/education-bien-commun.fr\/index.php?rest_route=\/wp\/v2\/posts\/36","targetHints":{"allow":["GET"]}}],"collection":[{"href":"https:\/\/education-bien-commun.fr\/index.php?rest_route=\/wp\/v2\/posts"}],"about":[{"href":"https:\/\/education-bien-commun.fr\/index.php?rest_route=\/wp\/v2\/types\/post"}],"author":[{"embeddable":true,"href":"https:\/\/education-bien-commun.fr\/index.php?rest_route=\/wp\/v2\/users\/3"}],"replies":[{"embeddable":true,"href":"https:\/\/education-bien-commun.fr\/index.php?rest_route=%2Fwp%2Fv2%2Fcomments&post=36"}],"version-history":[{"count":0,"href":"https:\/\/education-bien-commun.fr\/index.php?rest_route=\/wp\/v2\/posts\/36\/revisions"}],"wp:attachment":[{"href":"https:\/\/education-bien-commun.fr\/index.php?rest_route=%2Fwp%2Fv2%2Fmedia&parent=36"}],"wp:term":[{"taxonomy":"category","embeddable":true,"href":"https:\/\/education-bien-commun.fr\/index.php?rest_route=%2Fwp%2Fv2%2Fcategories&post=36"},{"taxonomy":"post_tag","embeddable":true,"href":"https:\/\/education-bien-commun.fr\/index.php?rest_route=%2Fwp%2Fv2%2Ftags&post=36"}],"curies":[{"name":"wp","href":"https:\/\/api.w.org\/{rel}","templated":true}]}}