{"id":442,"date":"2020-05-24T12:26:48","date_gmt":"2020-05-24T10:26:48","guid":{"rendered":"http:\/\/educationbiencommun.fr\/?p=442"},"modified":"2020-05-24T12:26:48","modified_gmt":"2020-05-24T10:26:48","slug":"recherche-action","status":"publish","type":"post","link":"https:\/\/education-bien-commun.fr\/?p=442","title":{"rendered":"La d\u00e9marche de recherche-action"},"content":{"rendered":"\n<h3 class=\"wp-block-heading has-text-align-center\"><\/h3>\n\n\n\n<p class=\"wp-block-paragraph\">Par Raymond Millot. Publi\u00e9 dans \u00ab\u00a0Recherche-action\u00a0\u00bb<\/p>\n\n\n\n<p class=\"wp-block-paragraph\">Ce texte, issu du <strong>collectif \u00ab&nbsp;P\u00e9dagogie Politique, d\u00e9mocratie participative&nbsp;\u00bb<\/strong>, date de 2002. Il reste d\u2019actualit\u00e9 alors que nous souhaitons des changements radicaux du syst\u00e8me \u00e9ducatif et que nous aimerions qu\u2019ils fassent l\u2019objet de d\u00e9bats dans des Conventions Citoyennes (r\u00e9gionales et nationale)<\/p>\n\n\n\n<h3 class=\"wp-block-heading has-text-align-center\"><strong><mark style=\"background-color:rgba(0, 0, 0, 0)\" class=\"has-inline-color has-luminous-vivid-orange-color\">La \u00ab recherche-action&nbsp;\u00bb est une d\u00e9marche de recherche indissociable de l\u2019innovation dans le syst\u00e8me scolaire. <\/mark><\/strong><\/h3>\n\n\n\n<p class=\"wp-block-paragraph\">Elle implique&nbsp;la <strong>mise en r\u00e9seau<\/strong> des exp\u00e9riences, des analyses et th\u00e9orisations, coop\u00e9ration non hi\u00e9rarchique entre acteurs enseignants (et parfois parents), experts et chercheurs. Elle constitue un processus hautement formateur pour les professionnels.<\/p>\n\n\n\n<p class=\"wp-block-paragraph\"><strong>La recherche-action<\/strong> nous semble appropri\u00e9e pour explorer <strong>l\u2019innovation d\u00e9mocratique <\/strong>que constitue la d\u00e9mocratie participative. Base de politisation et promotion collective et processus hautement formateur pour les militants.<\/p>\n\n\n\n<p class=\"wp-block-paragraph\">L\u2019id\u00e9e de d\u00e9mocratie participative appara\u00eet comme un antidote \u00e0 la d\u00e9saffection politique qui mine le corps social. Sa mise en \u0153uvre n\u00e9cessite l\u2019\u00e9laboration d\u2019une p\u00e9dagogie sp\u00e9cifique. A cet effet, l\u2019exp\u00e9rience acquise dans le champ \u00e9ducatif m\u00e9rite d\u2019\u00eatre sollicit\u00e9e.<\/p>\n\n\n\n<p class=\"wp-block-paragraph\">Affirmons tout d\u2019abord que l\u2019\u00e9chec scolaire, bien qu\u2019important, n\u2019est pas la cause de cette d\u00e9saffection. Avec 65% de bacheliers on ne devrait pas se diriger vers la barre des 50% d\u2019abstentionnistes&nbsp;!<\/p>\n\n\n\n<h3 class=\"wp-block-heading has-text-align-center\"><mark style=\"background-color:rgba(0, 0, 0, 0)\" class=\"has-inline-color has-luminous-vivid-orange-color\">L&rsquo;origine de l&rsquo;\u00e9chec \u00e9ducatif est politique<\/mark><\/h3>\n\n\n\n<p class=\"wp-block-paragraph\">En revanche, on peut incriminer l\u2019\u00e9chec \u00e9ducatif. Son origine est pr\u00e9cis\u00e9ment politique.<\/p>\n\n\n\n<p class=\"wp-block-paragraph\">Il est en effet difficile de nier que <strong>l\u2019id\u00e9ologie individualiste \u00ab&nbsp;lib\u00e9rale&nbsp;\u00bb<\/strong> est massivement dominante&nbsp;dans les pratiques et les objectifs de l\u2019\u00e9cole, qu\u2019elle ne donne gu\u00e8re le go\u00fbt pour la chose publique, que les incantations \u00ab&nbsp;r\u00e9publicaines&nbsp;\u00bb \u00e0 la citoyennet\u00e9 n\u2019y changent rien.<\/p>\n\n\n\n<p class=\"wp-block-paragraph\">La d\u00e9saffection politique n\u2019est pas seulement un probl\u00e8me \u00e9lectoral. Elle concerne toute la vie d\u00e9mocratique. Les mouvements r\u00e9cemment apparus qui combattent la marchandisation du monde, l\u2019uniformisation culturelle, le saccage de la plan\u00e8te, l\u2019accroissement mondial des in\u00e9galit\u00e9s misent sur la \u00ab\u00a0d\u00e9mocratie participative\u00a0\u00bb comme moyen de redonner sens et efficacit\u00e9 \u00e0 l\u2019action collective.<\/p>\n\n\n\n<p class=\"wp-block-paragraph\">Le fait qu\u2019ils se r\u00e9clament de \u00ab\u00a0l\u2019Education Populaire\u00a0\u00bb &#8211; ou qu\u2019ils en proc\u00e8dent- devrait les rendre particuli\u00e8rement attentifs au <strong>probl\u00e8me de la p\u00e9dagogie employ\u00e9e<\/strong>, surtout s\u2019ils souhaitent que cette d\u00e9mocratie participative soit pr\u00e9cis\u00e9ment \u00ab\u00a0populaire\u00a0\u00bb.<\/p>\n\n\n\n<p class=\"wp-block-paragraph\">On remarquera qu\u2019\u00e0 diff\u00e9rents moments historiques o\u00f9 l\u2019espoir d\u2019un autre monde se profile, le <strong>lien entre p\u00e9dagogie et politique<\/strong> s\u2019est affirm\u00e9. En Espagne avec Francisco Ferrer, en Russie avec Makarenko, en France avec C\u00e9lestin Freinet, avec Langevin Wallon, au Br\u00e9sil avec Paolo Freire\u2026<\/p>\n\n\n\n<p class=\"wp-block-paragraph\">S\u2019il s\u2019agit bien de construire une d\u00e9marche p\u00e9dagogique qui favorise l\u2019exercice d\u2019<strong>une d\u00e9mocratie participative incluant les milieux populaires<\/strong>, l\u2019exp\u00e9rience des p\u00e9dagogues qui \u0153uvrent depuis longtemps pour <strong>une \u00e9ducation sans exclusion<\/strong> m\u00e9rite d\u2019\u00eatre sollicit\u00e9e.<\/p>\n\n\n\n<h3 class=\"wp-block-heading has-text-align-center\"><mark style=\"background-color:rgba(0, 0, 0, 0)\" class=\"has-inline-color has-luminous-vivid-orange-color\"><strong>En contribution \u00e0 l\u2019\u00e9laboration d\u2019une p\u00e9dagogie politique adapt\u00e9e aux espoirs de notre temps, nous proposons <\/strong>les hypoth\u00e8ses suivantes\u00a0:<\/mark><\/h3>\n\n\n\n<p class=\"wp-block-paragraph\"><strong>1\/ Il existe un rapport entre&nbsp;d\u00e9saffection pour l\u2019\u00e9cole et d\u00e9saffection pour la politique&nbsp;:<\/strong><\/p>\n\n\n\n<p class=\"wp-block-paragraph\"><strong>Ecole<em>\u00a0<\/em>: l\u2019illusion de <em>\u00ab\u00a0l\u2019\u00e9galit\u00e9 des chances\u00a0\u00bb <\/em>et la promesse d\u2019un billet pour \u00ab\u00a0<em>l\u2019ascenseur social\u00a0<\/em>\u00bb<\/strong> ne font plus illusion. La d\u00e9saffection pour l\u2019\u00e9cole qui en r\u00e9sulte est notablement enray\u00e9e lorsqu\u2019on adopte une p\u00e9dagogie reposant sur des valeurs de coop\u00e9ration, de solidarit\u00e9, de respect mutuel, sans pour autant nier les in\u00e9galit\u00e9s et ignorer leurs d\u00e9terminants \u00e9conomiques culturels et sociaux.<\/p>\n\n\n\n<p class=\"wp-block-paragraph\"><strong>Politique&nbsp;:<\/strong> les illusions d\u2019un avenir garanti par <em>\u00ab&nbsp;le sens de l\u2019Histoire&nbsp;\u00bb,<\/em> les promesses d\u2019un monde meilleur port\u00e9 (et confisqu\u00e9) par \u00ab&nbsp;<em>des avant-gardes<\/em>&nbsp;\u00bb ne font plus illusion. La d\u00e9saffection pour la politique peut \u00eatre surmont\u00e9e lorsqu\u2019on adopte une p\u00e9dagogie politique qui prend en compte la complexit\u00e9 du monde et qui renouvelle les valeurs de solidarit\u00e9, et de fraternit\u00e9.<\/p>\n\n\n\n<p class=\"wp-block-paragraph\"><strong>2\/ Certains parall\u00e8les peuvent aider \u00e0 \u00e9tablir les bases d\u2019une p\u00e9dagogie politique&nbsp;.<\/strong><\/p>\n\n\n\n<p class=\"wp-block-paragraph\">Entre\u00a0<\/p>\n\n\n\n<ul class=\"wp-block-list\">\n<li><strong>le projet <\/strong>de placer l\u2019\u00e9l\u00e8ve au centre du processus d\u2019apprentissage, de le respecter en tant que personne, de conna\u00eetre ses repr\u00e9sentations, sa fa\u00e7on de percevoir et de s\u2019approprier ce qu\u2019on souhaite lui transmettre, de faire de lui un co-acteur de son \u00e9ducation<\/li>\n\n\n\n<li><strong>le projet <\/strong>de placer le citoyen au centre du processus de politisation, en respectant sa personne, en partant de son exp\u00e9rience, ses savoirs, son travail, ses engagements, ses cr\u00e9ations, ses repr\u00e9sentations, ses contradictions pour faciliter son entr\u00e9e dans le d\u00e9bat et les luttes collectives.<\/li>\n<\/ul>\n\n\n\n<p class=\"wp-block-paragraph\">Entre\u00a0<\/p>\n\n\n\n<ul class=\"wp-block-list\">\n<li><strong>la mise en question du projet<\/strong> <strong>de \u00ab\u00a0transmission du savoir\u00a0\u00bb<\/strong> que pense op\u00e9rer celui qui sait, le ma\u00eetre, en faisant un cours \u00e0 ceux qui ne savent pas, les \u00e9l\u00e8ves\u00a0: <strong>\u00e0 l\u2019\u00e9cole<\/strong>,\u00a0<em>\u00abtoute le\u00e7on doit \u00eatre une r\u00e9ponse \u00e0 une question\u00a0\u00bb (le philosophe et p\u00e9dagogue am\u00e9ricain John Dewey, fin XIX\u00e8me).<\/em><\/li>\n<\/ul>\n\n\n\n<ul class=\"wp-block-list\">\n<li><strong>la mise en question<\/strong> <strong>du projet<\/strong> <strong>de transmission d\u2019une pens\u00e9e politique<\/strong> \u00e0 partir d\u2019une doctrine, de manifestes, de discours \u00ab\u00a0experts\u00bb, de r\u00e9alisations mod\u00e8les\u00a0: <strong>en politique<\/strong>, toute analyse, toute th\u00e9orie doit r\u00e9pondre \u00e0 une interrogation ou \u00e0 un besoin li\u00e9 \u00e0 l\u2019action.<\/li>\n<\/ul>\n\n\n\n<p class=\"wp-block-paragraph\">Entre\u00a0<\/p>\n\n\n\n<ul class=\"wp-block-list\">\n<li><strong>la construction des savoirs scolaires et la construction d\u2019une \u00ab\u00a0culture commune\u00a0\u00bb<\/strong>, projet que l\u2019enseignant\/\u00e9ducateur veut partager avec l\u2019\u00e9l\u00e8ve\/enfant et qui implique production (p\u00e9dagogie du projet), \u00e9volutions personnelles (\u00e9mancipation, autodidactie), transformations collectives (coop\u00e9ration, solidarit\u00e9, fraternit\u00e9), et n\u00e9cessairement recours, motiv\u00e9, aux savoirs constitu\u00e9s.<\/li>\n\n\n\n<li><strong>la construction des savoirs n\u00e9cessaires \u00e0 la d\u00e9mocratie participative et la construction d\u2019une culture commune<\/strong>, projet que des citoyens\/engag\u00e9s veulent partager avec des citoyens\/ non engag\u00e9s et qui implique une production (poser un probl\u00e8me, \u00e9noncer les questions, des hypoth\u00e8ses, tenter des r\u00e9ponses, organiser une action), des \u00e9volutions personnelles interactives, l\u2019amorce d\u2019un processus de politisation fond\u00e9 et durable allant du questionnement des experts au contr\u00f4le expert de leur pouvoir.<\/li>\n<\/ul>\n\n\n\n<p class=\"wp-block-paragraph\">Entre\u00a0<\/p>\n\n\n\n<ul class=\"wp-block-list\">\n<li><strong>la promotion collective &#8211; alternative \u00e0 l\u2019individualisme<\/strong> -, qui implique que des enfants, en groupes h\u00e9t\u00e9rog\u00e8nes, deviennent acteurs dans leurs apprentissages, en comprennent le sens, d\u00e9couvrent leur singularit\u00e9 et celle des autres, mettent en commun leurs comp\u00e9tences en faveur de projets communs et d\u00e9veloppent ainsi leur potentiel individuel.<\/li>\n\n\n\n<li><strong>la promotion collective &#8211; alternative au consum\u00e9risme et \u00e0 l\u2019individualisme lib\u00e9ral -, <\/strong>qui implique que des groupes socialement h\u00e9t\u00e9rog\u00e8nes d\u2019adultes forment le projet de devenir acteurs dans la production d\u2019un savoir nouveau (la d\u00e9mocratie participative), de renouer avec les id\u00e9es de mutualit\u00e9, de coop\u00e9ratives, de syndicalisme \u00ab&nbsp;\u00e9mancipateur&nbsp;\u00bb issues du mouvement ouvrier, de l\u2019\u00e9ducation populaire.<\/li>\n<\/ul>\n\n\n\n<h3 class=\"wp-block-heading has-text-align-center\"><strong><mark style=\"background-color:rgba(0, 0, 0, 0)\" class=\"has-inline-color has-luminous-vivid-orange-color\">Un exemple de recherche-action, innovation \u00e0 l&rsquo;\u00e9cole<\/mark><\/strong><\/h3>\n\n\n\n<p class=\"wp-block-paragraph\"><strong><a href=\"https:\/\/www.icem-pedagogie-freinet.org\/node\/38140\">Pr\u00e9sentation du livre ci-dessous<\/a><\/strong> \u00ab\u00a0[&#8230;] fruit du travail des quelques 150 institutrices et instituteurs qui ont fait la Villeneuve de Grenoble, en collaboration avec l\u2019Institut National de la Recherche P\u00e9dagogique.\u00a0\u00bb Catherine Chabrun, 2013. <strong><a href=\"http:\/\/www.ecolechangerdecap.net\/IMG\/pdf\/RECHERCHE_-_ACTION.pdf\">T\u00e9l\u00e9charger le texte ici.<\/a><\/strong><\/p>\n\n\n\n<p class=\"wp-block-paragraph\"><\/p>\n\n\n<div class=\"wp-block-image\">\n<figure class=\"aligncenter size-large is-resized\"><a href=\"http:\/\/www.ecolechangerdecap.net\/IMG\/pdf\/RECHERCHE_-_ACTION.pdf\"><img loading=\"lazy\" decoding=\"async\" src=\"https:\/\/education-bien-commun.fr\/wp-content\/uploads\/2020\/05\/img_1009-2.jpg?w=425\" alt=\"\" class=\"wp-image-141\" width=\"190\" height=\"254\" srcset=\"https:\/\/education-bien-commun.fr\/wp-content\/uploads\/2020\/05\/img_1009-2.jpg 425w, https:\/\/education-bien-commun.fr\/wp-content\/uploads\/2020\/05\/img_1009-2-225x300.jpg 225w\" sizes=\"auto, (max-width: 190px) 100vw, 190px\" \/><\/a><figcaption class=\"wp-element-caption\"><br>Raymond Millot : recherche-action \u00e0 la Villeneuve de Grenoble<br>Editions AFL (Association Fran\u00e7aise pour la Lecture), 2013.<\/figcaption><\/figure>\n<\/div>","protected":false},"excerpt":{"rendered":"<p>Par Raymond Millot. Publi\u00e9 dans \u00ab\u00a0Recherche-action\u00a0\u00bb Ce texte, issu du collectif \u00ab&nbsp;P\u00e9dagogie Politique, d\u00e9mocratie participative&nbsp;\u00bb, date de 2002. Il reste d\u2019actualit\u00e9 alors que nous souhaitons des changements radicaux du syst\u00e8me \u00e9ducatif et que nous aimerions qu\u2019ils fassent l\u2019objet de d\u00e9bats dans des Conventions Citoyennes (r\u00e9gionales et nationale) La \u00ab recherche-action&nbsp;\u00bb est une d\u00e9marche de recherche&hellip; <a class=\"more-link\" href=\"https:\/\/education-bien-commun.fr\/?p=442\">Lire la suite <span class=\"screen-reader-text\">La d\u00e9marche de recherche-action<\/span><\/a><\/p>\n","protected":false},"author":3,"featured_media":0,"comment_status":"open","ping_status":"open","sticky":false,"template":"","format":"standard","meta":{"_jetpack_newsletter_access":"","_jetpack_dont_email_post_to_subs":false,"_jetpack_newsletter_tier_id":0,"_jetpack_memberships_contains_paywalled_content":false,"_jetpack_feature_clip_id":0,"_jetpack_memberships_contains_paid_content":false,"footnotes":"","jetpack_post_was_ever_published":false},"categories":[5,19,24,30,33,34,40,42,55,65,66,75,83,85,94],"tags":[],"class_list":["post-442","post","type-post","status-publish","format-standard","hentry","category-apprentissage","category-complexite","category-cooperation","category-culture-commune","category-democratie","category-democratie-participative","category-education-populaire","category-egalite-des-chances","category-exclusion","category-inegalites","category-innovation","category-pedagogie","category-pouvoir-politique","category-promotion-collective","category-solidarite"],"jetpack_sharing_enabled":true,"jetpack_featured_media_url":"","_links":{"self":[{"href":"https:\/\/education-bien-commun.fr\/index.php?rest_route=\/wp\/v2\/posts\/442","targetHints":{"allow":["GET"]}}],"collection":[{"href":"https:\/\/education-bien-commun.fr\/index.php?rest_route=\/wp\/v2\/posts"}],"about":[{"href":"https:\/\/education-bien-commun.fr\/index.php?rest_route=\/wp\/v2\/types\/post"}],"author":[{"embeddable":true,"href":"https:\/\/education-bien-commun.fr\/index.php?rest_route=\/wp\/v2\/users\/3"}],"replies":[{"embeddable":true,"href":"https:\/\/education-bien-commun.fr\/index.php?rest_route=%2Fwp%2Fv2%2Fcomments&post=442"}],"version-history":[{"count":0,"href":"https:\/\/education-bien-commun.fr\/index.php?rest_route=\/wp\/v2\/posts\/442\/revisions"}],"wp:attachment":[{"href":"https:\/\/education-bien-commun.fr\/index.php?rest_route=%2Fwp%2Fv2%2Fmedia&parent=442"}],"wp:term":[{"taxonomy":"category","embeddable":true,"href":"https:\/\/education-bien-commun.fr\/index.php?rest_route=%2Fwp%2Fv2%2Fcategories&post=442"},{"taxonomy":"post_tag","embeddable":true,"href":"https:\/\/education-bien-commun.fr\/index.php?rest_route=%2Fwp%2Fv2%2Ftags&post=442"}],"curies":[{"name":"wp","href":"https:\/\/api.w.org\/{rel}","templated":true}]}}