{"id":4751,"date":"2022-02-04T21:19:39","date_gmt":"2022-02-04T20:19:39","guid":{"rendered":"https:\/\/educationbiencommun.fr\/?p=4751"},"modified":"2022-02-04T21:19:39","modified_gmt":"2022-02-04T20:19:39","slug":"marseille-innovante-place-aux-enfants-on-apprend-ensemble-et-en-jouant","status":"publish","type":"post","link":"https:\/\/education-bien-commun.fr\/?p=4751","title":{"rendered":"Marseille innovante : \u00ab\u00a0Place aux enfants : on apprend ensemble et en jouant\u00a0\u00bb."},"content":{"rendered":"\n<p class=\"wp-block-paragraph\">Par Analisa Lolo, anthropologue. Publi\u00e9 dans Soci\u00e9t\u00e9 \u00e9ducatrice.<\/p>\n\n\n\n<p class=\"wp-block-paragraph\">La Fabrique de la ville par ses enfants. Reprise de l&rsquo;article d\u00e9j\u00e0 publi\u00e9 ici m\u00eame dans le Blog.<\/p>\n\n\n\n<p class=\"wp-block-paragraph\">\u00ab\u00a0Cet article propose un retour r\u00e9flexif sur une d\u00e9marche participative et exp\u00e9rimentale qui, au cours de l\u2019ann\u00e9e scolaire 2017\/2018, a plac\u00e9 pour quelques mois des enfants au c\u0153ur de la fabrique de la ville. Port\u00e9e par deux associations, Hors Gabarit et Les ArchiMinots, le projet \u00ab Place aux enfants \u00bb a \u00e9t\u00e9 principalement conduit par des \u00e9l\u00e8ves de CM1 de l\u2019\u00e9cole Leverrier (4e arrondissement), devenus les acteurs principaux de la r\u00e9flexion sur l\u2019am\u00e9nagement de la place de la Rotonde, au centre-ville de Marseille. Notre r\u00e9flexion a posteriori sur cette exp\u00e9rience repose sur un parti-pris : tout comme les enfants ont \u00e9t\u00e9, pour quelques mois, les chevilles ouvri\u00e8res de la r\u00e9flexion sur la mise en valeur de la place de la Rotonde, nous choisissons de restituer cette exp\u00e9rience en nous appuyant sur leurs propos, en cherchant \u00e0 y d\u00e9celer ce qu\u2019ils nous ont appris. L\u2019objectif de cet article est ainsi de faire appara\u00eetre les enjeux sp\u00e9cifiques de la participation des enfants \u00e0 la fabrique de la ville. Nous exposons tour \u00e0 tour le contexte et les objectifs initiaux du projet, ses principaux acteurs, la m\u00e9thodologie exp\u00e9rimentale mise en \u0153uvre, pour en d\u00e9voiler les atouts et les \u00e9cueils. Nous ouvrons ensuite quelques perspectives pour de futurs projets. Cet exercice port\u00e9 sur une exp\u00e9rience singuli\u00e8re a pour objectif de joindre des r\u00e9flexions plus larges sur la n\u00e9cessit\u00e9 de d\u00e9velopper dans les territoires des r\u00e9seaux qui favorisent l\u2019\u00e9mergence de ces m\u00e9thodologies qui relient les espaces et les acteurs \u00e9ducatifs.\u00a0\u00bb Analisa Lolo, anthropologue.<\/p>\n\n\n\n<p class=\"wp-block-paragraph\"><strong><a href=\"https:\/\/education-bien-commun.fr\/2020\/11\/21\/place-aux-enfants-on-apprend-ensemble-et-en-jouant\/\">Lire l&rsquo;int\u00e9gralit\u00e9 de l&rsquo;article sur le site ici.<\/a><\/strong><\/p>\n","protected":false},"excerpt":{"rendered":"<p>Par Analisa Lolo, anthropologue. Publi\u00e9 dans Soci\u00e9t\u00e9 \u00e9ducatrice. La Fabrique de la ville par ses enfants. Reprise de l&rsquo;article d\u00e9j\u00e0 publi\u00e9 ici m\u00eame dans le Blog. \u00ab\u00a0Cet article propose un retour r\u00e9flexif sur une d\u00e9marche participative et exp\u00e9rimentale qui, au cours de l\u2019ann\u00e9e scolaire 2017\/2018, a plac\u00e9 pour quelques mois des enfants au c\u0153ur de&hellip; <a class=\"more-link\" href=\"https:\/\/education-bien-commun.fr\/?p=4751\">Lire la suite <span class=\"screen-reader-text\">Marseille innovante : \u00ab\u00a0Place aux enfants : on apprend ensemble et en jouant\u00a0\u00bb.<\/span><\/a><\/p>\n","protected":false},"author":3,"featured_media":0,"comment_status":"open","ping_status":"open","sticky":true,"template":"","format":"standard","meta":{"_jetpack_newsletter_access":"","_jetpack_dont_email_post_to_subs":false,"_jetpack_newsletter_tier_id":0,"_jetpack_memberships_contains_paywalled_content":false,"_jetpack_feature_clip_id":0,"_jetpack_memberships_contains_paid_content":false,"footnotes":"","jetpack_post_was_ever_published":false},"categories":[5,8,9,14,16,22,24,28,29,37,44,66,71,72,75,78,88,92,93,94],"tags":[],"class_list":["post-4751","post","type-post","status-publish","format-standard","hentry","category-apprentissage","category-autonomie","category-bien-commun","category-citoyennete","category-co-education","category-construction-du-savoir","category-cooperation","category-creativite","category-culture","category-ecole","category-emancipation","category-innovation","category-methodes-actives","category-mutualisation","category-pedagogie","category-penser","category-recherche-action","category-savoirs","category-societe-educatrice","category-solidarite"],"jetpack_sharing_enabled":true,"jetpack_featured_media_url":"","_links":{"self":[{"href":"https:\/\/education-bien-commun.fr\/index.php?rest_route=\/wp\/v2\/posts\/4751","targetHints":{"allow":["GET"]}}],"collection":[{"href":"https:\/\/education-bien-commun.fr\/index.php?rest_route=\/wp\/v2\/posts"}],"about":[{"href":"https:\/\/education-bien-commun.fr\/index.php?rest_route=\/wp\/v2\/types\/post"}],"author":[{"embeddable":true,"href":"https:\/\/education-bien-commun.fr\/index.php?rest_route=\/wp\/v2\/users\/3"}],"replies":[{"embeddable":true,"href":"https:\/\/education-bien-commun.fr\/index.php?rest_route=%2Fwp%2Fv2%2Fcomments&post=4751"}],"version-history":[{"count":0,"href":"https:\/\/education-bien-commun.fr\/index.php?rest_route=\/wp\/v2\/posts\/4751\/revisions"}],"wp:attachment":[{"href":"https:\/\/education-bien-commun.fr\/index.php?rest_route=%2Fwp%2Fv2%2Fmedia&parent=4751"}],"wp:term":[{"taxonomy":"category","embeddable":true,"href":"https:\/\/education-bien-commun.fr\/index.php?rest_route=%2Fwp%2Fv2%2Fcategories&post=4751"},{"taxonomy":"post_tag","embeddable":true,"href":"https:\/\/education-bien-commun.fr\/index.php?rest_route=%2Fwp%2Fv2%2Ftags&post=4751"}],"curies":[{"name":"wp","href":"https:\/\/api.w.org\/{rel}","templated":true}]}}