{"id":4838,"date":"2022-02-12T16:45:17","date_gmt":"2022-02-12T15:45:17","guid":{"rendered":"https:\/\/educationbiencommun.fr\/?p=4838"},"modified":"2022-02-12T16:45:17","modified_gmt":"2022-02-12T15:45:17","slug":"de-lalphabetisation-a-la-lecturisation-2","status":"publish","type":"post","link":"https:\/\/education-bien-commun.fr\/?p=4838","title":{"rendered":"De l\u2019alphab\u00e9tisation \u00e0 la\u00a0lecturisation"},"content":{"rendered":"\n<p class=\"wp-block-paragraph\">Par Jean Foucambert, responsable \u00e0 l\u2019INRP d\u00e8s 1973 de la recherche sur une nouvelle organisation de l\u2019\u00e9cole \u00e9l\u00e9mentaire et, \u00e0 partir de 1980, un des animateurs de l\u2019Association Fran\u00e7aise pour la Lecture (AFL). Publi\u00e9 dans Syst\u00e8me \u00e9ducatif.<\/p>\n\n\n\n<h2 class=\"has-text-align-center wp-block-heading\" id=\"introduction\"><mark style=\"background-color:rgba(0, 0, 0, 0);\" class=\"has-inline-color has-luminous-vivid-orange-color\">Introduction <\/mark><\/h2>\n\n\n\n<p class=\"wp-block-paragraph\">A l\u2019heure o\u00f9 le minist\u00e8re de Jean-Michel Blanquer a fait r\u00e9aliser des guides pour l\u2019enseignement de la lecture alphab\u00e9tique en CP et dans ce but, impose une m\u00e9thode unique, donc selon les observateurs, amorce un grand retour en arri\u00e8re, il peut \u00eatre int\u00e9ressant de revenir sur la fa\u00e7on dont l\u2019\u00e9cole primaire a alphab\u00e9tis\u00e9 les \u00e9l\u00e8ves d\u00e8s sa cr\u00e9ation et les alphab\u00e9tise encore dans un syst\u00e8me \u00e9ducatif dont tous les \u00e9l\u00e9ments constitutifs tournent autour de cette classe majeure puisque le ministre s\u2019en pr\u00e9occupe tant, le CP. Cette alphab\u00e9tisation qui a fait ses preuves pour donner des rudiments d\u2019\u00e9crit de base depuis sa cr\u00e9ation au XIX\u00b0 si\u00e8cle sous Jules Ferry \u00e0 des g\u00e9n\u00e9rations de petits paysans, est-elle encore efficace dans notre soci\u00e9t\u00e9 du XXI\u00b0 si\u00e8cle quand tous les \u00e9l\u00e8ves vont maintenant \u00e0 l\u2019\u00e9cole obligatoire jusqu\u2019\u00e0 16 ans et ont un enseignement commun au coll\u00e8ge ? Quand on observe que de nombreux \u00e9l\u00e8ves d\u00e9chiffrent encore \u00e0 l\u2019entr\u00e9e en sixi\u00e8me quand ils devraient <strong>lire donc comprendre<\/strong>, \u2013 et cela les suivra tout au long de leur vie, en particulier pour les plus en difficult\u00e9s socialement -, que des \u00e9valuations de PISA et PIRLS mesurent au niveau international que les comp\u00e9tences dans les langages, autant l\u2019\u00e9crit, la lecture que les math\u00e9matiques (\u00e9valuations TIMSS), sont de plus en plus en baisse d\u2019ann\u00e9es en ann\u00e9es en France. Ne doit-on pas enfin former les \u00e9l\u00e8ves d\u00e8s le primaire \u00e0 la v\u00e9ritable lecture, passer de l\u2019alphab\u00e9tisation \u00e0 la lecturisation qui nous le verrons ci-dessous, est seule capable de faire acc\u00e9der \u00e0 la v\u00e9ritable compr\u00e9hension des langages ?<\/p>\n\n\n\n<p class=\"wp-block-paragraph\">Consid\u00e9rons alors comment l&rsquo;Ecole et l&rsquo;apprentissage de l&rsquo;\u00e9crit et des langages en g\u00e9n\u00e9ral se sont organis\u00e9s \u00e0 l&rsquo;origine&#8230;<\/p>\n\n\n\n<p class=\"wp-block-paragraph\">Nadine Lanneau, professeure documentaliste et membre de l&rsquo;AFL (Association Fran\u00e7aise pour la Lecture)<\/p>\n\n\n\n<p class=\"wp-block-paragraph\"><\/p>\n\n\n\n<p class=\"wp-block-paragraph\"><\/p>\n\n\n\n<p class=\"wp-block-paragraph\">Extraits du texte de Jean Foucambert.<\/p>\n\n\n\n<h2 class=\"has-text-align-center wp-block-heading\" id=\"historique-deux-ordres-d-enseignement-en-france-le-primaire-et-le-lycee\"><mark><mark style=\"background-color:#ffffff;\" class=\"has-inline-color has-luminous-vivid-orange-color\"><strong>Historique : <\/strong><\/mark><\/mark><\/h2>\n\n\n\n<h2 class=\"has-text-align-center wp-block-heading\" id=\"historique-deux-ordres-d-enseignement-en-france-le-primaire-et-le-lycee\"><mark><mark style=\"background-color:#ffffff;\" class=\"has-inline-color has-luminous-vivid-orange-color\"><strong>Deux ordres d\u2019enseignement en France, le primaire et le lyc\u00e9e<\/strong><\/mark><\/mark><\/h2>\n\n\n\n<p class=\"wp-block-paragraph\">\u00ab&nbsp;Jusqu\u2019\u00e0 la fin du XVIII\u00e8me, la bourgeoisie, en recherche d\u2019un pouvoir politique coh\u00e9rent avec son aventure \u00e9conomique, d\u00e9veloppe des positions \u00e9ducatives qui l\u2019opposent aux m\u00e9thodes des \u00e9coles des congr\u00e9gations religieuses, lesquelles s\u2019appuient sur des unit\u00e9s alphab\u00e9tiques qu\u2019il s\u2019agit de combiner pour identifier des syllabes puis aller vers des mots connus \u00e0 l\u2019oral.<\/p>\n\n\n\n<p class=\"wp-block-paragraph\"><strong>&nbsp;La R\u00e9volution faite et la menace de d\u00e9bordement populaire jugul\u00e9e par Thermidor, cette classe s\u2019en remet \u00e0 l\u2019Empire puis \u00e0 la Restauration. Napol\u00e9on, notamment, confie \u00e0 l\u2019Universit\u00e9 le soin de recruter les professeurs des lyc\u00e9es en charge de former l\u2019\u00e9lite intellectuelle, scientifique, culturelle et politique dont l\u2019organisation sociale a besoin. L\u2019enseignement primaire, quant \u00e0 lui, retrouve rapidement, les principes et les m\u00e9thodes dominantes dans les institutions religieuses.<\/strong><\/p>\n\n\n\n<h3 class=\"has-text-align-left wp-block-heading\" id=\"au-xix-un-espoir-d-un-autre-enseignement-vite-avorte-l-enseignement-mutuel\"><em><strong>Au XIX\u00b0 un espoir d\u2019un autre enseignement, vite avort\u00e9\u2026<\/strong>&nbsp;l\u2019enseignement mutuel<\/em><\/h3>\n\n\n\n<p class=\"wp-block-paragraph\">Pour autant, le XIX\u00e8me si\u00e8cle voit s\u2019exacerber les affrontements sociaux que g\u00e9n\u00e8re le d\u00e9veloppement de l\u2019industrialisation et, avec eux, l\u2019enjeu des outils de pens\u00e9e dont se dotent les \u00ab&nbsp;<em>classes<\/em>&nbsp;\u00bb en pr\u00e9sence. Du c\u00f4t\u00e9 des classes populaires, il n\u2019est pas question de laisser une classe faire la classe \u00e0 l\u2019autre&nbsp;!&nbsp;<strong>On estime ainsi que, vers 1860, 80% des ouvriers parisiens lisent sans avoir jamais fr\u00e9quent\u00e9 une \u00e9cole. Ils se sont appris \u00e0 lire en se servant mutuellement des \u00e9crits dont ils avaient besoin dans le quotidien de leur engagement. Ils rencontrent donc l\u2019\u00e9crit comme tout langage que leur environnement utilise avec eux afin de recourir \u00e0 un mode sp\u00e9cifique de mise \u00e0 distance de l\u2019exp\u00e9rience, construire et communiquer du sens.&nbsp;<\/strong>Ils se servent de cette technologie sans pr\u00e9alable, avec d\u2019autres qui en sont un peu plus loin, parce qu\u2019ils ont besoin d\u2019un outil suppl\u00e9mentaire de pens\u00e9e, de traitement de leur exp\u00e9rience collective&nbsp;; comme ils ont, d\u00e8s leur naissance, rencontr\u00e9 l\u2019oral. Vient la Commune et la r\u00e9pression qui la suivit\u2026<\/p>\n\n\n\n<h3 class=\"has-text-align-left wp-block-heading\" id=\"une-alphabetisation-qui-va-reussir-pour-le-peuple-et-une-lecturisation-pour-les-lycees\"><strong><em>Une alphab\u00e9tisation qui va r\u00e9ussir pour le peuple et une lecturisation pour les lyc\u00e9es<\/em><\/strong><\/h3>\n\n\n\n<p class=\"wp-block-paragraph\">Comment d\u00e8s lors instruire le peuple pour qu\u2019il sache ce qu\u2019il n\u2019est pas permis d\u2019ignorer afin de jouer le r\u00f4le qu\u2019on attend de lui dans le processus productif&nbsp;? Comment d\u00e9sormais l\u2019\u00e9duquer pour qu\u2019il finisse par trouver naturels les rapports sociaux engendr\u00e9s par le syst\u00e8me \u00e9conomique&nbsp;? Comment l\u2019impliquer afin qu\u2019il croie partager les m\u00eames int\u00e9r\u00eats qu\u2019une bourgeoisie dont les valeurs auraient assur\u00e9ment port\u00e9e universelle&nbsp;? Ce sera l\u2019\u0153uvre de&nbsp;<strong>Jules Ferry,<\/strong>&nbsp;aussi bien \u2013 et de la m\u00eame mani\u00e8re \u2013 dans le domaine colonial que scolaire. Pour ce dernier, il s\u2019agira de&nbsp;<strong>\u00ab&nbsp;<em>clore l\u2019\u00e8re des r\u00e9volutions<\/em>&nbsp;\u00bb en juxtaposant, d\u00e8s les ann\u00e9es 1880, deux r\u00e9seaux&nbsp;: une \u00e9cole \u00e9l\u00e9mentaire la\u00efque, gratuite et obligatoire pour plus de 95% d\u2019une classe d\u2019\u00e2ge&nbsp;; le suivi d\u2019\u00e9tudes longues \u2013 ni la\u00efques, ni gratuites \u2013 d\u00e8s les \u00ab&nbsp;<em>petites classes<\/em>&nbsp;\u00bb du lyc\u00e9e (de la 11\u00e8me \u00e0 la 7\u00e8me) o\u00f9 se forme l\u2019\u00e9lite.&nbsp;<\/strong><\/p>\n\n\n\n<p class=\"wp-block-paragraph\">S\u00e9paration assum\u00e9e entre une masse de travailleurs devant entrer tr\u00e8s vite dans la production et une minorit\u00e9 de \u2018<em>privil\u00e9gi\u00e9s<\/em>\u2019 mis en situation d\u2019acqu\u00e9rir les langages n\u00e9cessaires au d\u00e9veloppement de nouveaux savoirs, savoir faire, savoir penser et savoir sentir dont la soci\u00e9t\u00e9 confie, pour le meilleur avenir de tous, le soin \u00e0 sa classe dominante.<\/p>\n\n\n\n<h3 class=\"has-text-align-left wp-block-heading\" id=\"en-primaire-l-apprentissage-de-l-ecrit-de-base-correspond-a-l-environnement-des-enfants-du-peuple\"><strong><em>En primaire, l\u2019apprentissage de l\u2019\u00e9crit de base  correspond \u00e0 l\u2019environnement des enfants du peuple<\/em><\/strong><\/h3>\n\n\n\n<p class=\"wp-block-paragraph\">Le rapport \u00e0 l\u2019\u00e9crit est une bonne illustration de ce partage des r\u00f4les.&nbsp;<\/p>\n\n\n\n<p class=\"wp-block-paragraph\"><strong>Dans l\u2019\u00e9cole \u00ab&nbsp;<em>pour le peuple<\/em>&nbsp;\u00bb, un corps d\u2019inspecteurs, primaires, impose le retour aux m\u00e9thodes d\u2019alphab\u00e9tisation des fr\u00e8res des \u00e9coles chr\u00e9tiennes avec pour ambition que les \u00e9l\u00e8ves \u2013 dont un grand nombre communique dans un parler local \u2013 aient enrichi \u00e0 11 ans (fin de la scolarit\u00e9 obligatoire jusqu\u2019en 1936) un capital lexical et syntaxique de base \u00e0 l\u2019int\u00e9rieur des besoins de leur environnement. <\/strong><\/p>\n\n\n\n<p class=\"wp-block-paragraph\"><strong>Personne ne songe \u00e0 assimiler cette comp\u00e9tence alphab\u00e9tique minimale avec la lecture pratiqu\u00e9e au lyc\u00e9e pour un autre public.&nbsp;<\/strong>Dans le d\u00e9but des ann\u00e9es 1970, le CEP (Certificat d\u2019\u00c9tudes Primaires) demande toujours aux candidats de \u2018<em>dire<\/em>\u2019 \u00e0 voix haute quelques lignes d\u2019un texte mais avec&nbsp;<em>interdiction<\/em>&nbsp;pour l\u2019examinateur de poser la moindre question de compr\u00e9hension. Maximum cinq points accord\u00e9s \u00e0 l\u2019\u00e9preuve sur le total de 100 points de l\u2019examen. Du reste, tous les enfants d\u2019une classe d\u2019\u00e2ge sont loin d\u2019\u00eatre pr\u00e9sent\u00e9s \u00e0 l\u2019examen et moins d\u2019un sur 2 obtient les 50 points fatidiques d\u2019un examen qui donne acc\u00e8s aux m\u00e9tiers de la fonction publique\u2026<\/p>\n\n\n\n<h3 class=\"has-text-align-left wp-block-heading\" id=\"et-au-lycee-l-apprentissage-de-la-lecturisation-l-apprentissage-des-langages\"><strong><em>Et au lyc\u00e9e, l\u2019apprentissage de la lecturisation\u2026 l\u2019apprentissage des langages<\/em><\/strong><\/h3>\n\n\n\n<p class=\"wp-block-paragraph\"><strong>D\u00e8s les ann\u00e9es 1890, les inspecteurs \u2013 g\u00e9n\u00e9raux, cette fois \u2013 affichent leur crainte qu\u2019on fasse travailler, dans les petites classes des lyc\u00e9es, les apprentis lecteurs sur des textes trop simples car apprendre \u00e0 \u00ab\u00a0lire\u00a0\u00bb, c\u2019est d\u00e9couvrir comment un syst\u00e8me \u00e9crit fonctionne pour formuler et faire partager du sens, de la pens\u00e9e, de l\u2019\u00e9motion\u2026&nbsp;<\/strong><\/p>\n\n\n\n<p class=\"wp-block-paragraph\">Un texte parvient en effet dans un contexte et celui-ci sugg\u00e8re in\u00e9vitablement des pistes pour son investigation. Comment un apprenti lecteur d\u00e9veloppe-t-il des strat\u00e9gies sp\u00e9cifiques pour satisfaire ses intentions d\u2019y \u00ab\u00a0<em>voir plus clair<\/em>\u00ab\u00a0\u2019 dans un \u00e9crit&nbsp;? Comment un <em>\u00ab\u00a0message<\/em>\u00a0\u00bb pressenti se d\u00e9compose-t-il en structures syntaxiques et s\u00e9mantiques de plus en plus pr\u00e9cises qui s\u2019\u00e9paulent les unes les autres&nbsp;?&nbsp;<\/p>\n\n\n\n<p class=\"wp-block-paragraph\"><strong>On est \u00e0 l\u2019oppos\u00e9 de ce qu\u2019on cherche \u00e0 construire ailleurs par l\u2019approche alphab\u00e9tique.&nbsp;<\/strong><\/p>\n\n\n\n<p class=\"wp-block-paragraph\">D\u2019o\u00f9, notamment, l\u2019efficacit\u00e9 du recours au latin dans la formation des lecteurs car cette langue \u2013 n\u2019ayant pas d\u2019oral \u2013 n\u2019offre aucune voie s\u00e9mantique \u00e0 une oralisation&nbsp;: on ne peut qu\u2019apprendre \u00e0 la lire, de l\u2019int\u00e9rieur. D\u00e9couvrir le fonctionnement d\u2019un syst\u00e8me \u00e9crit, apprentissage fonctionnel qu\u2019il faut avoir fait une fois&nbsp;: en latin, en grec, avec des hi\u00e9roglyphes ou du chinois\u2026 ou de toute langue \u00e9crite d\u00e8s lors qu\u2019on vous aide \u00e0 l\u2019aborder comme un langage, comme l\u2019outil d\u2019op\u00e9rations intellectuelles sp\u00e9cifiques. Et non de la r\u00e9duire au codage hypoth\u00e9tique de quelques fonctions d\u2019un autre langage, en l\u2019occurrence ici l\u2019oral\u2026<\/p>\n\n\n\n<h3 class=\"has-text-align-left wp-block-heading\" id=\"deux-reseaux-paralleles-de-rencontre-de-l-ecrit\"><strong><em>Deux r\u00e9seaux parall\u00e8les de rencontre de l\u2019\u00e9crit\u2026<\/em><\/strong><\/h3>\n\n\n\n<p class=\"wp-block-paragraph\"><strong>Deux r\u00e9seaux de rencontre de l\u2019\u00e9crit<\/strong>,&nbsp;<strong>l\u2019un&nbsp;<em>synth\u00e9tique<\/em><\/strong>&nbsp;partant d\u2019\u00e9l\u00e9ments simples afin de les combiner en unit\u00e9s identifi\u00e9es \u00e0&nbsp;l\u2019oral (mots, puis groupes de mots, puis phrases),&nbsp;<strong>l\u2019autre&nbsp;<em>analytique<\/em><\/strong>&nbsp;travaillant directement sur la sp\u00e9cificit\u00e9 de l\u2019\u00e9crit comme langage et donc s\u2019enracinant dans une situation authentique de communication. L\u2019un d\u00e9di\u00e9 \u00e0 l\u2019immense masse des \u00ab&nbsp;manuels&nbsp;\u00bb \u00e0 alphab\u00e9tiser gr\u00e2ce \u00e0 un syst\u00e8me de codage, l\u2019autre \u00e0 une minorit\u00e9 d\u2019intellectuels \u00e0 doter d\u2019un nouvel outil de rapport au r\u00e9el. Ces deux r\u00e9seaux parall\u00e8les de rencontre de l\u2019\u00e9crit ont rempli efficacement, et, dans le calme, leur fonction sp\u00e9cifique.<\/p>\n\n\n\n<p class=\"wp-block-paragraph\">Pendant plus de 80 ans, il n\u2019y a jamais eu de querelle entre des m\u00e9thodes con\u00e7ues pour des objectifs bien diff\u00e9rents.&nbsp;<strong>Tout au plus observe-t-on, du c\u00f4t\u00e9 de l\u2019alphab\u00e9tisation, des innovations pour tenter d\u2019introduire avant le cours moyen un peu de compr\u00e9hension et de recours au contexte, lesquelles ont permis de parler assez vite de m\u00e9thodes mixtes<\/strong>&nbsp;; mais toujours dans l\u2019esprit du synth\u00e9tisme. En outre, tr\u00e8s t\u00f4t dans le primaire, le d\u00e9veloppement militant des cours compl\u00e9mentaires forme des travailleurs \u00e0 un niveau d\u2019outillage intellectuel un peu plus \u00e9lev\u00e9 et d\u00e9veloppe une \u00ab\u00a0classe moyenne\u00a0\u00bb dont les instituteurs recrut\u00e9s dans les \u00c9coles normales constituent un bon exemple. Pour autant, on reste toujours, en mati\u00e8re de rencontre de l\u2019\u00e9crit, dans le perfectionnement de l\u2019apprentissage indirect initial. Cette classe moyenne se peuple ainsi techniquement plut\u00f4t d\u2019alphab\u00e9tis\u00e9s v\u00e9loces. Toutefois, le recours plus fr\u00e9quent \u00e0 l\u2019\u00e9crit en contexte \u2013 parce qu\u2019ils se passionnent pour les voyages, la m\u00e9canique, le th\u00e9\u00e2tre, le militantisme syndical ou la po\u00e9sie amoureuse\u2026 \u2013 permet \u00e0&nbsp;<strong>une minorit\u00e9 de ces utilisateurs, impliqu\u00e9s souvent dans des groupes, de d\u00e9velopper des strat\u00e9gies directes qui en font des lecteurs effectifs. <\/strong><\/p>\n\n\n\n<p class=\"wp-block-paragraph\">N\u00e9anmoins, au d\u00e9but des ann\u00e9es 60, on est loin de pouvoir compter 20% de lecteurs dans la population fran\u00e7aise, que ce soit \u00e0 partir du nombre de livres lus ou par la ma\u00eetrise des techniques de lecture.<\/p>\n\n\n\n<h2 class=\"has-text-align-center wp-block-heading\" id=\"annees-soixante-que-faire-du-primaire-un-autre-systeme-educatif\"><mark><mark style=\"background-color:#ffffff;\" class=\"has-inline-color has-luminous-vivid-orange-color\">Ann\u00e9es soixante : que faire du primaire ? <\/mark><\/mark><\/h2>\n\n\n\n<h2 class=\"has-text-align-center wp-block-heading\" id=\"annees-soixante-que-faire-du-primaire-un-autre-systeme-educatif\"><mark><mark style=\"background-color:#ffffff;\" class=\"has-inline-color has-luminous-vivid-orange-color\">Un autre syst\u00e8me \u00e9ducatif ?<\/mark><\/mark><\/h2>\n\n\n\n<p class=\"wp-block-paragraph\">La proportion respective des alphab\u00e9tis\u00e9s et des lecteurs a permis au syst\u00e8me productif de tirer les meilleurs partis de la division du travail (manuel\/intellectuel) sur laquelle il repose.\u00a0<strong>C\u2019est l\u2019apog\u00e9e des Trente Glorieuses\u2026 Une partie active de la bourgeoisie semble alors penser qu\u2019il serait d\u00e9sormais possible (et pr\u00e9f\u00e9rable pour l&rsquo;\u00e9conomie) d\u2019impliquer chacun autrement que dans une division du travail instaur\u00e9e au d\u00e9but du si\u00e8cle pr\u00e9c\u00e9dent\u00a0; et donc, de concevoir sur d\u2019autres bases, un syst\u00e8me scolaire h\u00e9rit\u00e9 de Jules Ferry.<\/strong><\/p>\n\n\n\n<p class=\"wp-block-paragraph\"><strong>Et pour commencer&nbsp;: scolarit\u00e9 obligatoire jusqu\u2019\u00e0 16 ans, entr\u00e9e de tous les \u00e9l\u00e8ves en 6\u00e8me, coll\u00e8ge unique, etc.<\/strong>&nbsp;<\/p>\n\n\n\n<p class=\"wp-block-paragraph\">La question se pose imm\u00e9diatement\u00a0:\u00a0<strong>afin que tous les enfants suivent d\u00e9sormais l\u2019enseignement secondaire d\u00e8s 11 ans, quelle sera la nouvelle organisation de la phase primaire\u00a0?<\/strong>\u00a0S\u2019agira-t-il de la \u00ab\u00a0<em>secondariser<\/em>\u00a0\u00bb dans l\u2019esprit des petites classes du lyc\u00e9e afin de cr\u00e9er un syst\u00e8me nouveau, coh\u00e9rent, unique, ayant la m\u00eame ambition pour tous\u00a0? Ou suffira-t-il de continuer \u00e0 y faire ce qu\u2019on y fait d\u00e9j\u00e0 \u2013 moins longtemps certes mais plus intens\u00e9ment \u2013 afin de rendre accessibles \u00e0 tous, les objectifs intellectuels, techniques et culturels qui sont ceux d\u2019une minorit\u00e9 au lyc\u00e9e\u00a0?<\/p>\n\n\n\n<h3 class=\"wp-block-heading\" id=\"les-recherches-de-l-inrp-de-1972-a-1986\"><strong><em>Les recherches de l\u2019INRP de 1972 \u00e0 1986<\/em><\/strong><\/h3>\n\n\n\n<p class=\"wp-block-paragraph\"><strong>Des ministres (de droite\u00a0!) ont alors demand\u00e9 \u00e0 des p\u00e9dagogues (de gauche\u00a0!) de travailler cette question au sein de l\u2019INRP (Institut National de Recherche P\u00e9dagogique) et, d\u00e8s 1972, sous la direction de Louis Legrand, des milliers d\u2019enseignants en France ont, avec des dizaines de milliers d\u2019\u00e9l\u00e8ves de maternelle, de primaire et de coll\u00e8ge, particip\u00e9 \u00e0 des \u00ab\u00a0<em>Recherche-Action<\/em>\u00a0\u00bb afin de dessiner les bases d\u2019un syst\u00e8me \u00e9ducatif centr\u00e9 sur du \u00ab<em>second degr\u00e9<\/em>\u00bb, c\u2019est-\u00e0-dire sur les langages et les outils de pens\u00e9e \u00e0 l\u2019\u0153uvre pour analyser des exp\u00e9riences en prise avec la vie ouverte sur le monde r\u00e9el.<\/strong><\/p>\n\n\n\n<p class=\"wp-block-paragraph\">Louis Legrand avait choisi pour conduire les diff\u00e9rentes unit\u00e9s (disciplinaires, organisationnelles, verticales ou horizontales, etc.) une cinquantaine de p\u00e9dagogues rep\u00e9r\u00e9s d\u00e9j\u00e0 par leur implication dans des \u00e9quipes de terrain. Ils ont dispos\u00e9, depuis la rue d\u2019Ulm, d\u2019un budget pour y associer de nombreux sociologues, psychologues, statisticiens, techniciens de recherches afin de d\u00e9velopper des outils d\u2019observation et d\u2019\u00e9valuation appliqu\u00e9s \u00e0 des d\u00e9marches contrast\u00e9es. L\u2019\u00e9tude de ces r\u00e9sultats a en outre b\u00e9n\u00e9fici\u00e9 des nouvelles techniques informatiques \u00ab&nbsp;<em>d\u2019analyse des donn\u00e9es<\/em>&nbsp;\u00bb accessibles par la Maison des Sciences de l\u2019Homme.&nbsp;<\/p>\n\n\n\n<p class=\"wp-block-paragraph\"><strong>Il n\u2019y avait jamais eu, jusque l\u00e0 (ni depuis&nbsp;!), une telle volont\u00e9 de recherche et de puissance de mobilisation dans le monde fran\u00e7ais de l\u2019\u00e9ducation. Elle a dur\u00e9 jusqu\u2019aux ann\u00e9es 85-86, en gros une quinzaine d\u2019ann\u00e9es<\/strong>, recevant en outre, pour ce qu\u2019il est du rapport \u00e0 l\u2019\u00e9crit, le soutien des biblioth\u00e9caires, du monde de la litt\u00e9rature-jeunesse, des animateurs sociaux, des municipalit\u00e9s, des comit\u00e9s d\u2019entreprise, etc.<\/p>\n\n\n\n<h3 class=\"has-text-align-left wp-block-heading\" id=\"les-progres-ont-ete-a-la-hauteur-de-l-engagement-et-scientifiquement-evalues\"><strong><em>Les progr\u00e8s ont \u00e9t\u00e9 \u00e0 la hauteur de l\u2019engagement&nbsp;; et, scientifiquement \u00e9valu\u00e9s.<\/em><\/strong><\/h3>\n\n\n\n<p class=\"wp-block-paragraph\">Les progr\u00e8s ont \u00e9t\u00e9 \u00e0 la hauteur de l\u2019engagement&nbsp;; et, scientifiquement \u00e9valu\u00e9s. Ils ont fait comprendre qu\u2019une \u00e9tape pouvait \u00eatre franchie d\u00e8s lors que l\u2019\u00e9cole s\u2019engagerait pour aider le corps social \u00e0 s\u2019inventer en&nbsp;<strong>soci\u00e9t\u00e9 \u00e9ducatrice<\/strong>&nbsp;et non pour distribuer de la qualification individuelle sur le mode d\u2019une comp\u00e9tition discriminatoire.&nbsp;<strong>Une \u00e9cole de la promotion collective\u2026<\/strong><\/p>\n\n\n\n<p class=\"wp-block-paragraph\"><mark style=\"background-color:rgba(0, 0, 0, 0);\" class=\"has-inline-color has-luminous-vivid-orange-color\"><strong>Pourquoi et comment, d\u00e8s lors, la reprise en main dans les 15 ann\u00e9es suivantes\u00a0? Les r\u00e9sultats n\u2019ont, depuis, jamais cess\u00e9 de baisser\u00a0<\/strong>!\u00a0<\/mark>\u00bb<\/p>\n\n\n\n<p class=\"has-text-align-right wp-block-paragraph\">Jean Foucambert<\/p>\n\n\n\n<p class=\"has-text-align-right wp-block-paragraph\">responsable \u00e0 l\u2019INRP d\u00e8s 1973 de la recherche sur une nouvelle organisation de l\u2019\u00e9cole \u00e9l\u00e9mentaire et, \u00e0 partir de 1980, un des animateurs de l\u2019Association Fran\u00e7aise pour la Lecture (AFL)<\/p>\n\n\n\n<p class=\"wp-block-paragraph\">Extrait de \u00ab&nbsp;M\u00e9thode coupable ? Erreur globale&nbsp;\u00bb. R\u00e9ponse \u00e0 l\u2019article traitant de p\u00e9dagogie de la lecture, paru dans le dossier \u00ab&nbsp;<em>Sauvons l\u2019\u00e9cole<\/em>&nbsp;\u00bb du magazine&nbsp;<em>Marianne<\/em>&nbsp;n\u00b0949, 26 juin 2015. Jean Foucambert a demand\u00e9 un droit de r\u00e9ponse au journal Marianne pour une soit-disant m\u00e9thode qu\u2019il pr\u00e9coniserait alors que le probl\u00e8me est ailleurs.&nbsp;<strong><a href=\"http:\/\/actes-de-lecture.org\/spip.php?article103\">Lire l\u2019article dans son int\u00e9gralit\u00e9.<\/a><\/strong><\/p>\n","protected":false},"excerpt":{"rendered":"<p>Par Jean Foucambert, responsable \u00e0 l\u2019INRP d\u00e8s 1973 de la recherche sur une nouvelle organisation de l\u2019\u00e9cole \u00e9l\u00e9mentaire et, \u00e0 partir de 1980, un des animateurs de l\u2019Association Fran\u00e7aise pour la Lecture (AFL). Publi\u00e9 dans Syst\u00e8me \u00e9ducatif. Introduction A l\u2019heure o\u00f9 le minist\u00e8re de Jean-Michel Blanquer a fait r\u00e9aliser des guides pour l\u2019enseignement de la&hellip; <a class=\"more-link\" href=\"https:\/\/education-bien-commun.fr\/?p=4838\">Lire la suite <span class=\"screen-reader-text\">De l\u2019alphab\u00e9tisation \u00e0 la\u00a0lecturisation<\/span><\/a><\/p>\n","protected":false},"author":3,"featured_media":0,"comment_status":"open","ping_status":"open","sticky":true,"template":"","format":"standard","meta":{"_jetpack_newsletter_access":"","_jetpack_dont_email_post_to_subs":false,"_jetpack_newsletter_tier_id":0,"_jetpack_memberships_contains_paywalled_content":false,"_jetpack_feature_clip_id":0,"_jetpack_memberships_contains_paid_content":false,"footnotes":"","jetpack_post_was_ever_published":false},"categories":[5,6,19,22,37,43,44,47,75,81,88,92,96],"tags":[],"class_list":["post-4838","post","type-post","status-publish","format-standard","hentry","category-apprentissage","category-apprentissage-de-la-lecture","category-complexite","category-construction-du-savoir","category-ecole","category-eleve","category-emancipation","category-enseignement","category-pedagogie","category-politique-educative","category-recherche-action","category-savoirs","category-systeme-educatif"],"jetpack_sharing_enabled":true,"jetpack_featured_media_url":"","_links":{"self":[{"href":"https:\/\/education-bien-commun.fr\/index.php?rest_route=\/wp\/v2\/posts\/4838","targetHints":{"allow":["GET"]}}],"collection":[{"href":"https:\/\/education-bien-commun.fr\/index.php?rest_route=\/wp\/v2\/posts"}],"about":[{"href":"https:\/\/education-bien-commun.fr\/index.php?rest_route=\/wp\/v2\/types\/post"}],"author":[{"embeddable":true,"href":"https:\/\/education-bien-commun.fr\/index.php?rest_route=\/wp\/v2\/users\/3"}],"replies":[{"embeddable":true,"href":"https:\/\/education-bien-commun.fr\/index.php?rest_route=%2Fwp%2Fv2%2Fcomments&post=4838"}],"version-history":[{"count":0,"href":"https:\/\/education-bien-commun.fr\/index.php?rest_route=\/wp\/v2\/posts\/4838\/revisions"}],"wp:attachment":[{"href":"https:\/\/education-bien-commun.fr\/index.php?rest_route=%2Fwp%2Fv2%2Fmedia&parent=4838"}],"wp:term":[{"taxonomy":"category","embeddable":true,"href":"https:\/\/education-bien-commun.fr\/index.php?rest_route=%2Fwp%2Fv2%2Fcategories&post=4838"},{"taxonomy":"post_tag","embeddable":true,"href":"https:\/\/education-bien-commun.fr\/index.php?rest_route=%2Fwp%2Fv2%2Ftags&post=4838"}],"curies":[{"name":"wp","href":"https:\/\/api.w.org\/{rel}","templated":true}]}}