{"id":485,"date":"2020-05-24T19:35:57","date_gmt":"2020-05-24T17:35:57","guid":{"rendered":"http:\/\/educationbiencommun.fr\/?p=485"},"modified":"2020-05-24T19:35:57","modified_gmt":"2020-05-24T17:35:57","slug":"la-tres-bonne-nouvelle","status":"publish","type":"post","link":"https:\/\/education-bien-commun.fr\/?p=485","title":{"rendered":"LA TRES BONNE NOUVELLE"},"content":{"rendered":"\n<h5 class=\"wp-block-heading\">Ce texte a \u00e9t\u00e9 \u00e9crit par Raymond Millot, militant p\u00e9dagogique depuis de longues ann\u00e9es dans divers mouvements p\u00e9dagogique,  fin 2019. \u00a0Il a jou\u00e9, exceptionnellement, un r\u00f4le de d\u00e9clencheur pour la cr\u00e9ation du CNNR, comme le signale Denis Robert (Le M\u00e9dia).<\/h5>\n\n\n\n<p class=\"wp-block-paragraph\"><strong>Le virus individualiste<\/strong>&nbsp;qui a infect\u00e9 progressivement tous les rouages de nos soci\u00e9t\u00e9s \u00ab&nbsp;d\u00e9velopp\u00e9es&nbsp;\u00bb recule tr\u00e8s rapidement.<\/p>\n\n\n\n<p class=\"wp-block-paragraph\">D\u00e9j\u00e0, avant la pand\u00e9mie, le 5 novembre 2019, 11&nbsp;000 scientifiques se rassemblent et lancent un appel qui propose des leviers d\u2019action pour \u00e9viter des \u00ab&nbsp;souffrances indescriptibles&nbsp;\u00bb que risque de provoquer la crise climatique.<\/p>\n\n\n\n<h5 class=\"wp-block-heading\"><strong><span style=\"color:#4ca300;\" class=\"has-inline-color\">Le 27 f\u00e9vrier 1\u00a0000 scientifiques se rassemblent et appellent les citoyens \u00e0 la d\u00e9sob\u00e9issance civile et au d\u00e9veloppement d\u2019alternatives et d\u00e9clarent que\u00a0: \u00ab\u00a0Face \u00e0 la crise \u00e9cologique, la r\u00e9bellion est n\u00e9cessaire\u00a0\u00bb.<\/span><\/strong><\/h5>\n\n\n\n<p class=\"wp-block-paragraph\">Le 19 mars, c\u2019est&nbsp;<strong>un collectif<\/strong>&nbsp;de personnalit\u00e9s tr\u00e8s connues qui d\u00e9crit les 5 phases d\u2019une&nbsp;<strong>\u00ab&nbsp;r\u00e9sistance<\/strong>&nbsp;climatique&nbsp;\u00bb \u00e0 organiser \u00ab&nbsp;apr\u00e8s le confinement&nbsp;\u00bb.<\/p>\n\n\n\n<p class=\"wp-block-paragraph\"><span style=\"color:#d12eb9;\" class=\"has-inline-color\"><strong>Le 27 mars,\u00a018\u00a0responsables d\u2019organisations syndicales, associatives et environnementales, parmi lesquels Philippe Martinez (CGT), Aur\u00e9lie Trouv\u00e9 (Attac), Jean-Fran\u00e7ois\u00a0Julliard (Greenpeace) et C\u00e9cile Duflot (Oxfam),\u00a0se rassemblent et signent une tribune commune titr\u00e9e \u00ab\u00a0Plus jamais \u00e7a\u00a0!\u00a0Pr\u00e9parons le \u00ab\u00a0jour d\u2019apr\u00e8s\u00a0\u00bb<\/strong>.<\/span><\/p>\n\n\n\n<h4 class=\"wp-block-heading\"><strong><em><strong>POUR ALLER PLUS LOIN<\/strong><\/em><\/strong><\/h4>\n\n\n\n<p class=\"wp-block-paragraph\"><em>La n\u00e9cessit\u00e9 d\u2019envisager la convergence de toutes les initiatives, de structurer cette&nbsp;<\/em><strong><em><strong>r\u00e9bellion<\/strong><\/em><\/strong><em>, cette&nbsp;<\/em><strong><em><strong>r\u00e9sistance<\/strong><\/em><\/strong><em>, de pr\u00e9parer&nbsp;<\/em><strong><em><strong>le jour d\u2019apr\u00e8s<\/strong><\/em><\/strong><em> \u00e9voque in\u00e9vitablement la p\u00e9riode de l\u2019occupation, le rassemblement des rebelles et r\u00e9sistants, dans un <strong>CONSEIL NATIONAL DE LA RESISTANCE<\/strong>,<\/em><strong><em><strong>&nbsp;<\/strong><\/em><\/strong><em>qui, sans attendre la fin de la lutte arm\u00e9e s\u2019est pr\u00e9occup\u00e9 du \u00ab&nbsp;jour d\u2019apr\u00e8s&nbsp;\u00bb et a m\u00eame&nbsp;<\/em><strong><em><strong>planifi\u00e9&nbsp;<\/strong><\/em><\/strong><em>les changements indispensables pour \u00ab&nbsp;<\/em><strong><em><strong>des jours heureux<\/strong><\/em><\/strong><em>\u00bb.<\/em><\/p>\n\n\n\n<p class=\"wp-block-paragraph\"><em>Nous sommes quelques citoyens et citoyennes, soutenant, une ou plusieurs des organisations signataires de la tribune du 27 mars, ou des partis qui devraient vous rejoindre. Nous VOUS incitons \u00e0&nbsp;<\/em><strong><em><strong>\u00e9largir&nbsp;<\/strong><\/em><\/strong><em>encore votre collectif en proposant<\/em><\/p>\n\n\n\n<p class=\"wp-block-paragraph\"><em>la constitution d\u2019<\/em><strong><em><strong>un Conseil National de la R\u00e9sistance 2020&nbsp;<\/strong><\/em><\/strong><em>adapt\u00e9 \u00e0 notre temps, <\/em><strong><em><strong>limitant le r\u00f4le de l\u2019Etat,  faisant appel \u00e0 la participation citoyenne\u2026<\/strong><\/em><\/strong><\/p>\n\n\n\n<p class=\"wp-block-paragraph\"><em>Parmi les objectifs envisag\u00e9s nous estimons qu\u2019il importerait de&nbsp;:<\/em><\/p>\n\n\n\n<p class=\"wp-block-paragraph\"><em>1\/ d\u00e9finir tout ce que nos soci\u00e9t\u00e9s vont devoir&nbsp;<\/em><strong><em><strong>abandonner et le faire admettre<\/strong><\/em><\/strong><\/p>\n\n\n\n<p class=\"wp-block-paragraph\"><em>2\/ simultan\u00e9ment, d\u00e9crire tous les progr\u00e8s&nbsp;<\/em><strong><em><strong>qualitatifs<\/strong><\/em><\/strong><em> <\/em><em>\u00e0 organiser et \u00e0 valoriser<\/em><\/p>\n\n\n\n<p class=\"wp-block-paragraph\"><em>3\/ \u00e9tudier une&nbsp;<\/em><strong><em><strong>strat\u00e9gie<\/strong><\/em><\/strong><em>&nbsp;pour associer la population, d\u00e9mocratiquement, aux d\u00e9cisions \u00e0 prendre et \u00e0 la politique indispensable pour les mettre en \u0153uvre (<strong>une Convention Citoyenne&nbsp;?)<\/strong><\/em><\/p>\n","protected":false},"excerpt":{"rendered":"<p>Ce texte a \u00e9t\u00e9 \u00e9crit par Raymond Millot, militant p\u00e9dagogique depuis de longues ann\u00e9es dans divers mouvements p\u00e9dagogique, fin 2019. \u00a0Il a jou\u00e9, exceptionnellement, un r\u00f4le de d\u00e9clencheur pour la cr\u00e9ation du CNNR, comme le signale Denis Robert (Le M\u00e9dia). Le virus individualiste&nbsp;qui a infect\u00e9 progressivement tous les rouages de nos soci\u00e9t\u00e9s \u00ab&nbsp;d\u00e9velopp\u00e9es&nbsp;\u00bb recule tr\u00e8s&hellip; <a class=\"more-link\" href=\"https:\/\/education-bien-commun.fr\/?p=485\">Lire la suite <span class=\"screen-reader-text\">LA TRES BONNE NOUVELLE<\/span><\/a><\/p>\n","protected":false},"author":3,"featured_media":0,"comment_status":"open","ping_status":"open","sticky":false,"template":"","format":"standard","meta":{"_jetpack_newsletter_access":"","_jetpack_dont_email_post_to_subs":false,"_jetpack_newsletter_tier_id":0,"_jetpack_memberships_contains_paywalled_content":false,"_jetpack_feature_clip_id":0,"_jetpack_memberships_contains_paid_content":false,"footnotes":"","jetpack_post_was_ever_published":false},"categories":[13,14],"tags":[],"class_list":["post-485","post","type-post","status-publish","format-standard","hentry","category-changement-climatique","category-citoyennete"],"jetpack_sharing_enabled":true,"jetpack_featured_media_url":"","_links":{"self":[{"href":"https:\/\/education-bien-commun.fr\/index.php?rest_route=\/wp\/v2\/posts\/485","targetHints":{"allow":["GET"]}}],"collection":[{"href":"https:\/\/education-bien-commun.fr\/index.php?rest_route=\/wp\/v2\/posts"}],"about":[{"href":"https:\/\/education-bien-commun.fr\/index.php?rest_route=\/wp\/v2\/types\/post"}],"author":[{"embeddable":true,"href":"https:\/\/education-bien-commun.fr\/index.php?rest_route=\/wp\/v2\/users\/3"}],"replies":[{"embeddable":true,"href":"https:\/\/education-bien-commun.fr\/index.php?rest_route=%2Fwp%2Fv2%2Fcomments&post=485"}],"version-history":[{"count":0,"href":"https:\/\/education-bien-commun.fr\/index.php?rest_route=\/wp\/v2\/posts\/485\/revisions"}],"wp:attachment":[{"href":"https:\/\/education-bien-commun.fr\/index.php?rest_route=%2Fwp%2Fv2%2Fmedia&parent=485"}],"wp:term":[{"taxonomy":"category","embeddable":true,"href":"https:\/\/education-bien-commun.fr\/index.php?rest_route=%2Fwp%2Fv2%2Fcategories&post=485"},{"taxonomy":"post_tag","embeddable":true,"href":"https:\/\/education-bien-commun.fr\/index.php?rest_route=%2Fwp%2Fv2%2Ftags&post=485"}],"curies":[{"name":"wp","href":"https:\/\/api.w.org\/{rel}","templated":true}]}}