{"id":522,"date":"2020-05-26T07:16:22","date_gmt":"2020-05-26T05:16:22","guid":{"rendered":"http:\/\/educationbiencommun.fr\/?p=522"},"modified":"2020-05-26T07:16:22","modified_gmt":"2020-05-26T05:16:22","slug":"une-societe-educatrice-pour-reduire-les-inegalites","status":"publish","type":"post","link":"https:\/\/education-bien-commun.fr\/?p=522","title":{"rendered":"Soci\u00e9t\u00e9 \u00e9ducatrice pour r\u00e9duire les in\u00e9galit\u00e9s"},"content":{"rendered":"\n<p class=\"wp-block-paragraph\"><strong><em>Raymond Millot, \u00ab\u00a0auteur d\u2019\u00a0<em>\u00c9cole ouverte, Recherche-action, Soci\u00e9t\u00e9 \u00e9ducatrice<\/em>\u00a0, critique les outils avanc\u00e9s par l\u2019\u00c9ducation nationale pour r\u00e9duire les in\u00e9galit\u00e9s \u00e0 l\u2019\u00e9cole.\u00a0\u00bb Dans la revue Politis,  Juin 2014<\/em><\/strong>. <strong>\u00ab\u00a0<em>Quand l\u2019\u00e9cole de Jules Ferry d\u00e9couvre l\u2019in\u00e9galit\u00e9 sociale\u2026<\/em>\u00ab\u00a0<\/strong><\/p>\n\n\n\n<p class=\"wp-block-paragraph\">Il propose un projet d&rsquo;<strong>\u00ab\u00a0Ecole ouverte\u00a0\u00bb<\/strong>sur le mod\u00e8le de l&rsquo;Ecole ouverte de la Villeneuve de Grenoble de 1972 aux ann\u00e9es 2000. Celle-ci r\u00e9unissait plusieurs ingr\u00e9dients : travail d&rsquo;\u00e9quipe entre enseignants et \u00e9ducateurs, co-\u00e9ducation avec les parents dont les plus d\u00e9favoris\u00e9s, r\u00e9flexion collective pour combattre les in\u00e9galit\u00e9s&#8230;<\/p>\n\n\n\n<p class=\"wp-block-paragraph\">\u00ab&nbsp;Des enseignants et des parents, des militants de l\u2019\u00e9ducation populaire se d\u00e9clarent&nbsp;\u00abindign\u00e9s\u00bb&nbsp;par l\u2019in\u00e9galit\u00e9 qu\u2019engendre l\u2019\u00e9cole. Ils construisent un projet de recherche-action qui s\u2019empare des dispositions positives d\u2019une circulaire :&nbsp;\u00abFavoriser le travail collectif de l\u2019\u00e9quipe \u00e9ducative&nbsp;[\u2026]&nbsp;, coop\u00e9ration renforc\u00e9e avec les parents, particuli\u00e8rement avec les parents les plus \u00e9loign\u00e9s de l\u2019institution scolaire&nbsp;[\u2026]&nbsp;, permettre aux personnels de chercher les meilleures mani\u00e8res de favoriser la r\u00e9ussite de tous les \u00e9l\u00e8ves\u2026\u00bb<br>\u00ab\u00a0Ils constituent une \u00e9quipe de co\u00e9ducateurs consciente du sens politique de cette recherche-action et capable de r\u00e9sister aux tendances normalisatrices de l\u2019institution (mises ici en \u00e9vidence). Ils mettent en commun les fruits de leurs recherches avec les r\u00e9seaux moins engag\u00e9s.<br>L\u2019indignation se propage, les enseignants s\u2019\u00e9mancipent, la conscience de classe rena\u00eet, la&nbsp;\u00absoci\u00e9t\u00e9 \u00e9ducatrice\u00bb&nbsp;r\u00e9cuse les instruments de reproduction sociale\u2026&nbsp;\u00bb <strong><a href=\"https:\/\/www.politis.fr\/articles\/2014\/06\/quand-lecole-de-jules-ferry-decouvre-linegalite-sociale-27475\/\">Dans la revue Politis<\/a><\/strong><\/p>\n\n\n\n<p class=\"wp-block-paragraph\"><\/p>\n","protected":false},"excerpt":{"rendered":"<p>Raymond Millot, \u00ab\u00a0auteur d\u2019\u00a0\u00c9cole ouverte, Recherche-action, Soci\u00e9t\u00e9 \u00e9ducatrice\u00a0, critique les outils avanc\u00e9s par l\u2019\u00c9ducation nationale pour r\u00e9duire les in\u00e9galit\u00e9s \u00e0 l\u2019\u00e9cole.\u00a0\u00bb Dans la revue Politis, Juin 2014. \u00ab\u00a0Quand l\u2019\u00e9cole de Jules Ferry d\u00e9couvre l\u2019in\u00e9galit\u00e9 sociale\u2026\u00ab\u00a0 Il propose un projet d&rsquo;\u00ab\u00a0Ecole ouverte\u00a0\u00bbsur le mod\u00e8le de l&rsquo;Ecole ouverte de la Villeneuve de Grenoble de 1972 aux ann\u00e9es&hellip; <a class=\"more-link\" href=\"https:\/\/education-bien-commun.fr\/?p=522\">Lire la suite <span class=\"screen-reader-text\">Soci\u00e9t\u00e9 \u00e9ducatrice pour r\u00e9duire les in\u00e9galit\u00e9s<\/span><\/a><\/p>\n","protected":false},"author":3,"featured_media":0,"comment_status":"open","ping_status":"open","sticky":false,"template":"","format":"standard","meta":{"_jetpack_newsletter_access":"","_jetpack_dont_email_post_to_subs":false,"_jetpack_newsletter_tier_id":0,"_jetpack_memberships_contains_paywalled_content":false,"_jetpack_feature_clip_id":0,"_jetpack_memberships_contains_paid_content":false,"footnotes":"","jetpack_post_was_ever_published":false},"categories":[5,24,65,66,94],"tags":[],"class_list":["post-522","post","type-post","status-publish","format-standard","hentry","category-apprentissage","category-cooperation","category-inegalites","category-innovation","category-solidarite"],"jetpack_sharing_enabled":true,"jetpack_featured_media_url":"","_links":{"self":[{"href":"https:\/\/education-bien-commun.fr\/index.php?rest_route=\/wp\/v2\/posts\/522","targetHints":{"allow":["GET"]}}],"collection":[{"href":"https:\/\/education-bien-commun.fr\/index.php?rest_route=\/wp\/v2\/posts"}],"about":[{"href":"https:\/\/education-bien-commun.fr\/index.php?rest_route=\/wp\/v2\/types\/post"}],"author":[{"embeddable":true,"href":"https:\/\/education-bien-commun.fr\/index.php?rest_route=\/wp\/v2\/users\/3"}],"replies":[{"embeddable":true,"href":"https:\/\/education-bien-commun.fr\/index.php?rest_route=%2Fwp%2Fv2%2Fcomments&post=522"}],"version-history":[{"count":0,"href":"https:\/\/education-bien-commun.fr\/index.php?rest_route=\/wp\/v2\/posts\/522\/revisions"}],"wp:attachment":[{"href":"https:\/\/education-bien-commun.fr\/index.php?rest_route=%2Fwp%2Fv2%2Fmedia&parent=522"}],"wp:term":[{"taxonomy":"category","embeddable":true,"href":"https:\/\/education-bien-commun.fr\/index.php?rest_route=%2Fwp%2Fv2%2Fcategories&post=522"},{"taxonomy":"post_tag","embeddable":true,"href":"https:\/\/education-bien-commun.fr\/index.php?rest_route=%2Fwp%2Fv2%2Ftags&post=522"}],"curies":[{"name":"wp","href":"https:\/\/api.w.org\/{rel}","templated":true}]}}