{"id":56,"date":"2020-05-17T20:59:58","date_gmt":"2020-05-17T18:59:58","guid":{"rendered":"https:\/\/education-bien-commun.fr\/?p=56"},"modified":"2020-05-17T20:59:58","modified_gmt":"2020-05-17T18:59:58","slug":"notre-vision","status":"publish","type":"post","link":"https:\/\/education-bien-commun.fr\/?p=56","title":{"rendered":"Notre vision"},"content":{"rendered":"\n<p class=\"wp-block-paragraph\">Publi\u00e9 dans \u00ab\u00a0Qui sommes-nous ?\u00a0\u00bb<\/p>\n\n\n\n<p class=\"wp-block-paragraph\">\u00ab\u00a0 <strong>Pour faire face aux \u00e9v\u00e8nements dramatiques qui vont accompagner le changement climatique, il importe de faire de l\u2019\u00e9ducation et la recherche une priorit\u00e9\u00a0<\/strong>\u00bb.<\/p>\n\n\n\n<p class=\"wp-block-paragraph\">LA POLITIQUE EDUCATIVE :<\/p>\n\n\n\n<p class=\"wp-block-paragraph\">1. doit \u00eatre <strong>ind\u00e9pendant du pouvoir politique <\/strong>qui en a fait jusqu\u2019\u00e0 ce jour un moyen de conditionnement de l\u2019opinion et de perp\u00e9tuation de l\u2019ordre social, des dominations de toutes sortes<\/p>\n\n\n\n<p class=\"wp-block-paragraph\">2. doit valoriser <strong>le potentiel<\/strong> de chaque individu et ses aptitudes \u00e0 <strong>coop\u00e9rer <\/strong>afin que l\u2019<strong>ensemble<\/strong> des citoyens soient en mesure de contribuer aux adaptations et aux changements radicaux n\u00e9cessaires<\/p>\n\n\n\n<p class=\"wp-block-paragraph\">3 doit rechercher <strong>l\u2019\u00e9galit\u00e9<\/strong> en distribuant <strong>in\u00e9galement<\/strong> les moyens (mat\u00e9riels et humains). (faut-il \u00e9voquer \u00ab&nbsp;l\u2019\u00e9galit\u00e9&nbsp;\u00bb quand on compare l\u2019\u00e9cole en Seine-St-Denis et \u00e0 Levallois Perret&nbsp;?)<\/p>\n\n\n\n<p class=\"wp-block-paragraph\">4 doit faire l\u2019objet d\u2019un <strong>d\u00e9bat d\u00e9mocratique<\/strong> (sur le mode, notamment, des \u00ab&nbsp;<strong>conventions<\/strong>&nbsp;\u00bb), avec l\u2019\u00e9clairage des sociologues, des psychologues des p\u00e9dagogues&nbsp;: parmi les sujets&nbsp;: l\u2019Education doit&nbsp;:<\/p>\n\n\n\n<p class=\"wp-block-paragraph\">4.1 devenir <strong>l\u2019 \u00abaffaire de tous&nbsp;\u00bb<\/strong> et non domaine r\u00e9serv\u00e9 aux enseignants, (id\u00e9e de <strong>Soci\u00e9t\u00e9 Educatrice<\/strong>)<\/p>\n\n\n\n<p class=\"wp-block-paragraph\">4.2 d\u00e9velopper <strong>Savoir &#8211; Savoir-faire &#8211; Savoir \u00eatre<\/strong> &#8211; <strong>Emancipation individuelle et collective<\/strong><\/p>\n\n\n\n<p class=\"wp-block-paragraph\">4.3&nbsp; lutter contre l\u2019exclusion en d\u00e9veloppant une p\u00e9dagogie qui se pr\u00e9occupe de la <strong>\u00ab&nbsp;fonctionnalit\u00e9<\/strong><em>\u00bb <\/em>de ce qui est enseign\u00e9, en consid\u00e9rant qu\u2019il faut \u00ab&nbsp;<strong>Faire pour apprendre ce qu\u2019on veut apprendre \u00e0 faire<\/strong><em>&nbsp;\u00bb ,<\/em> que le savoir <strong>se construit<\/strong> , individuellement et collectivement (ce qui a fait l\u2019objet d\u2019une formule \u00ab&nbsp;auto-socio-construction&nbsp;\u00bb) ce qui rend op\u00e9rationnelle la \u00ab&nbsp;transmission&nbsp;\u00bb<\/p>\n\n\n\n<p class=\"wp-block-paragraph\">4.4 respecter les <strong>rythmes individuels<\/strong>&nbsp;. Examiner les exp\u00e9riences qui s\u2019en pr\u00e9occupent et qui permettent aux apprentissages de se construire, en alternant travail en petits groupes <strong>h\u00e9t\u00e9rog\u00e8nes<\/strong> d\u2019\u2019\u00e2ge, en grands groupes, avec des objectifs d\u00e9finis pour des <strong>cycles d\u2019\u00e2ges<\/strong>.<\/p>\n\n\n\n<p class=\"wp-block-paragraph\"><\/p>\n","protected":false},"excerpt":{"rendered":"<p>Publi\u00e9 dans \u00ab\u00a0Qui sommes-nous ?\u00a0\u00bb \u00ab\u00a0 Pour faire face aux \u00e9v\u00e8nements dramatiques qui vont accompagner le changement climatique, il importe de faire de l\u2019\u00e9ducation et la recherche une priorit\u00e9\u00a0\u00bb. LA POLITIQUE EDUCATIVE : 1. doit \u00eatre ind\u00e9pendant du pouvoir politique qui en a fait jusqu\u2019\u00e0 ce jour un moyen de conditionnement de l\u2019opinion et de&hellip; <a class=\"more-link\" href=\"https:\/\/education-bien-commun.fr\/?p=56\">Lire la suite <span class=\"screen-reader-text\">Notre vision<\/span><\/a><\/p>\n","protected":false},"author":3,"featured_media":0,"comment_status":"open","ping_status":"open","sticky":false,"template":"","format":"standard","meta":{"_jetpack_newsletter_access":"","_jetpack_dont_email_post_to_subs":false,"_jetpack_newsletter_tier_id":0,"_jetpack_memberships_contains_paywalled_content":false,"_jetpack_feature_clip_id":0,"_jetpack_memberships_contains_paid_content":false,"footnotes":"","jetpack_post_was_ever_published":false},"categories":[13,22,24,32,41,55,81,83,87,90,93,97],"tags":[],"class_list":["post-56","post","type-post","status-publish","format-standard","hentry","category-changement-climatique","category-construction-du-savoir","category-cooperation","category-debat-democratique","category-egalite","category-exclusion","category-politique-educative","category-pouvoir-politique","category-recherche","category-rythmes","category-societe-educatrice","category-transition-ecologique"],"jetpack_sharing_enabled":true,"jetpack_featured_media_url":"","_links":{"self":[{"href":"https:\/\/education-bien-commun.fr\/index.php?rest_route=\/wp\/v2\/posts\/56","targetHints":{"allow":["GET"]}}],"collection":[{"href":"https:\/\/education-bien-commun.fr\/index.php?rest_route=\/wp\/v2\/posts"}],"about":[{"href":"https:\/\/education-bien-commun.fr\/index.php?rest_route=\/wp\/v2\/types\/post"}],"author":[{"embeddable":true,"href":"https:\/\/education-bien-commun.fr\/index.php?rest_route=\/wp\/v2\/users\/3"}],"replies":[{"embeddable":true,"href":"https:\/\/education-bien-commun.fr\/index.php?rest_route=%2Fwp%2Fv2%2Fcomments&post=56"}],"version-history":[{"count":0,"href":"https:\/\/education-bien-commun.fr\/index.php?rest_route=\/wp\/v2\/posts\/56\/revisions"}],"wp:attachment":[{"href":"https:\/\/education-bien-commun.fr\/index.php?rest_route=%2Fwp%2Fv2%2Fmedia&parent=56"}],"wp:term":[{"taxonomy":"category","embeddable":true,"href":"https:\/\/education-bien-commun.fr\/index.php?rest_route=%2Fwp%2Fv2%2Fcategories&post=56"},{"taxonomy":"post_tag","embeddable":true,"href":"https:\/\/education-bien-commun.fr\/index.php?rest_route=%2Fwp%2Fv2%2Ftags&post=56"}],"curies":[{"name":"wp","href":"https:\/\/api.w.org\/{rel}","templated":true}]}}