{"id":563,"date":"2020-05-27T20:58:22","date_gmt":"2020-05-27T18:58:22","guid":{"rendered":"http:\/\/educationbiencommun.fr\/?p=563"},"modified":"2020-05-27T20:58:22","modified_gmt":"2020-05-27T18:58:22","slug":"resistons-ensemble-pour-que-renaissent-des-jours-heureux","status":"publish","type":"post","link":"https:\/\/education-bien-commun.fr\/?p=563","title":{"rendered":"R\u00e9sistons ensemble pour que renaissent des jours heureux"},"content":{"rendered":"\n<p class=\"wp-block-paragraph\">En ce 27 mai, journ\u00e9e nationale de la R\u00e9sistance, nous publions R\u00c9SISTONS ENSEMBLE, POUR QUE RENAISSENT DES JOURS HEUREUX\u00a0&#8211; un ouvrage pr\u00e9fac\u00e9 par Denis Robert qui nous propose les contributions d&rsquo;une quarantaine de personnalit\u00e9s. Un texte pour apprendre d\u2019hier pour agir demain, <strong><a href=\"https:\/\/massot.com\/collections\/resistons-ensemble-pour-que-renaissent-des-jours-heureux\/\">disponible gratuitement ici<\/a><\/strong> et t\u00e9l\u00e9chargeable.<\/p>\n\n\n\n<p class=\"wp-block-paragraph\">&nbsp;\u00ab Au printemps 1943, trois ans apr\u00e8s l\u2019invasion de la France et la capitulation vichyste, des r\u00e9sistants s\u2019\u00e9levaient contre l\u2019envahisseur. Certes, contrairement au si\u00e8cle dernier, nous ne sommes pas \u00e0 proprement parler \u00ab en guerre \u00bb. Cependant, les analogies sont frappantes : les r\u00e9sistants d\u2019aujourd\u2019hui \u2013 qu\u2019il s\u2019agisse du personnel soignant, des artisans de la vie quotidienne ou des citoyens-militants \u2013 se battent.&nbsp;<br>Les ann\u00e9es de R\u00e9sistance pourraient donc nous inspirer pour nous conduire \u00e0 la Lib\u00e9ration. D\u00e8s lors, comment organiser ce changement ? Pour y r\u00e9fl\u00e9chir, les grands penseurs, artistes et figures militantes de notre pays (\u00e9crivains, sociologues, politiques, \u00e9conomistes, r\u00e9alisateurs) se sont rassembl\u00e9s dans un&nbsp;Conseil National de la Nouvelle R\u00e9sistance.&nbsp;<br>Quelles activit\u00e9s doit-on d\u00e9velopper, cr\u00e9er ou relocaliser ? Quels moyens pour former \u00e0 de nouveaux comportements ? Chacun d\u2019entre eux livre ici, en quelques pages, son analyse pour une soci\u00e9t\u00e9 plus juste. Ensemble, ils lancent un nouvel \u00ab Appel pour des jours heureux \u00bb et r\u00e9clament la mue d\u2019un syst\u00e8me p\u00e9rim\u00e9 que nos dirigeants, dans leur obsession du profit, ont engendr\u00e9. \u00bb&nbsp;<br>(Claude Alphand\u00e9ry, r\u00e9sistant)&nbsp;<\/p>\n\n\n\n<p class=\"wp-block-paragraph\">Cet ouvrage, pr\u00e9fac\u00e9 par Denis Robert, rassemble la contribution d&rsquo;une quarantaine de personnalit\u00e9s :<\/p>\n\n\n\n<p class=\"wp-block-paragraph\">Collectif\u00a0: Claude Alphand\u00e9ry, Sabrina Ali Benali, Ludivine Bantigny, Clotilde Bato, Anne Beaumanoir, Brigitte Bor\u00e9ale, Fran\u00e7ois Boulo, Dominique Bourg, Juan Branco, Val\u00e9rie Cabanes, Aymeric Caron, Hugues Charbonneau, Pauline Londeix et J\u00e9r\u00f4me Martin, Samuel Churin, Alain Damasio, Cyril Dion, Marc Eichinger, Bernard Friot, Bruno Gaccio, Caroline Guy, en collaboration avec Julien Le Provost et H\u00e9lo\u00efse Pierre, Yannick Kergoat, Philippine Leroy Beaulieu, Priscillia Ludosky, Virginie Martin, Florent Massot, Dominique M\u00e9da, Raymond Millot, Julie Moulier, Agn\u00e8s Naudin, Fabrice Nicolino, Fatima Ouassak, Antoine Peillon, Beno\u00eet Pi\u00e9dallu, Thomas Piketty, Monique et Michel Pin\u00e7on-Charlot, R\u00e9gis Portalez, Denis Robert, Coline Serreau, Pablo Servigne, Pac\u00f4me Thiellement, Marie Toussaint.\u00a0<\/p>\n\n\n\n<p class=\"wp-block-paragraph\">#massoteditions\u00a0#books\u00a0#bookstagram\u00a0#librairie\u00a0#livres\u00a0#livreaddict\u00a0#paris\u00a0#parislibrairies\u00a0#conseilnationadelanouvelleresistance #cnnr #r\u00e9sistance #covid19 #denisrobert #marietoussaint #pabloservigne #priscillialudosky #claudealphandery #phillippineleroybeaulieu #thomaspiketty #PacomeThiellement #lemondedapres #militants #resistants #justice #societe<\/p>\n\n\n\n<p class=\"wp-block-paragraph\">La vid\u00e9o de la <strong><a href=\"https:\/\/www.youtube.com\/watch?v=Gh_RFwLAreA&amp;t=11s\">cr\u00e9ation du Conseil de la Nouvelle R\u00e9sistance ici<\/a><\/strong><\/p>\n\n\n\n<p class=\"wp-block-paragraph\"><\/p>\n\n\n\n<p class=\"wp-block-paragraph\">Et une vid\u00e9o <strong><a href=\"https:\/\/www.youtube.com\/watch?v=KB30j_igzyQ&amp;feature=youtu.be\">\u00ab\u00a0Un Avenir D\u00e9sirable | Un Horizon pour 2030\u00a0\u00bb<\/a><\/strong>. <\/p>\n","protected":false},"excerpt":{"rendered":"<p>En ce 27 mai, journ\u00e9e nationale de la R\u00e9sistance, nous publions R\u00c9SISTONS ENSEMBLE, POUR QUE RENAISSENT DES JOURS HEUREUX\u00a0&#8211; un ouvrage pr\u00e9fac\u00e9 par Denis Robert qui nous propose les contributions d&rsquo;une quarantaine de personnalit\u00e9s. Un texte pour apprendre d\u2019hier pour agir demain, disponible gratuitement ici et t\u00e9l\u00e9chargeable. &nbsp;\u00ab Au printemps 1943, trois ans apr\u00e8s l\u2019invasion&hellip; <a class=\"more-link\" href=\"https:\/\/education-bien-commun.fr\/?p=563\">Lire la suite <span class=\"screen-reader-text\">R\u00e9sistons ensemble pour que renaissent des jours heureux<\/span><\/a><\/p>\n","protected":false},"author":3,"featured_media":0,"comment_status":"open","ping_status":"open","sticky":false,"template":"","format":"standard","meta":{"_jetpack_newsletter_access":"","_jetpack_dont_email_post_to_subs":false,"_jetpack_newsletter_tier_id":0,"_jetpack_memberships_contains_paywalled_content":false,"_jetpack_feature_clip_id":0,"_jetpack_memberships_contains_paid_content":false,"footnotes":"","jetpack_post_was_ever_published":false},"categories":[33,82,83],"tags":[],"class_list":["post-563","post","type-post","status-publish","format-standard","hentry","category-democratie","category-pouvoir","category-pouvoir-politique"],"jetpack_sharing_enabled":true,"jetpack_featured_media_url":"","_links":{"self":[{"href":"https:\/\/education-bien-commun.fr\/index.php?rest_route=\/wp\/v2\/posts\/563","targetHints":{"allow":["GET"]}}],"collection":[{"href":"https:\/\/education-bien-commun.fr\/index.php?rest_route=\/wp\/v2\/posts"}],"about":[{"href":"https:\/\/education-bien-commun.fr\/index.php?rest_route=\/wp\/v2\/types\/post"}],"author":[{"embeddable":true,"href":"https:\/\/education-bien-commun.fr\/index.php?rest_route=\/wp\/v2\/users\/3"}],"replies":[{"embeddable":true,"href":"https:\/\/education-bien-commun.fr\/index.php?rest_route=%2Fwp%2Fv2%2Fcomments&post=563"}],"version-history":[{"count":0,"href":"https:\/\/education-bien-commun.fr\/index.php?rest_route=\/wp\/v2\/posts\/563\/revisions"}],"wp:attachment":[{"href":"https:\/\/education-bien-commun.fr\/index.php?rest_route=%2Fwp%2Fv2%2Fmedia&parent=563"}],"wp:term":[{"taxonomy":"category","embeddable":true,"href":"https:\/\/education-bien-commun.fr\/index.php?rest_route=%2Fwp%2Fv2%2Fcategories&post=563"},{"taxonomy":"post_tag","embeddable":true,"href":"https:\/\/education-bien-commun.fr\/index.php?rest_route=%2Fwp%2Fv2%2Ftags&post=563"}],"curies":[{"name":"wp","href":"https:\/\/api.w.org\/{rel}","templated":true}]}}