{"id":5735,"date":"2022-05-07T10:41:08","date_gmt":"2022-05-07T08:41:08","guid":{"rendered":"https:\/\/educationbiencommun.fr\/?p=5735"},"modified":"2022-05-07T10:41:08","modified_gmt":"2022-05-07T08:41:08","slug":"le-systeme-vu-par-ceux-qui-le-subissent-des-lyceens-parlent","status":"publish","type":"post","link":"https:\/\/education-bien-commun.fr\/?p=5735","title":{"rendered":"Le syst\u00e8me vu par ceux qui le\u00a0subissent : des lyc\u00e9ens parlent&#8230;"},"content":{"rendered":"\n<p class=\"wp-block-paragraph\">Par Raymond Millot. Publi\u00e9 dans \u00ab&nbsp;El\u00e8ves&nbsp;\u00bb. Nous reprenons ici ce texte publi\u00e9 en 2016. Il est d&rsquo;une immense urgence. A partager&#8230;<\/p>\n\n\n\n<p class=\"wp-block-paragraph\">P\u00e9dagogues et \u00ab&nbsp;r\u00e9publicains&nbsp;\u00bb s\u2019\u00e9charpent pour le bien des enfants. Ceux-ci n\u2019ont pas les moyens d\u2019<strong>exprimer leur point de vue<\/strong>. Certains d\u2019entre eux devenus jeunes adultes au Lyc\u00e9e Le Corbusier d\u2019Aubervilliers (93) ont pu le faire d\u2019une mani\u00e8re d\u00e9cisive au cours d&rsquo;une table ronde en 2016&#8230; Passionnant \u2026<\/p>\n\n\n\n<h3 class=\"wp-block-heading has-text-align-center\"><strong><mark><mark style=\"background-color:#ffffff\" class=\"has-inline-color has-luminous-vivid-orange-color\">En Seine Saint-Denis, dans le sulfureux&nbsp;&nbsp; \u00ab&nbsp;9-3&nbsp;\u00bb&nbsp;!<\/mark><\/mark><\/strong><\/h3>\n\n\n\n<p class=\"wp-block-paragraph\">Une table ronde organis\u00e9e par le&nbsp;<strong>Conseil Economique Social et Environnemental (CESE)&nbsp;<\/strong>\u00e0 propos de \u00ab&nbsp;la r\u00e9ussite scolaire&nbsp;\u00bb donne l\u2019occasion exceptionnelle, au moyen d\u2019une passionnante vid\u00e9o, de d\u00e9couvrir le fonctionnement et la p\u00e9dagogie du lyc\u00e9e Le Corbusier d\u2019Aubervilliers.<\/p>\n\n\n\n<p class=\"has-text-align-center wp-block-paragraph\">***<\/p>\n\n\n\n<h3 class=\"wp-block-heading has-text-align-center\"><mark><mark style=\"background-color:#ffffff\" class=\"has-inline-color has-luminous-vivid-orange-color\">Les \u00e9l\u00e8ves ont enfin la parole !<\/mark><\/mark><\/h3>\n\n\n\n<p class=\"wp-block-paragraph\">&nbsp;La parole est tout d\u2019abord longuement donn\u00e9e \u00e0 une dizaine d\u2019\u00e9l\u00e8ves de&nbsp;<strong>\u00ab&nbsp;<em>l\u2019atelier culturel<\/em>&nbsp;\u00bb<\/strong>&nbsp;qui se sont r\u00e9parti les interventions autour de trois th\u00e8mes&nbsp;: \u00ab&nbsp;<em>l\u2019importance de la pression subie par les \u00e9l\u00e8ves et les profs, l\u2019importance de la culture, l\u2019importance du plaisir<\/em>&nbsp;\u00bb.<\/p>\n\n\n\n<p class=\"wp-block-paragraph\">Puis c\u2019est le proviseur. Puis deux profs. Puis une responsable du&nbsp;<strong>\u00ab&nbsp;Th\u00e9\u00e2tre de la Commune&nbsp;\u00bb.<\/strong><\/p>\n\n\n\n<p class=\"wp-block-paragraph\">T\u00e9moignage capital pour trancher dans le proc\u00e8s fait aux \u00ab&nbsp;<em>p\u00e9dagogues<\/em>&nbsp;\u00bb par les \u00ab&nbsp;<em>r\u00e9publicains&nbsp;<\/em>\u00bb.<\/p>\n\n\n\n<p class=\"wp-block-paragraph\">&nbsp;D\u00e9j\u00e0, dans son ouvrage &nbsp;<strong>\u00ab&nbsp;<em>L\u2019\u00e9cole des r\u00e9ac-publicains<\/em>&nbsp;\u00bb&nbsp; Gr\u00e9gory Chambat&nbsp;<\/strong>montre d\u2019une mani\u00e8re tr\u00e8s document\u00e9e ce qui se cache, et ceux qui s\u2019affichent aujourd\u2019hui sans vergogne dans ce proc\u00e8s, comme les d\u00e9fenseurs de la R\u00e9publique, les champions de la transmission des savoirs et du grand&nbsp;<em>R\u00e9cit national<\/em>&nbsp;indispensable \u00e0 la formation des futurs citoyens, les chantres des vertus \u00ab&nbsp;<em>de l\u2019ennui et du silence<\/em>&nbsp;\u00bb (c.f. Finkielkraut et Redeker dans un r\u00e9cent d\u00e9bat avec Meirieu).<\/p>\n\n\n\n<p class=\"wp-block-paragraph\">A savoir, le bien fond\u00e9 d\u2019<strong>un syst\u00e8me constitu\u00e9 de dominants et de domin\u00e9s.<\/strong><\/p>\n\n\n\n<p class=\"wp-block-paragraph\">Dans l\u2019affrontement entre les tenants de l\u2019\u00e9cole de Jules Ferry et ceux de l\u2019\u00e9cole ouverte sur la vie, sur les r\u00e9alit\u00e9s du monde (de diff\u00e9rentes ob\u00e9diences ICEM, GFEN, AFL, etc\u2026),&nbsp;<strong>tout le monde parle au nom de l\u2019enfant.<\/strong>&nbsp;Les satisfaits de l\u2019ordre existant c\u00e9l\u00e8brent l\u2019effort pour l\u2019effort et la n\u00e9cessaire adaptation \u00e0 un monde de comp\u00e9tition, les autres justifient leurs convictions, et ce n\u2019est pas mince, par le fait que les enfants viennent dans leurs \u00e9coles avec plaisir, trouvent de l\u2019int\u00e9r\u00eat dans ce qu\u2019ils apprennent et ne connaissent aucune discrimination. Mais les&nbsp; enfants, principaux int\u00e9ress\u00e9s, n\u2019ont pas les moyens, ni l\u2019objectivit\u00e9, pour dire ce qui est r\u00e9ellement bien pour eux.<\/p>\n\n\n\n<p class=\"wp-block-paragraph\">Le t\u00e9moignage des&nbsp;<em>Le Corbusier<\/em>&nbsp;est ici d\u00e9cisif.&nbsp;<strong>Les &nbsp;enfants sont devenus de jeunes adultes et n\u2019ont plus besoin qu\u2019on parle pour eux<\/strong>. Ce qu\u2019ils disent est d\u00e9terminant.<\/p>\n\n\n\n<p class=\"has-text-align-center wp-block-paragraph\">***<\/p>\n\n\n\n<h3 class=\"wp-block-heading has-text-align-center\"><strong><mark><mark style=\"background-color:#ffffff\" class=\"has-inline-color has-luminous-vivid-orange-color\">Ce qu\u2019ils d\u00e9noncent\u2026<\/mark><\/mark><\/strong><\/h3>\n\n\n\n<p class=\"wp-block-paragraph\">&nbsp;Ils d\u00e9noncent (&nbsp;<strong>ce qu\u2019ils ont connu<\/strong>) \u00ab&nbsp;&nbsp;<em>l\u2019\u00e9cole lieu de souffrance<\/em>&nbsp;\u00bb, \u00ab&nbsp;<em>la comp\u00e9tition malsaine pour la meilleure note (de la classe) au d\u00e9triment du savoir<\/em>\u00bb, la pression qui s\u2019exerce sur eux, celle de&nbsp; l\u2019institution avec ses notes ses classements, ses \u00e9valuations formelles, ses effectifs, ses horaires, celle des parents par conformisme (la sacralit\u00e9 de l\u2019\u00e9cole, m\u00eame quand ils en ont \u00e9t\u00e9 les perdants) ou par &nbsp;r\u00e9alisme&nbsp; (le monde est dur, il faut qu\u2019ils s\u2019y pr\u00e9parent) et dont \u00ab&nbsp;<em>les notes sont les seuls crit\u00e8res&nbsp;<\/em>\u00bb.<\/p>\n\n\n\n<p class=\"wp-block-paragraph\">Ils vont m\u00eame jusqu\u2019\u00e0 \u00e9tablir un lien entre cette \u00e9cole et le monde n\u00e9olib\u00e9ral (et n\u2019allez pas leur dire que ce sont leurs profs qui les formatent&nbsp;!)<\/p>\n\n\n\n<p class=\"has-text-align-center wp-block-paragraph\">***<\/p>\n\n\n\n<h3 class=\"wp-block-heading has-text-align-center\"><strong><mark><mark style=\"background-color:#ffffff\" class=\"has-inline-color has-luminous-vivid-orange-color\">Ils savent expliquer ce qu\u2019ils vivent aujourd\u2019hui<\/mark><\/mark><\/strong><\/h3>\n\n\n\n<h3 class=\"wp-block-heading has-text-align-center\"><mark><mark style=\"background-color:#ffffff\" class=\"has-inline-color has-luminous-vivid-orange-color\"><strong>et tout ce que leur apporte\u2026<\/strong>&nbsp;<\/mark><\/mark><\/h3>\n\n\n\n<p class=\"wp-block-paragraph\">\u00ab&nbsp;<em>la solidarit\u00e9, l\u2019entraide, le travail en groupe et la mutualisation qui permet de combler les lacunes avec&nbsp; les points forts des autres<\/em>&nbsp;\u00bb, ils savent \u00ab&nbsp;<em>qu\u2019il faut d\u00e9faire la repr\u00e9sentation qu\u2019ont les parents de l\u2019\u00e9cole et leur montrer que la qualit\u00e9 de l\u2019apprentissage est plus important<\/em>&nbsp;\u00bb. Ils d\u00e9noncent encore \u00ab&nbsp;<em>la pression sur les profs qui doivent finir le programme et ne donnent pas le temps de comprendre, et sur l\u2019\u00e9l\u00e8ve qui doit restituer ses connaissances sans m\u00eame les comprendre&nbsp;<\/em>\u00bb.<\/p>\n\n\n\n<p class=\"wp-block-paragraph\">Ils saluent \u00ab&nbsp;<em>la p\u00e9dagogie de l\u2019\u00e9coute et du dialogue pour conna\u00eetre les \u00e9l\u00e8ves&nbsp;\u00bb&nbsp;<\/em>et tel prof allant jusqu\u2019\u00e0&nbsp; \u00ab&nbsp;<em>fournir son adresse mail pour conna\u00eetre leurs difficult\u00e9s&nbsp;<\/em>\u00bb. Ils savent les inconv\u00e9nients des effectifs charg\u00e9s et remercient \u00ab&nbsp;<em>le proviseur qui a instaur\u00e9 de nombreuses classes \u00e0 effectifs r\u00e9duits&nbsp;\u00bb.<\/em><\/p>\n\n\n\n<p class=\"has-text-align-center wp-block-paragraph\">***<\/p>\n\n\n\n<h3 class=\"wp-block-heading has-text-align-center\"><strong><mark><mark style=\"background-color:#ffffff\" class=\"has-inline-color has-luminous-vivid-orange-color\">\u00ab&nbsp;La culture pour tous&nbsp;\u00bb, vraiment ?<\/mark><\/mark><\/strong><\/h3>\n\n\n\n<p class=\"wp-block-paragraph\">S\u2019agissant de \u00ab&nbsp;<em>la culture pour tous<\/em>\u00bb, ils constatent que&nbsp;\u00ab&nbsp;<em>les \u00e9l\u00e8ves issus de l\u2019immigration ne connaissent pas leur culture, les mythes structurant leur culture d\u2019origine, que les parents ne sont pas en mesure de transmettre<\/em>&nbsp;\u00bb. Ils doivent \u00ab&nbsp;<em>savoir d\u2019o\u00f9 ils viennent que seule l\u2019\u00e9cole peut leur enseigner objectivement&nbsp;<\/em>\u00bb et ce d\u00e8s \u00ab&nbsp;<em>la maternelle avec des jeux \u00e9ducatifs, des histoires&nbsp;\u00bb.<\/em>&nbsp;Au coll\u00e8ge et au lyc\u00e9e \u00ab&nbsp;<em>une mati\u00e8re portant sur les cultures et les civilisations\u2026il faudrait des moments d\u2019\u00e9changes entre \u00e9l\u00e8ves&nbsp; et utiliser le th\u00e9\u00e2tre, la litt\u00e9rature et m\u00eame la nourriture&nbsp;\u00bb,&nbsp;<\/em>&nbsp;\u00ab&nbsp;<em>cr\u00e9er un site internet&nbsp; o\u00f9 parents \u00e9l\u00e8ves et profs pourraient partager les histoires, les mythes&nbsp;\u00bb<\/em>&nbsp;et ils insistent \u00ab<em>pas les religions, les cultures&nbsp;!<\/em>&nbsp;\u00bb<\/p>\n\n\n\n<p class=\"wp-block-paragraph\">Pr\u00e9cision&nbsp;: on est frapp\u00e9 par les \u00ab&nbsp;couleurs&nbsp;\u00bb des \u00e9l\u00e8ves (et une r\u00e9elle mixit\u00e9)&nbsp; qui se sont r\u00e9parti la parole : noirs, basan\u00e9s,&nbsp; asiatiques et (?). Une prof (de philo) intervient pour dire que \u00ab&nbsp;<em>les trois monoth\u00e9ismes ne concernent qu\u2019un secteur du monde et ne concernent dans ce lyc\u00e9e que la moiti\u00e9 des \u00e9l\u00e8ves, pour les autres (il peut s\u2019agir) de polyth\u00e9isme, de culte des anc\u00eatres, de vaudou. En revanche&nbsp; <strong>les mythes de leur culture d\u2019origine permettent \u00e0 tous de parler, alors qu\u2019enseigner le fait religieux, c\u2019est s\u2019adresser \u00e0 la moiti\u00e9 des \u00e9l\u00e8ves&nbsp;<\/strong>\u00bb.<\/em>&nbsp;Un nouvel \u00e9l\u00e8ve encha\u00eene&nbsp;:&nbsp;\u00ab&nbsp;<em>je me suis pour la premi\u00e8re fois adress\u00e9 \u00e0 ma m\u00e8re (sur les mythes) et \u00e7a a \u00e9t\u00e9 un formidable moment de <strong>partage&nbsp;<\/strong>\u00bb<\/em>. Puis une autre \u00ab&nbsp;<em>\u00e7a nous a permis de nous enrichir mutuellement, de d\u00e9couvrir nos racines, des histoires inconnues&nbsp;\u00bb&nbsp;<\/em>et une derni\u00e8re&nbsp;ajoute<em>&nbsp;\u00ab&nbsp; et de retrouver notre identit\u00e9&nbsp;\u00bb.<\/em><\/p>\n\n\n\n<p class=\"has-text-align-center wp-block-paragraph\">***<\/p>\n\n\n\n<h3 class=\"wp-block-heading has-text-align-center\"><strong><mark><mark style=\"background-color:#ffffff\" class=\"has-inline-color has-luminous-vivid-orange-color\">Il s\u2019agit enfin de parler du&nbsp;<em>plaisir&nbsp;<\/em>\u00e0 l\u2019\u00e9cole<\/mark><\/mark><\/strong><\/h3>\n\n\n\n<p class=\"wp-block-paragraph\">Un \u00e9l\u00e8ve revient sur \u00ab&nbsp;<em>cette \u00e9cole n\u00e9o lib\u00e9rale qui broie les plus faibles, accentue les \u00e9carts, repose sur la comp\u00e9tition, (se pr\u00e9occupe de produire) des individus performants et productifs. La peur de l\u2019\u00e9chec renforc\u00e9e par l\u2019\u00e9valuation r\u00e9duite \u00e0 la notation, installe la concurrence, classe les \u00e9l\u00e8ves, les rend individualistes et insensibles \u00e0 l\u2019\u00e9chec des autres.&nbsp; Dans ce contexte, penser \u00e0 la r\u00e9ussite \u00e0 l\u2019\u00e9cole conduit \u00e0 poser les questions&nbsp;: L\u2019\u00e9galit\u00e9 est-elle la condition n\u00e9cessaire \u00e0 la libert\u00e9&nbsp;? La fraternit\u00e9 peut-elle nous unir&nbsp;? L\u2019\u00e9cole fabrique-telle de la passivit\u00e9&nbsp;? <strong>Le droit au plaisir peut-il \u00eatre per\u00e7u comme \u00e9mancipateur&nbsp;? Comment concilier les valeurs r\u00e9publicaines et la recherche jubilatoire du savoir&nbsp;?&nbsp;<\/strong>\u00bb<\/em><\/p>\n\n\n\n<p class=\"wp-block-paragraph\">Une autre poursuit&nbsp;:&nbsp;\u00ab<em><strong>r\u00e9ussir \u00e0 construire son avenir semble toujours supposer de&nbsp;travailler dans la<\/strong>&nbsp;<strong>souffrance<\/strong>. Une condition de la r\u00e9ussite de tous (c\u2019est) une \u00e9cole du&nbsp;<strong>plaisir d\u2019apprendre<\/strong>, du&nbsp;<strong>travail en commun<\/strong>, (o\u00f9) on a envie, on a du plaisir et de l\u2019int\u00e9r\u00eat (\u2026) Le plaisir ne rejette pas la notion d\u2019effort. Le savoir par et pour lui-m\u00eame doit \u00eatre le projet des \u00e9l\u00e8ves et des profs&nbsp;\u00bb.<\/em><\/p>\n\n\n\n<p class=\"has-text-align-center wp-block-paragraph\">***<\/p>\n\n\n\n<h3 class=\"wp-block-heading has-text-align-center\"><strong><mark><mark style=\"background-color:#ffffff\" class=\"has-inline-color has-luminous-vivid-orange-color\">La p\u00e9dagogie du projet<\/mark><\/mark><\/strong><\/h3>\n\n\n\n<p class=\"wp-block-paragraph\">La m\u00eame \u00e9l\u00e8ve aborde un sujet majeur (et souvent caricatur\u00e9) des \u00ab&nbsp;p\u00e9dagogues&nbsp;\u00bb&nbsp;: <strong>la p\u00e9dagogie du projet<\/strong>.&nbsp; Elle voit \u00ab&nbsp;<em>une solution&nbsp;: des&nbsp;<strong>projets culturels facultatifs&nbsp;<\/strong>o\u00f9 chacun serait consid\u00e9r\u00e9 en fonction de ses qualit\u00e9s propres, sans \u00eatre not\u00e9, class\u00e9, mis en comp\u00e9tition, o\u00f9 chacun est \u00e0 l\u2019\u00e9galit\u00e9 des autres, libre de s\u2019investir, o\u00f9 <strong>tous partagent et \u00e9changent pour participer \u00e0 l\u2019\u0153uvre commune&nbsp;<\/strong>\u00bb.<\/em><\/p>\n\n\n\n<p class=\"wp-block-paragraph\">Au cours de cette pr\u00e9sentation vivante, o\u00f9 l\u2019on voit que les in\u00e9galit\u00e9s dans l\u2019expression n\u2019emp\u00eachent pas la participation de chacun-e, il est \u00e9voqu\u00e9<strong>&nbsp;l\u2019int\u00e9r\u00eat du travail centr\u00e9 sur &nbsp;diff\u00e9rents grands projets&nbsp;<\/strong>(Th\u00e9l\u00e8me, Atome\u2026). On ne peut malheureusement qu\u2019imaginer le&nbsp;<strong>travail inter-disciplinaire<\/strong>&nbsp;qu\u2019ils supposent. On aurait aim\u00e9 en savoir plus\u2026<\/p>\n\n\n\n<p class=\"wp-block-paragraph\">L\u2019\u00e9quipe (ce n\u2019est pas ici un vain mot),&nbsp;&nbsp;<strong>l\u2019\u00e9quipe des profs, proviseur compris<\/strong>,&nbsp; a d\u00fb jongler avec les emplois du temps, les effectifs, les programmes, les horaires, le b\u00e9n\u00e9volat (fatigue et joie), pour travailler sur ces projets et pour, en d\u00e9finitive clore le bec des \u00ab&nbsp;r\u00e9ac-publicains&nbsp;\u00bb puisque cette p\u00e9dagogie a permis \u00e0 ce lyc\u00e9e ( du 9-3&nbsp;!) de passer de 65% \u00e0 90% de r\u00e9ussite au bac&nbsp;!<\/p>\n\n\n\n<p class=\"wp-block-paragraph\">Le lecteur pourra v\u00e9rifier ces citations et&nbsp;<a href=\"https:\/\/www.lecese.fr\/content\/17-02-2015-table-ronde-autour-dune-cole-de-la-r-ussite-pour-tous\"><strong>\u00e9couter les interventions remarquables du proviseur, des profs, de la directrice du Th\u00e9\u00e2tre de la Commune<\/strong>&nbsp;<\/a>\u00ab&nbsp;table ronde&nbsp;\u00bb de f\u00e9vrier 2015. Dans la vid\u00e9o, les \u00e9l\u00e8ves parlent \u00e0 37.07.<\/p>\n\n\n\n<p class=\"wp-block-paragraph\">Merci au CESE&nbsp;! Le Conseil \u00e9conomique, social et environnemental est une assembl\u00e9e constitutionnelle fran\u00e7aise compos\u00e9e de repr\u00e9sentants sociaux.&nbsp;<\/p>\n\n\n\n<p class=\"wp-block-paragraph\"><\/p>\n\n\n\n<figure class=\"wp-block-image size-large\"><img loading=\"lazy\" decoding=\"async\" width=\"1848\" height=\"1330\" src=\"https:\/\/education-bien-commun.fr\/wp-content\/uploads\/2023\/04\/capture-decran-2023-04-25-a-19.46.21.png?w=1024\" alt=\"\" class=\"wp-image-7452\" srcset=\"https:\/\/education-bien-commun.fr\/wp-content\/uploads\/2023\/04\/capture-decran-2023-04-25-a-19.46.21.png 1848w, https:\/\/education-bien-commun.fr\/wp-content\/uploads\/2023\/04\/capture-decran-2023-04-25-a-19.46.21-300x216.png 300w, https:\/\/education-bien-commun.fr\/wp-content\/uploads\/2023\/04\/capture-decran-2023-04-25-a-19.46.21-1024x737.png 1024w, https:\/\/education-bien-commun.fr\/wp-content\/uploads\/2023\/04\/capture-decran-2023-04-25-a-19.46.21-768x553.png 768w, https:\/\/education-bien-commun.fr\/wp-content\/uploads\/2023\/04\/capture-decran-2023-04-25-a-19.46.21-1536x1105.png 1536w\" sizes=\"auto, (max-width: 1848px) 100vw, 1848px\" \/><\/figure>\n\n\n\n<p class=\"wp-block-paragraph\"><strong><a href=\"https:\/\/www.lecese.fr\/content\/17-02-2015-table-ronde-autour-dune-cole-de-la-r-ussite-pour-tous\">Dans la vid\u00e9o<\/a><\/strong>, les \u00e9l\u00e8ves parlent \u00e0 37.07.<\/p>\n\n\n\n<p class=\"wp-block-paragraph\"><\/p>\n\n\n\n<p class=\"wp-block-paragraph\"><\/p>\n\n\n\n<p class=\"has-text-align-right wp-block-paragraph\">Raymond Millot&nbsp; le 21 octobre 2016<\/p>\n\n\n\n<ul class=\"wp-block-list\">\n<li>PAR&nbsp;<a href=\"https:\/\/blogs.mediapart.fr\/raymond-millot\">RAYMOND MILLOT<\/a><\/li>\n\n\n\n<li>BLOG :&nbsp;<a href=\"https:\/\/blogs.mediapart.fr\/raymond-millot\/blog\">LE BLOG DE RAYMOND MILLOT<\/a>&nbsp;sur M\u00e9diapart<\/li>\n<\/ul>\n\n\n\n<p class=\"wp-block-paragraph\"><a href=\"https:\/\/blogs.mediapart.fr\/raymond-millot\/blog\"><strong>Tous les articles du blog de Raymond Millot sur M\u00e9diapart<\/strong><\/a><\/p>\n","protected":false},"excerpt":{"rendered":"<p>Par Raymond Millot. Publi\u00e9 dans \u00ab&nbsp;El\u00e8ves&nbsp;\u00bb. Nous reprenons ici ce texte publi\u00e9 en 2016. Il est d&rsquo;une immense urgence. A partager&#8230; P\u00e9dagogues et \u00ab&nbsp;r\u00e9publicains&nbsp;\u00bb s\u2019\u00e9charpent pour le bien des enfants. Ceux-ci n\u2019ont pas les moyens d\u2019exprimer leur point de vue. Certains d\u2019entre eux devenus jeunes adultes au Lyc\u00e9e Le Corbusier d\u2019Aubervilliers (93) ont pu le&hellip; <a class=\"more-link\" href=\"https:\/\/education-bien-commun.fr\/?p=5735\">Lire la suite <span class=\"screen-reader-text\">Le syst\u00e8me vu par ceux qui le\u00a0subissent : des lyc\u00e9ens parlent&#8230;<\/span><\/a><\/p>\n","protected":false},"author":3,"featured_media":0,"comment_status":"open","ping_status":"open","sticky":true,"template":"","format":"standard","meta":{"_jetpack_newsletter_access":"","_jetpack_dont_email_post_to_subs":false,"_jetpack_newsletter_tier_id":0,"_jetpack_memberships_contains_paywalled_content":false,"_jetpack_feature_clip_id":0,"_jetpack_memberships_contains_paid_content":false,"footnotes":"","jetpack_post_was_ever_published":false},"categories":[5,8,14,18,19,22,29,30,31,44,47,51,53,58,59,64,65,74,75,77,78,79,90,91,92,94,95,96],"tags":[],"class_list":["post-5735","post","type-post","status-publish","format-standard","hentry","category-apprentissage","category-autonomie","category-citoyennete","category-competition","category-complexite","category-construction-du-savoir","category-culture","category-culture-commune","category-culture-pour-tous","category-emancipation","category-enseignement","category-entraide","category-esprit-critique","category-formater","category-formation-des-enseignants","category-immigration","category-inegalites","category-parole","category-pedagogie","category-pedagogie-du-projet","category-penser","category-plaisir","category-rythmes","category-sante","category-savoirs","category-solidarite","category-souffrance","category-systeme-educatif"],"jetpack_sharing_enabled":true,"jetpack_featured_media_url":"","_links":{"self":[{"href":"https:\/\/education-bien-commun.fr\/index.php?rest_route=\/wp\/v2\/posts\/5735","targetHints":{"allow":["GET"]}}],"collection":[{"href":"https:\/\/education-bien-commun.fr\/index.php?rest_route=\/wp\/v2\/posts"}],"about":[{"href":"https:\/\/education-bien-commun.fr\/index.php?rest_route=\/wp\/v2\/types\/post"}],"author":[{"embeddable":true,"href":"https:\/\/education-bien-commun.fr\/index.php?rest_route=\/wp\/v2\/users\/3"}],"replies":[{"embeddable":true,"href":"https:\/\/education-bien-commun.fr\/index.php?rest_route=%2Fwp%2Fv2%2Fcomments&post=5735"}],"version-history":[{"count":0,"href":"https:\/\/education-bien-commun.fr\/index.php?rest_route=\/wp\/v2\/posts\/5735\/revisions"}],"wp:attachment":[{"href":"https:\/\/education-bien-commun.fr\/index.php?rest_route=%2Fwp%2Fv2%2Fmedia&parent=5735"}],"wp:term":[{"taxonomy":"category","embeddable":true,"href":"https:\/\/education-bien-commun.fr\/index.php?rest_route=%2Fwp%2Fv2%2Fcategories&post=5735"},{"taxonomy":"post_tag","embeddable":true,"href":"https:\/\/education-bien-commun.fr\/index.php?rest_route=%2Fwp%2Fv2%2Ftags&post=5735"}],"curies":[{"name":"wp","href":"https:\/\/api.w.org\/{rel}","templated":true}]}}