{"id":59,"date":"2020-05-17T21:07:51","date_gmt":"2020-05-17T19:07:51","guid":{"rendered":"https:\/\/education-bien-commun.fr\/?p=59"},"modified":"2020-05-17T21:07:51","modified_gmt":"2020-05-17T19:07:51","slug":"non-leducation-ce-nest-pas-lecole-la-classe-lenfermement","status":"publish","type":"post","link":"https:\/\/education-bien-commun.fr\/?p=59","title":{"rendered":"Non, l&rsquo;\u00e9ducation, ce n&rsquo;est pas l&rsquo;\u00e9cole, la classe, l&rsquo;enfermement"},"content":{"rendered":"\n<p class=\"wp-block-paragraph\"><strong>une \u00e9cole pour vivre et apprendre&nbsp;\u00e0 vivre :&nbsp;construire ses savoirs, coop\u00e9rer, respecter l&rsquo;autre et la plan\u00e8te.<\/strong><\/p>\n\n\n\n<p class=\"wp-block-paragraph\">&nbsp;Il s&rsquo;agit de construire ensemble les savoirs avec des pratiques qui sont en elles-m\u00eames coop\u00e9ratives et non comp\u00e9titives. Apprentissage de la d\u00e9mocratie d\u00e8s l&rsquo;\u00e9cole, au sein des activit\u00e9s quotidiennes, mode de vie scolaire respectueux des autres et de l&rsquo;environnent.<\/p>\n\n\n\n<p class=\"wp-block-paragraph\">Il s&rsquo;agit d&rsquo;\u00e9mancipation : \u00e9laborer son esprit critique, apprendre \u00e0 discuter (\u00e9couter, analyser, prendre la parole), \u00e0 argumenter et \u00e0 prendre des d\u00e9cisions.<\/p>\n\n\n\n<p class=\"wp-block-paragraph\">Il s&rsquo;agit aussi d&rsquo;apprendre \u00e0 reconna\u00eetre et \u00e0 g\u00e9rer ses \u00e9motions. Apprendre \u00e0 ressentir autant qu&rsquo;apprendre \u00e0 penser.<\/p>\n\n\n\n<p class=\"wp-block-paragraph\">Les savoirs peuvent se construire \u00e0 partir des r\u00e9alit\u00e9s locales:  on pourra s\u2019int\u00e9resser \u00e0 une AMAP, une Soci\u00e9t\u00e9 coop\u00e9rative innovante, des jardins partag\u00e9s, des logements collectifs \u00ab passifs \u00bb, un port de p\u00eache en difficult\u00e9, un incin\u00e9rateur de d\u00e9chets polluant, des composts collectifs, une usine en cours de d\u00e9localisation\u2026<\/p>\n\n\n\n<p class=\"wp-block-paragraph\">Il faut que l&rsquo;\u00e9cole soit un lieu de vie, d&rsquo;apprentissage de la vie par la vie, et il est imp\u00e9ratif que ce&nbsp; soit un lieu de vie heureux, pour les enfants comme pour les enseignants.<\/p>\n","protected":false},"excerpt":{"rendered":"<p>une \u00e9cole pour vivre et apprendre&nbsp;\u00e0 vivre :&nbsp;construire ses savoirs, coop\u00e9rer, respecter l&rsquo;autre et la plan\u00e8te. &nbsp;Il s&rsquo;agit de construire ensemble les savoirs avec des pratiques qui sont en elles-m\u00eames coop\u00e9ratives et non comp\u00e9titives. Apprentissage de la d\u00e9mocratie d\u00e8s l&rsquo;\u00e9cole, au sein des activit\u00e9s quotidiennes, mode de vie scolaire respectueux des autres et de l&rsquo;environnent.&hellip; <a class=\"more-link\" href=\"https:\/\/education-bien-commun.fr\/?p=59\">Lire la suite <span class=\"screen-reader-text\">Non, l&rsquo;\u00e9ducation, ce n&rsquo;est pas l&rsquo;\u00e9cole, la classe, l&rsquo;enfermement<\/span><\/a><\/p>\n","protected":false},"author":3,"featured_media":0,"comment_status":"open","ping_status":"open","sticky":false,"template":"","format":"standard","meta":{"_jetpack_newsletter_access":"","_jetpack_dont_email_post_to_subs":false,"_jetpack_newsletter_tier_id":0,"_jetpack_memberships_contains_paywalled_content":false,"_jetpack_feature_clip_id":0,"_jetpack_memberships_contains_paid_content":false,"footnotes":"","jetpack_post_was_ever_published":false},"categories":[5,24,33,37,44,53,61,78,92],"tags":[],"class_list":["post-59","post","type-post","status-publish","format-standard","hentry","category-apprentissage","category-cooperation","category-democratie","category-ecole","category-emancipation","category-esprit-critique","category-gestion-des-emotions","category-penser","category-savoirs"],"jetpack_sharing_enabled":true,"jetpack_featured_media_url":"","_links":{"self":[{"href":"https:\/\/education-bien-commun.fr\/index.php?rest_route=\/wp\/v2\/posts\/59","targetHints":{"allow":["GET"]}}],"collection":[{"href":"https:\/\/education-bien-commun.fr\/index.php?rest_route=\/wp\/v2\/posts"}],"about":[{"href":"https:\/\/education-bien-commun.fr\/index.php?rest_route=\/wp\/v2\/types\/post"}],"author":[{"embeddable":true,"href":"https:\/\/education-bien-commun.fr\/index.php?rest_route=\/wp\/v2\/users\/3"}],"replies":[{"embeddable":true,"href":"https:\/\/education-bien-commun.fr\/index.php?rest_route=%2Fwp%2Fv2%2Fcomments&post=59"}],"version-history":[{"count":0,"href":"https:\/\/education-bien-commun.fr\/index.php?rest_route=\/wp\/v2\/posts\/59\/revisions"}],"wp:attachment":[{"href":"https:\/\/education-bien-commun.fr\/index.php?rest_route=%2Fwp%2Fv2%2Fmedia&parent=59"}],"wp:term":[{"taxonomy":"category","embeddable":true,"href":"https:\/\/education-bien-commun.fr\/index.php?rest_route=%2Fwp%2Fv2%2Fcategories&post=59"},{"taxonomy":"post_tag","embeddable":true,"href":"https:\/\/education-bien-commun.fr\/index.php?rest_route=%2Fwp%2Fv2%2Ftags&post=59"}],"curies":[{"name":"wp","href":"https:\/\/api.w.org\/{rel}","templated":true}]}}