{"id":601,"date":"2020-05-29T09:36:13","date_gmt":"2020-05-29T07:36:13","guid":{"rendered":"http:\/\/educationbiencommun.fr\/?p=601"},"modified":"2020-05-29T09:36:13","modified_gmt":"2020-05-29T07:36:13","slug":"une-convention-citoyenne-pour-leducation","status":"publish","type":"post","link":"https:\/\/education-bien-commun.fr\/?p=601","title":{"rendered":"Une convention citoyenne pour l&rsquo;\u00e9ducation ?"},"content":{"rendered":"\n<h3 class=\"wp-block-heading has-text-align-center\"><mark style=\"background-color:#ffffff\" class=\"has-inline-color has-luminous-vivid-orange-color\">L&rsquo; Irlande et la d\u00e9mocratie d\u00e9lib\u00e9rative<\/mark><\/h3>\n\n\n\n<p class=\"wp-block-paragraph\">L\u2019exemple irlandais est riche d\u2019enseignements. Alors que l\u2019\u00e9glise catholique la plus r\u00e9actionnaire garde un pouvoir massif sur l\u2019opinion, <strong>des citoyens tir\u00e9s au sort<\/strong> et donc tr\u00e8s majoritairement sous son influence, ont \u00e9t\u00e9 capables de conduire une r\u00e9flexion libre mettant en question deux tabous religieux majeurs et d\u2019influencer le parlement en faveur de leur disqualification&nbsp;! <\/p>\n\n\n\n<p class=\"wp-block-paragraph\">\u00ab&nbsp;<em><strong>Trois assembl\u00e9es citoyennes tir\u00e9es au sort<\/strong> ont fait de l\u2019Irlande un laboratoire exceptionnel pour la d\u00e9mocratie d\u00e9lib\u00e9rative \u2013 entra\u00eenant des r\u00e9visions constitutionnelles majeures&nbsp;: la l\u00e9galisation du mariage homosexuel et de l\u2019avortement<\/em>.&nbsp;\u00bb (Coll\u00e8ge de France, La vie des id\u00e9es- Extraits)<\/p>\n\n\n\n<p class=\"has-text-align-center wp-block-paragraph\">***<\/p>\n\n\n\n<h3 class=\"wp-block-heading has-text-align-center\"><mark style=\"background-color:#ffffff\" class=\"has-inline-color has-luminous-vivid-orange-color\">En France<\/mark><br><\/h3>\n\n\n\n<p class=\"has-text-align-left wp-block-paragraph\"><strong>Le syst\u00e8me d\u2019Instruction Publique instaur\u00e9 par Jules Ferry qu\u2019on a rebaptis\u00e9 d\u2019une mani\u00e8re abusive Education Nationale<\/strong>, n\u2019a pas deux mille ans d\u2019\u00e2ge mais seulement 140 . Pour de nombreuses raisons, il<strong> semble inamovible <\/strong>bien que sa promesse d\u2019assurer \u00ab&nbsp;l\u2019\u00e9galit\u00e9 des chances&nbsp;\u00bb n\u2019ait jamais \u00e9t\u00e9 r\u00e9alis\u00e9e. En particulier parce que l\u2019ordre capitaliste, lib\u00e9ral et n\u00e9o lib\u00e9ral, a su rendre \u00e9vidente la n\u00e9cessit\u00e9 de la s\u00e9lection, et faire croire que toute alternative m\u00e8ne au Goulag.<\/p>\n\n\n\n<p class=\"wp-block-paragraph\">Nous pensons qu\u2019une information approfondie permettrait \u00e0 une convention citoyenne, de venir \u00e0 bout de ces tabous et d\u2019envisager des solutions allant peu ou prou en direction des id\u00e9es qui nous mobilisent ici&nbsp;: <strong>Education, affirm\u00e9e comme bien commun <\/strong>\u2013<strong> syst\u00e8me \u00e9ducatif partie prenante de la Soci\u00e9t\u00e9 \u00e9ducatrice<\/strong> , et <strong>affranchi de la tutelle du pouvoir politique<\/strong> sous une forme \u00e0 trouver d\u00e9mocratiquement.<\/p>\n\n\n\n<p class=\"wp-block-paragraph\">La <strong>CONVENTION CITOYENNE POUR LE CLIMAT <\/strong>a \u00e9t\u00e9 interrompue pour cause de confinement et les conclusions n\u2019ont pu \u00eatre rendues publiques. <\/p>\n\n\n\n<p class=\"wp-block-paragraph\">Cependant, l&rsquo;exp\u00e9rience montre que, dans des conditions favorables :<\/p>\n\n\n\n<ul class=\"wp-block-list\">\n<li>disponibilit\u00e9 mat\u00e9rielle<\/li>\n\n\n\n<li>apport d\u2019informations par des sp\u00e9cialistes<\/li>\n\n\n\n<li>organisation de la r\u00e9flexion en petits groupes<\/li>\n<\/ul>\n\n\n\n<p class=\"wp-block-paragraph\">des citoyens tir\u00e9s au sort et tr\u00e8s peu avertis des donn\u00e9es sur le sujet au d\u00e9part, peuvent aborder des probl\u00e8mes complexes et op\u00e9rer des <strong>prises de conscience radicales <\/strong>(politiquement inattendues\u2026)<\/p>\n\n\n\n<p class=\"wp-block-paragraph\"><\/p>\n","protected":false},"excerpt":{"rendered":"<p>L&rsquo; Irlande et la d\u00e9mocratie d\u00e9lib\u00e9rative L\u2019exemple irlandais est riche d\u2019enseignements. Alors que l\u2019\u00e9glise catholique la plus r\u00e9actionnaire garde un pouvoir massif sur l\u2019opinion, des citoyens tir\u00e9s au sort et donc tr\u00e8s majoritairement sous son influence, ont \u00e9t\u00e9 capables de conduire une r\u00e9flexion libre mettant en question deux tabous religieux majeurs et d\u2019influencer le parlement&hellip; <a class=\"more-link\" href=\"https:\/\/education-bien-commun.fr\/?p=601\">Lire la suite <span class=\"screen-reader-text\">Une convention citoyenne pour l&rsquo;\u00e9ducation ?<\/span><\/a><\/p>\n","protected":false},"author":3,"featured_media":0,"comment_status":"open","ping_status":"open","sticky":false,"template":"","format":"standard","meta":{"_jetpack_newsletter_access":"","_jetpack_dont_email_post_to_subs":false,"_jetpack_newsletter_tier_id":0,"_jetpack_memberships_contains_paywalled_content":false,"_jetpack_feature_clip_id":0,"_jetpack_memberships_contains_paid_content":false,"footnotes":"","jetpack_post_was_ever_published":false},"categories":[14,33,96],"tags":[],"class_list":["post-601","post","type-post","status-publish","format-standard","hentry","category-citoyennete","category-democratie","category-systeme-educatif"],"jetpack_sharing_enabled":true,"jetpack_featured_media_url":"","_links":{"self":[{"href":"https:\/\/education-bien-commun.fr\/index.php?rest_route=\/wp\/v2\/posts\/601","targetHints":{"allow":["GET"]}}],"collection":[{"href":"https:\/\/education-bien-commun.fr\/index.php?rest_route=\/wp\/v2\/posts"}],"about":[{"href":"https:\/\/education-bien-commun.fr\/index.php?rest_route=\/wp\/v2\/types\/post"}],"author":[{"embeddable":true,"href":"https:\/\/education-bien-commun.fr\/index.php?rest_route=\/wp\/v2\/users\/3"}],"replies":[{"embeddable":true,"href":"https:\/\/education-bien-commun.fr\/index.php?rest_route=%2Fwp%2Fv2%2Fcomments&post=601"}],"version-history":[{"count":0,"href":"https:\/\/education-bien-commun.fr\/index.php?rest_route=\/wp\/v2\/posts\/601\/revisions"}],"wp:attachment":[{"href":"https:\/\/education-bien-commun.fr\/index.php?rest_route=%2Fwp%2Fv2%2Fmedia&parent=601"}],"wp:term":[{"taxonomy":"category","embeddable":true,"href":"https:\/\/education-bien-commun.fr\/index.php?rest_route=%2Fwp%2Fv2%2Fcategories&post=601"},{"taxonomy":"post_tag","embeddable":true,"href":"https:\/\/education-bien-commun.fr\/index.php?rest_route=%2Fwp%2Fv2%2Ftags&post=601"}],"curies":[{"name":"wp","href":"https:\/\/api.w.org\/{rel}","templated":true}]}}