{"id":6049,"date":"2022-07-02T17:33:53","date_gmt":"2022-07-02T15:33:53","guid":{"rendered":"https:\/\/educationbiencommun.fr\/?p=6049"},"modified":"2022-07-02T17:33:53","modified_gmt":"2022-07-02T15:33:53","slug":"les-associations-et-ses-benevoles-levain-de-la-vie-democratique","status":"publish","type":"post","link":"https:\/\/education-bien-commun.fr\/?p=6049","title":{"rendered":"Les associations et leurs b\u00e9n\u00e9voles, levain de la vie d\u00e9mocratique"},"content":{"rendered":"\n<p class=\"wp-block-paragraph\">Par Karine Ennifer, Conseill\u00e8re d\u2019\u00e9ducation populaire et de jeunesse. Publi\u00e9 dans Soci\u00e9t\u00e9 \u00e9ducatrice.\u00a0<\/p>\n\n\n\n<p class=\"wp-block-paragraph\">Dans <em>De la d\u00e9mocratie en Am\u00e9rique<\/em>, Tocqueville s\u2019\u00e9tonnait du nombre d\u2019associations qui existaient \u00e0 l\u2019\u00e9poque, et qui lui apparaissaient comme un ingr\u00e9dient fondamental de la vie d\u2019une soci\u00e9t\u00e9 d\u00e9mocratique.<\/p>\n\n\n<div class=\"wp-block-image\">\n<figure class=\"aligncenter size-large is-resized\"><img decoding=\"async\" src=\"https:\/\/education-bien-commun.fr\/wp-content\/uploads\/2022\/07\/capture-decc81cran-2022-07-02-acc80-17.18.04.png?w=600\" alt=\"\" class=\"wp-image-6053\" width=\"-215\" height=\"-355\" srcset=\"https:\/\/education-bien-commun.fr\/wp-content\/uploads\/2022\/07\/capture-decc81cran-2022-07-02-acc80-17.18.04.png 600w, https:\/\/education-bien-commun.fr\/wp-content\/uploads\/2022\/07\/capture-decc81cran-2022-07-02-acc80-17.18.04-181x300.png 181w\" sizes=\"(max-width: 600px) 100vw, 600px\" \/><\/figure>\n<\/div>\n\n\n<h3 class=\"has-text-align-center wp-block-heading\"><mark style=\"background-color:rgba(0, 0, 0, 0);\" class=\"has-inline-color has-luminous-vivid-orange-color\">Les associations en France<\/mark><\/h3>\n\n\n\n<p class=\"wp-block-paragraph\">En France, les associations regroupent pr\u00e8s de 2 millions de salari\u00e9s et, dans la premi\u00e8re d\u00e9cennie du XXIe si\u00e8cle, elles ont cr\u00e9\u00e9 plus d\u2019emplois que les entreprises priv\u00e9es. Par ailleurs, pr\u00e8s d\u2019un fran\u00e7ais sur trois de plus de 15 ans est b\u00e9n\u00e9vole. Les associations, pr\u00e9sentes dans de nombreux domaines, sont donc <strong>au c\u0153ur de la soci\u00e9t\u00e9 civile et civique<\/strong>. Pourtant elles restent <strong>m\u00e9connues, voire caricatur\u00e9es<\/strong> : elles souffriraient d\u2019amateurisme par rapport \u00e0 l\u2019entreprise ou par rapport aux collectivit\u00e9s territoriales.<\/p>\n\n\n\n<h3 class=\"has-text-align-center wp-block-heading\"><strong><mark style=\"background-color:rgba(0, 0, 0, 0);\" class=\"has-inline-color has-luminous-vivid-orange-color\">Leur \u00e9volution \u00e0 l&rsquo;heure actuelle<\/mark><\/strong><\/h3>\n\n\n\n<p class=\"wp-block-paragraph\">De fait, celles-ci ont bien souvent pris la main au cours de la derni\u00e8re d\u00e9cennie sur des actions auparavant assum\u00e9es par des associations\u00a0: animation socio-culturelle, soutien scolaire, actions jeunesse, actions sociales, \u2026 Cette \u00e9volution s\u2019explique par la prise en consid\u00e9ration de ces probl\u00e9matiques par les politiques publiques, ce qui est \u00e9videmment positif. Toutefois, la municipalisation, directe ou par l\u2019interm\u00e9diaire de CCAS, centres sociaux ou \u00ab\u00a0maisons des habitants\u00a0\u00bb sans statut associatif signifie aussi bien souvent bureaucratisation, rigidification et perte de lien avec les habitant.e.s transform\u00e9s en usagers d\u2019un service, quand ils\/elles \u00e9taient auparavant acteurs d\u2019un projet (ceci, sans parler des \u00ab\u00a0agents\u00a0\u00bb).<\/p>\n\n\n\n<p class=\"wp-block-paragraph\">Des associations disparaissent, ou sont mises en difficult\u00e9, apr\u00e8s des changements politiques, parce que le soutien de l\u2019Etat \u00e0 la vie associative aujourd\u2019hui est largement insuffisant et que les associations d\u00e9pendent, de fait, des subventions que les collectivit\u00e9s veulent bien leur accorder (dans un contexte de plus o\u00f9 elles n\u2019ont plus la main sur leurs finances). \u00a0Souvent, elles se voient contraintes de passer beaucoup de temps \u00e0 r\u00e9diger des dossiers de demande de subventions, que ce soit pour les diverses collectivit\u00e9s, l\u2019Etat, l\u2019Europe ou les fondations, et c\u2019est autant de temps en moins pour, par exemple, accompagner des jeunes en stage, en service civique ou en mission d\u2019int\u00e9r\u00eat g\u00e9n\u00e9ral dans le cadre du Service national universel ou autre.<\/p>\n\n\n\n<h3 class=\"has-text-align-center wp-block-heading\"><mark style=\"background-color:rgba(0, 0, 0, 0);\" class=\"has-inline-color has-luminous-vivid-orange-color\">Cons\u00e9quence en terme de vie d\u00e9mocratique<\/mark><\/h3>\n\n\n\n<p class=\"wp-block-paragraph\">Outre le ressentiment qui peut s\u2019en suivre, notamment dans les quartiers populaires qui vivent parfois cette \u00e9volution comme une forme de n\u00e9o-colonialisme, on peut s\u2019inqui\u00e9ter de ce que cela fait perdre en termes d\u2019&nbsp;\u00ab&nbsp;empuissancement&nbsp;\u00bb (empowerment) des personnes.&nbsp; En effet, on sait combien d\u2019\u00e9lu.e.s \u00e9taient venues \u00e0 \u00ab&nbsp;la politique&nbsp;\u00bb apr\u00e8s des exp\u00e9riences plus ou moins longues dans des CA ou bureaux d\u2019association. Quelles sont les possibilit\u00e9s aujourd\u2019hui, pour des jeunes, ou moins jeunes, de vivre ces parcours, lorsqu\u2019il n\u2019y a plus d\u2019autre association sur leur territoire que des associations sportives souvent sans assembl\u00e9e g\u00e9n\u00e9rale&nbsp;? Il serait int\u00e9ressant d\u2019analyser l\u2019\u00e9volution des profils des \u00e9lu.e.s dans les assembl\u00e9es locales ou nationales\u2026.<\/p>\n\n\n\n<p class=\"wp-block-paragraph\">Certes, certaines associations ont pu se p\u00e9naliser elles-m\u00eames en \u00e9tant dans une opposition politique locale syst\u00e9matique. Les collectivit\u00e9s veulent aussi \u00ab\u00a0avoir la main\u00a0\u00bb et pouvoir communiquer sur leur action. Toutefois, \u00e0 l\u2019heure o\u00f9 beaucoup souhaitent <strong>\u00ab\u00a0<em>d\u00e9velopper la d\u00e9mocratie participative<\/em>\u00a0\u00bb,<\/strong> ne pourraient-elles pas pr\u00e9cis\u00e9ment valoriser aupr\u00e8s de leurs habitant.e.s le fait de <strong>faire confiance aux associations <\/strong>que ces habitant.e.s<strong> <\/strong>pr\u00e9cis\u00e9ment font vivre\u00a0? Des conventions pluri-annuelles peuvent tr\u00e8s bien venir s\u00e9curiser le cadre. \u00a0<\/p>\n\n\n\n<p class=\"wp-block-paragraph\">On ne peut pas \u00e0 la fois regretter des niveaux impressionnants d\u2019abstention aux \u00e9lections,&nbsp; constater le d\u00e9veloppement de votes protestataires et continuer \u00e0 ne pas d\u00e9l\u00e9guer de responsabilit\u00e9s. Et \u00ab&nbsp;donner du pouvoir&nbsp;\u00bb ne peut pas passer simplement par des budgets ou des chantiers participatifs.<\/p>\n\n\n\n<p class=\"wp-block-paragraph\"><strong>Vivre en tant que b\u00e9n\u00e9vole l\u2019aventure d\u2019une association<\/strong>, c\u2019est d\u00e9couvrir la r\u00e9alit\u00e9 de l\u2019intelligence collective, prendre confiance dans ses capacit\u00e9s et celles des autres, se sentir acteur et sortir du sentiment d\u2019impuissance, vivre des moments de joie, \u00eatre fi\u00e8r.e du travail r\u00e9alis\u00e9 ensemble, dans le cadre de valeurs et de finalit\u00e9s partag\u00e9es. <strong>Une soci\u00e9t\u00e9 d\u00e9mocratique peut-elle perdurer sans cette<\/strong> <strong>dimension de convivialit\u00e9, de solidarit\u00e9 de terrain et d\u2019auto-\u00e9ducation\/\u00e9mancipation\u00a0 populaire<\/strong>\u00a0<strong>?<\/strong> La question est pos\u00e9e.<\/p>\n\n\n\n<p class=\"has-text-align-right wp-block-paragraph\">Karine Ennifer, Conseill\u00e8re d\u2019\u00e9ducation populaire et de jeunesse<\/p>\n","protected":false},"excerpt":{"rendered":"<p>Par Karine Ennifer, Conseill\u00e8re d\u2019\u00e9ducation populaire et de jeunesse. Publi\u00e9 dans Soci\u00e9t\u00e9 \u00e9ducatrice.\u00a0 Dans De la d\u00e9mocratie en Am\u00e9rique, Tocqueville s\u2019\u00e9tonnait du nombre d\u2019associations qui existaient \u00e0 l\u2019\u00e9poque, et qui lui apparaissaient comme un ingr\u00e9dient fondamental de la vie d\u2019une soci\u00e9t\u00e9 d\u00e9mocratique. Les associations en France En France, les associations regroupent pr\u00e8s de 2 millions&hellip; <a class=\"more-link\" href=\"https:\/\/education-bien-commun.fr\/?p=6049\">Lire la suite <span class=\"screen-reader-text\">Les associations et leurs b\u00e9n\u00e9voles, levain de la vie d\u00e9mocratique<\/span><\/a><\/p>\n","protected":false},"author":3,"featured_media":0,"comment_status":"open","ping_status":"open","sticky":true,"template":"","format":"standard","meta":{"_jetpack_newsletter_access":"","_jetpack_dont_email_post_to_subs":false,"_jetpack_newsletter_tier_id":0,"_jetpack_memberships_contains_paywalled_content":false,"_jetpack_feature_clip_id":0,"_jetpack_memberships_contains_paid_content":false,"footnotes":"","jetpack_post_was_ever_published":false},"categories":[4,5,14,33,34,40,44,83,85,93],"tags":[],"class_list":["post-6049","post","type-post","status-publish","format-standard","hentry","category-animation","category-apprentissage","category-citoyennete","category-democratie","category-democratie-participative","category-education-populaire","category-emancipation","category-pouvoir-politique","category-promotion-collective","category-societe-educatrice"],"jetpack_sharing_enabled":true,"jetpack_featured_media_url":"","_links":{"self":[{"href":"https:\/\/education-bien-commun.fr\/index.php?rest_route=\/wp\/v2\/posts\/6049","targetHints":{"allow":["GET"]}}],"collection":[{"href":"https:\/\/education-bien-commun.fr\/index.php?rest_route=\/wp\/v2\/posts"}],"about":[{"href":"https:\/\/education-bien-commun.fr\/index.php?rest_route=\/wp\/v2\/types\/post"}],"author":[{"embeddable":true,"href":"https:\/\/education-bien-commun.fr\/index.php?rest_route=\/wp\/v2\/users\/3"}],"replies":[{"embeddable":true,"href":"https:\/\/education-bien-commun.fr\/index.php?rest_route=%2Fwp%2Fv2%2Fcomments&post=6049"}],"version-history":[{"count":0,"href":"https:\/\/education-bien-commun.fr\/index.php?rest_route=\/wp\/v2\/posts\/6049\/revisions"}],"wp:attachment":[{"href":"https:\/\/education-bien-commun.fr\/index.php?rest_route=%2Fwp%2Fv2%2Fmedia&parent=6049"}],"wp:term":[{"taxonomy":"category","embeddable":true,"href":"https:\/\/education-bien-commun.fr\/index.php?rest_route=%2Fwp%2Fv2%2Fcategories&post=6049"},{"taxonomy":"post_tag","embeddable":true,"href":"https:\/\/education-bien-commun.fr\/index.php?rest_route=%2Fwp%2Fv2%2Ftags&post=6049"}],"curies":[{"name":"wp","href":"https:\/\/api.w.org\/{rel}","templated":true}]}}