{"id":6223,"date":"2022-08-22T09:44:02","date_gmt":"2022-08-22T07:44:02","guid":{"rendered":"https:\/\/educationbiencommun.fr\/?p=6223"},"modified":"2022-08-22T09:44:02","modified_gmt":"2022-08-22T07:44:02","slug":"pour-qui-sonne-lecrit","status":"publish","type":"post","link":"https:\/\/education-bien-commun.fr\/?p=6223","title":{"rendered":"Pour qui sonne l&rsquo;\u00e9crit ?"},"content":{"rendered":"\n<p class=\"wp-block-paragraph\">Par Eveline Charmeux, professeur-formateur honoraire de fran\u00e7ais, ex-chercheur \u00e0 l\u2019INRP.\u00a0Publi\u00e9 dans Savoirs \u00e9mancipateurs.<\/p>\n\n\n\n<p class=\"wp-block-paragraph\"><\/p>\n\n\n\n<h3 class=\"has-text-align-center wp-block-heading\"><mark style=\"background-color:rgba(0, 0, 0, 0);\" class=\"has-inline-color has-luminous-vivid-orange-color\">Avant-propos<\/mark><\/h3>\n\n\n\n<p class=\"wp-block-paragraph\">Dans une lointaine ann\u00e9e, (1977 !), parut un ouvrage, \u00e9crit \u00e0 quatre (Laurence Lentin, Christiane Clesse, Jean H\u00e9brard, et Isabelle Jan), qui s&rsquo;intitulait \u00ab\u00a0du parler au lire\u00a0\u00bb (ESF).<br>Leur hypoth\u00e8se \u00e9tait, qu&rsquo;avant d&rsquo;\u00eatre un bon lecteur, l&rsquo;enfant devait d&rsquo;abord \u00eatre un \u00ab\u00a0bon parleur\u00a0\u00bb, et que, c&rsquo;\u00e9tait par le d\u00e9sir de transmettre cette parole \u2014 donc par le son \u2014 qu&rsquo;il devenait lecteur. Qu&rsquo;en est-il aujourd&rsquo;hui ?<\/p>\n\n\n\n<p class=\"wp-block-paragraph\">Une telle hypoth\u00e8se, psychologiquement plausible, peut sans doute cohabiter avec d&rsquo;autres hypoth\u00e8ses, avanc\u00e9es, depuis, sur ce qu&rsquo;est la lecture, mais l&rsquo;on doit reconna\u00eetre qu&rsquo;elle est rest\u00e9e, aujourd&rsquo;hui encore, la plus r\u00e9pandue, souvent seule, sans cohabitation. Les injonctions du pr\u00e9c\u00e9dent ministre, dont furent abreuv\u00e9s les coll\u00e8gues, reposaient toutes sur elle, de fa\u00e7on beaucoup moins d\u00e9taill\u00e9e, et surtout affirm\u00e9e sans la moindre justification.<br>La mise en \u0153uvre de cette hypoth\u00e8se conduit, on en a eu la preuve, ces derni\u00e8res ann\u00e9es, \u00e0 <strong>un type d&rsquo;enseignement, reposant sur le \u00ab\u00a0parler\u00a0\u00bb pour arriver au \u00ab\u00a0lire\u00a0\u00bb, faisant de l&rsquo;\u00e9crit, une transcription de l&rsquo;oral. D&rsquo;o\u00f9 la pr\u00e9sence des \u00ab\u00a0sons\u00a0\u00bb, dans l&rsquo;apprentissage de l&rsquo;\u00e9crit qu&rsquo;il soit re\u00e7u (lu) ou produit (\u00e9crit).<\/strong><\/p>\n\n\n\n<p class=\"wp-block-paragraph\">Pourtant, ce choix se heurte \u00e0 de nombreux faits incontestables, objections maintes fois avanc\u00e9es sur ce blog. Comme disait le pr\u00e9c\u00e9dent billet, ce qui cloche, c&rsquo;est bien le son, qui appara\u00eet \u00ab\u00a0en trop\u00a0\u00bb, dans l&rsquo;analyse, et qui conduit \u00e0 une <strong>insupportable confusion entre \u00ab\u00a0lecture\u00a0\u00bb et \u00ab\u00a0lecture \u00e0 voix haute\u00a0\u00bb<\/strong>, confusion si r\u00e9pandue qu&rsquo;elle envahit les m\u00e9dias et autres r\u00e9aux sociaux, jusqu&rsquo;\u00e0 de grandes \u00e9missions, pourtant s\u00e9rieuses, sur la lecture, comme \u00ab\u00a0La grande librairie\u00a0\u00bb, qui propose un concours de lecture \u00e0 voix haute.<\/p>\n\n\n\n<h3 class=\"has-text-align-center wp-block-heading\"><strong><mark style=\"background-color:rgba(0, 0, 0, 0);\" class=\"has-inline-color has-luminous-vivid-orange-color\">En quoi, cette confusion est-elle grave ?<\/mark><\/strong><\/h3>\n\n\n\n<p class=\"wp-block-paragraph\"><strong>Tout simplement parce qu&rsquo;elle nuit \u00e0 la fois \u00e0 ce qu&rsquo;est la lecture et \u00e0 ce qu&rsquo;est la lecture \u00e0 voix haute, et, par \u00e9vidente cons\u00e9quence, \u00e0 l&rsquo;apprentissage de l&rsquo;une et de l&rsquo;autre<\/strong>, qui n&rsquo;ont pourtant rigoureusement rien de commun.<br>C&rsquo;est exactement ce qui se passe aujourd&rsquo;hui : <strong>le d\u00e9chiffrage oralis\u00e9<\/strong> qu&rsquo;on s&rsquo;obstine \u00e0 consid\u00e9rer comme un d\u00e9but de lecture \u00e0 voix haute, continue, m\u00eame int\u00e9rioris\u00e9, d&rsquo;encombrer l&rsquo;activit\u00e9 de compr\u00e9hension des enfants, en focalisant leur attention sur lui, <strong>rendant difficiles, voire impossibles, les mises en relation et le raisonnement qui permettent de comprendre l&rsquo;ensemble d&rsquo;un texte.<\/strong> Il est donc essentiel de distinguer nettement deux activit\u00e9s extr\u00eamement diff\u00e9rentes, \u00e0 vivre en classe, et \u00e0 apprendre, de fa\u00e7ons distinctes :<\/p>\n\n\n\n<ul class=\"wp-block-list\"><li>1- la lecture d&rsquo;un texte, o\u00f9 <strong>la compr\u00e9hension surgit directement des perceptions visuelles<\/strong>, sans aucun truchement \u2014 exactement comme on voit, dans le beau film de Milosh Forman, Saglieri avoir les larmes aux yeux et murmurer \u00ab\u00a0Que c&rsquo;est beau\u00a0\u00bb, en parcourant des yeux une partition de Mozart, dont il entendait la musique, \u00e0 travers ce seul regard. Cette activit\u00e9 implique que lorsque l&rsquo;enseignant souhaite v\u00e9rifier la compr\u00e9hension qu&rsquo;un \u00e9l\u00e8ve a d&rsquo;un texte, comme l&rsquo;\u00e9nonc\u00e9 d&rsquo;une consigne ou d&rsquo;un probl\u00e8me, ce n&rsquo;est pas par des \u00ab\u00a0questions de compr\u00e9hension\u00a0\u00bb (proc\u00e9d\u00e9 inefficace), encore moins par une oralisation du texte, qu&rsquo;il pourra le faire, mais par des <strong>REFORMULATIONS du texte<\/strong>, propos\u00e9es par l&rsquo;\u00e9l\u00e8ve, reformulations \u00e9videmment justifi\u00e9es par des recours au texte, sans aucune lecture orale de celui-ci, autour d&rsquo;une question comme \u00ab\u00a0Qu&rsquo;est-ce qui te permet de dire que telle est la signification de ce texte ? \u00ab\u00a0.<\/li><\/ul>\n\n\n\n<ul class=\"wp-block-list\"><li>2- <strong>la lecture \u00e0 voix haute de ce texte, qui est une communication orale de la premi\u00e8re lectur<\/strong>e, donc seconde par rapport \u00e0 celle-ci, impossible sans elle, et qui n&rsquo;a de sens que si des partenaires n&rsquo;ayant pas le texte, ont besoin d&rsquo;en conna\u00eetre le contenu. En classe, concr\u00e8tement, cela signifie qu&rsquo;une lecture \u00e0 voix haute d&rsquo;un texte n&rsquo;a aucun sens, si tout le monde a ce texte sous les yeux !<\/li><\/ul>\n\n\n\n<p class=\"wp-block-paragraph\">On peut donc dire qu&rsquo;\u00e0 la question du titre de ce billet : \u00ab\u00a0Pour qui sonne l&rsquo;\u00e9crit ? \u00ab\u00a0, la r\u00e9ponse est : pour ceux qui ne pouvant le lire, souhaitent l&rsquo;entendre. C&rsquo;est donc la lecture \u00e0 voix haute qui permet de r\u00e9pondre.<br>Oui, mais voil\u00e0, <strong>lire \u00e0 voix haute, cela n&rsquo;a rien \u00e0 voir avec l&rsquo;oralisation du petit qui apprend \u00e0 lire<\/strong>. <strong>Cela doit s&rsquo;apprendre et se travailler, car c&rsquo;est une activit\u00e9 tr\u00e8s difficile \u00e0 mener<\/strong>, que peu d&rsquo;adultes ma\u00eetrisent.<br>Il faut en commencer l&rsquo;apprentissage, tout doucement d\u00e8s le CE2, lorsque l&rsquo;autonomie de lecture commence \u00e0 s&rsquo;installer, l&rsquo;apprentissage proprement dit couvrant les deux ann\u00e9es du CM. Il est en effet souhaitable que les enfants aient bien avanc\u00e9 en lecture \u00e0 voix haute, car ils auront \u00e0 le faire souvent au coll\u00e8ge&#8230; sans que soit vraiment pr\u00e9vu un apprentissage digne de ce nom&#8230;<\/p>\n\n\n\n<p class=\"wp-block-paragraph\"><strong>Il faut, en effet, devenir capable de regarder les auditeurs, en m\u00eame temps qu&rsquo;on lit, et d&rsquo;avoir un \u00ab\u00a0projet de communication orale\u00a0\u00bb<\/strong>, c&rsquo;est-\u00e0-dire savoir ce qu&rsquo;on souhaite faire passer comme signification, avec cette communication.<br>Il faut aussi <strong>apprendre \u00e0 parler \u00e0 un public assez nombreux : savoir parler sur le souffle<\/strong>, pour se faire entendre sans forcer la voix, chose \u00e0 \u00e9viter \u00e0 tout prix ; savoir utiliser son \u00ab\u00a0m\u00e9dium de voix\u00a0\u00bb, donc apprendre \u00e0 le rep\u00e9rer, et surtout <strong>apprendre \u00e0 respirer, en respiration ventrale<\/strong>.<br>Il faut enfin <strong>cr\u00e9er en classe une \u00ab\u00a0vraie\u00a0\u00bb situation de lecture \u00e0 voix haute<\/strong>. Pour cela, il est n\u00e9cessaire que l&rsquo;\u00e9l\u00e8ve qui essaie de le faire, vienne au bureau, et ait \u00e0 lire un texte que personne ne peut lire des yeux en m\u00eame temps, soit parce qu&rsquo;ils ne l&rsquo;ont jamais lu (la meilleure situation !), soit parce qu&rsquo;ils ne le regardent pas, l&rsquo;objectif \u00e9tant qu&rsquo;en \u00e9coutant, ils entendent et comprennent ce qui vient d&rsquo;\u00eatre ainsi lu. C&rsquo;est le degr\u00e9 de compr\u00e9hension du texte par les auditeurs, sans autre connaissance du texte, qui doit servir d&rsquo;indicateur de la qualit\u00e9 de la lecture orale.<\/p>\n\n\n\n<p class=\"wp-block-paragraph\">Bien s\u00fbr, cette situation va se heurter aux <strong>diverses formes de timidit\u00e9 des \u00e9l\u00e8ves<\/strong>, dont beaucoup r\u00e9pugnent \u00e0 ce genre d&rsquo;exhibition. Aussi est-il n\u00e9cessaire de <strong>mettre en place des s\u00e9ances d&rsquo;apprentissage des moyens de surmonter ce genre de peur<\/strong>. Le travail avec les pairs, et les responsabilit\u00e9s de groupe sont des aides pr\u00e9cieuses sur ce point, avec les apprentissages pr\u00e9vus plus haut, et <strong>un r\u00e9el travail corporel, en liaison avec l&rsquo;EPS<\/strong>.<br>O\u00f9 l&rsquo;on voit <strong>combien il est n\u00e9cessaire de travailler de fa\u00e7on transdisciplinaire<\/strong> : c&rsquo;est relativement facile \u00e0 l&rsquo;\u00e9cole primaire. Au coll\u00e8ge, ce devrait \u00eatre une excellente occasion de sortir un peu du cloisonnement disciplinaire si catastrophique, pour les \u00e9l\u00e8ves.<\/p>\n\n\n\n<p class=\"wp-block-paragraph\">C&rsquo;est ainsi, et seulement ainsi, que l&rsquo;\u00e9crit pourra \u00ab\u00a0sonner\u00a0\u00bb, par la diction du par c\u0153ur, ou la lecture \u00e0 voix haute.<br>En fait, je pense que seule la lecture \u00e0 voix haute s&rsquo;impose, pour \u00e9viter le \u00ab\u00a0par c\u0153ur\u00a0\u00bb pur et dur \u2014 le \u00ab\u00a0pur et dur\u00a0\u00bb \u00e9tant toujours \u00e0 \u00e9viter, dans la vie, comme source de difficult\u00e9s parfaitement inutiles.<br>Je suis profond\u00e9ment convaincue, que lancer, face au public, un \u00e9l\u00e8ve, avec sa seule m\u00e9moire, que brouille immanquablement le stress de la situation, est une des formes du fameux sadisme scolaire, dont l&rsquo;\u00e9cole est tristement friande.<br><strong>Je dis que si un \u00e9l\u00e8ve, quel que soit son \u00e2ge, doit dire un texte po\u00e9tique ou autre, en public, il DOIT AVOIR LE DROIT d&rsquo;avoir le texte \u00e0 la main. Qu&rsquo;il s&rsquo;en serve ou non, c&rsquo;est son probl\u00e8me, mais il doit avoir les moyens de le r\u00e9soudre, en cas de n\u00e9cessit\u00e9 impr\u00e9vue.<\/strong><\/p>\n\n\n\n<p class=\"wp-block-paragraph\">Si l&rsquo;on cherche la coh\u00e9rence de ces propos, dont certains sont franchement contraires aux habitudes de l&rsquo;\u00e9cole, on peut dire qu&rsquo;elle r\u00e9side dans la prise en compte de deux soucis :<\/p>\n\n\n\n<p class=\"wp-block-paragraph\"><\/p>\n\n\n\n<ul class=\"wp-block-list\"><li>\u00c9viter le non-sens de certaines situations scolaires (faire lire \u00e0 haute voix un texte que tout le monde a sous les yeux, mettant les \u00e9l\u00e8ves en situation fort difficile ; car la lecture des yeux est environ dix fois plus rapide que la lecture parl\u00e9e).<\/li><li>Respecter la personne de l&rsquo;\u00e9l\u00e8ve, un \u00eatre humain, et lui \u00e9viter des difficult\u00e9s inutiles, voire des souffrances inadmissibles.<\/li><li>D&rsquo;aucuns penseront que c&rsquo;est la moindre des choses et que cela allait de soi.<\/li><li>J&rsquo;aimerais que ce soit le cas de tous.<\/li><\/ul>\n\n\n\n<p class=\"has-text-align-right wp-block-paragraph\">Eveline Charmeux, professeur-formateur honoraire de fran\u00e7ais, ex-chercheur \u00e0 l\u2019INRP. <strong><a href=\"https:\/\/www.charmeux.fr\/blog\/index.php?2022\/06\/11\/505-pour-qui-sonne-l-ecrit\">Sur son blog.<\/a><\/strong><\/p>\n","protected":false},"excerpt":{"rendered":"<p>Par Eveline Charmeux, professeur-formateur honoraire de fran\u00e7ais, ex-chercheur \u00e0 l\u2019INRP.\u00a0Publi\u00e9 dans Savoirs \u00e9mancipateurs. Avant-propos Dans une lointaine ann\u00e9e, (1977 !), parut un ouvrage, \u00e9crit \u00e0 quatre (Laurence Lentin, Christiane Clesse, Jean H\u00e9brard, et Isabelle Jan), qui s&rsquo;intitulait \u00ab\u00a0du parler au lire\u00a0\u00bb (ESF).Leur hypoth\u00e8se \u00e9tait, qu&rsquo;avant d&rsquo;\u00eatre un bon lecteur, l&rsquo;enfant devait d&rsquo;abord \u00eatre un \u00ab\u00a0bon&hellip; <a class=\"more-link\" href=\"https:\/\/education-bien-commun.fr\/?p=6223\">Lire la suite <span class=\"screen-reader-text\">Pour qui sonne l&rsquo;\u00e9crit ?<\/span><\/a><\/p>\n","protected":false},"author":3,"featured_media":0,"comment_status":"open","ping_status":"open","sticky":true,"template":"","format":"standard","meta":{"_jetpack_newsletter_access":"","_jetpack_dont_email_post_to_subs":false,"_jetpack_newsletter_tier_id":0,"_jetpack_memberships_contains_paywalled_content":false,"_jetpack_feature_clip_id":0,"_jetpack_memberships_contains_paid_content":false,"footnotes":"","jetpack_post_was_ever_published":false},"categories":[5,6,22,44,47,59,61,67,75,85,92],"tags":[],"class_list":["post-6223","post","type-post","status-publish","format-standard","hentry","category-apprentissage","category-apprentissage-de-la-lecture","category-construction-du-savoir","category-emancipation","category-enseignement","category-formation-des-enseignants","category-gestion-des-emotions","category-lecture","category-pedagogie","category-promotion-collective","category-savoirs"],"jetpack_sharing_enabled":true,"jetpack_featured_media_url":"","_links":{"self":[{"href":"https:\/\/education-bien-commun.fr\/index.php?rest_route=\/wp\/v2\/posts\/6223","targetHints":{"allow":["GET"]}}],"collection":[{"href":"https:\/\/education-bien-commun.fr\/index.php?rest_route=\/wp\/v2\/posts"}],"about":[{"href":"https:\/\/education-bien-commun.fr\/index.php?rest_route=\/wp\/v2\/types\/post"}],"author":[{"embeddable":true,"href":"https:\/\/education-bien-commun.fr\/index.php?rest_route=\/wp\/v2\/users\/3"}],"replies":[{"embeddable":true,"href":"https:\/\/education-bien-commun.fr\/index.php?rest_route=%2Fwp%2Fv2%2Fcomments&post=6223"}],"version-history":[{"count":0,"href":"https:\/\/education-bien-commun.fr\/index.php?rest_route=\/wp\/v2\/posts\/6223\/revisions"}],"wp:attachment":[{"href":"https:\/\/education-bien-commun.fr\/index.php?rest_route=%2Fwp%2Fv2%2Fmedia&parent=6223"}],"wp:term":[{"taxonomy":"category","embeddable":true,"href":"https:\/\/education-bien-commun.fr\/index.php?rest_route=%2Fwp%2Fv2%2Fcategories&post=6223"},{"taxonomy":"post_tag","embeddable":true,"href":"https:\/\/education-bien-commun.fr\/index.php?rest_route=%2Fwp%2Fv2%2Ftags&post=6223"}],"curies":[{"name":"wp","href":"https:\/\/api.w.org\/{rel}","templated":true}]}}