{"id":6541,"date":"2022-11-15T18:38:07","date_gmt":"2022-11-15T17:38:07","guid":{"rendered":"https:\/\/educationbiencommun.fr\/?p=6541"},"modified":"2022-11-15T18:38:07","modified_gmt":"2022-11-15T17:38:07","slug":"biennale-2022-pour-leducation-nouvelle-convergences","status":"publish","type":"post","link":"https:\/\/education-bien-commun.fr\/?p=6541","title":{"rendered":"Biennale 2022 pour l\u2019Education nouvelle : Convergence(s)"},"content":{"rendered":"\n<p class=\"wp-block-paragraph\"><\/p>\n\n\n\n<p class=\"wp-block-paragraph\"><strong>&nbsp;3\u00e8me Biennale internationale de l\u2019Education Nouvelle<\/strong>&nbsp;du 29 octobre au 1er novembre 2022, \u00e0 Bruxelles !<\/p>\n\n\n\n<p class=\"wp-block-paragraph\">20 d\u00e9bats, enjeux pour nos soci\u00e9t\u00e9s sur des questions vives concernant l&rsquo;Education Nouvelle.<\/p>\n\n\n\n<p class=\"wp-block-paragraph\">Notes de Philippe Meirieu, professeur honoraire en sciences de l\u2019\u00e9ducation, pr\u00e9sident des CEMEA. Publi\u00e9 dans Syst\u00e8me \u00e9ducatif.<\/p>\n\n\n\n<p class=\"wp-block-paragraph\">\u00ab\u00a0De nombreux ateliers et d\u00e9bats ont \u00e9t\u00e9 consacr\u00e9s au changement de paradigme \u00e9voqu\u00e9 dans ce site educationbiencommun ; dans les \u00e9changes, beaucoup ont soulign\u00e9 qu\u2019on ne pouvait plus se contenter de r\u00e9parer, tant bien que mal, le syst\u00e8me ancien mais qu\u2019il fallait penser un syst\u00e8me nouveau. Mais, pour que cela soit possible et ait un impact r\u00e9el, il nous faut un peu plus que des appels, m\u00eame sign\u00e9s par des personnalit\u00e9s prestigieuses\u2026 il nous faut construire de nouvelles alliances, rendre notre parole audible et faire en sorte que nos propositions soit suffisamment concr\u00e8tes et pr\u00e9cises pour ne pas \u00eatre rejet\u00e9es imm\u00e9diatement par les \u00ab&nbsp;r\u00e9alistes&nbsp;\u00bb de tous poils.\u00a0\u00bb <\/p>\n\n\n\n<p class=\"has-text-align-center wp-block-paragraph\"><strong><a href=\"https:\/\/convergences-educnouv.org\/enjeux-pour-nos-societes\/\">Sur la page Enjeux pour nos soci\u00e9t\u00e9s<\/a><\/strong> :<\/p>\n\n\n\n<figure class=\"wp-block-image size-large\"><img loading=\"lazy\" decoding=\"async\" width=\"1220\" height=\"576\" src=\"https:\/\/education-bien-commun.fr\/wp-content\/uploads\/2022\/11\/capture-decran-2022-11-15-a-18.20.23.png?w=1024\" alt=\"\" class=\"wp-image-6577\" srcset=\"https:\/\/education-bien-commun.fr\/wp-content\/uploads\/2022\/11\/capture-decran-2022-11-15-a-18.20.23.png 1220w, https:\/\/education-bien-commun.fr\/wp-content\/uploads\/2022\/11\/capture-decran-2022-11-15-a-18.20.23-300x142.png 300w, https:\/\/education-bien-commun.fr\/wp-content\/uploads\/2022\/11\/capture-decran-2022-11-15-a-18.20.23-1024x483.png 1024w, https:\/\/education-bien-commun.fr\/wp-content\/uploads\/2022\/11\/capture-decran-2022-11-15-a-18.20.23-768x363.png 768w\" sizes=\"auto, (max-width: 1220px) 100vw, 1220px\" \/><\/figure>\n\n\n\n<h3 class=\"has-text-align-center wp-block-heading\"><mark style=\"background-color:rgba(0, 0, 0, 0);\" class=\"has-inline-color has-luminous-vivid-orange-color\">Nombreux \u00e9chos de la biennale, y compris des vid\u00e9os<\/mark><\/h3>\n\n\n\n<p class=\"has-text-align-center wp-block-paragraph\"><strong><mark style=\"background-color:rgba(0, 0, 0, 0);\" class=\"has-inline-color has-luminous-vivid-orange-color\">Sur le site de Convergence(s)<\/mark><\/strong><\/p>\n\n\n\n<p class=\"wp-block-paragraph\"><strong><a href=\"https:\/\/convergences-educnouv.org\/la-seance-douverture-de-la-biennale-2022-a-bruxelles\/\">S\u00e9ance d&rsquo;ouverture de la Biennale.<\/a><\/strong> Avec l&rsquo;intervention de Bernard Charlot, p\u00e9dagogue et chercheur en sciences de l&rsquo;\u00e9ducation, professeur honoraire de sciences de l&rsquo;\u00e9ducation \u00e0 l&rsquo;universit\u00e9 de Paris 8. Conf\u00e9rence : \u00ab\u00a0L&rsquo;\u00eatre humain est une aventure. Pour une anthropo-p\u00e9dagogie contemporaine\u00a0\u00bb. A 0:45 Et lire sous la vid\u00e9o le texte de sa Conf\u00e9rence.<\/p>\n\n\n\n<p class=\"wp-block-paragraph\">Son livre : <strong>CHARLOT Bernard.&nbsp;<em>\u00c9ducation ou barbarie. Pour une anthropo-p\u00e9dagogie contemporaine<\/em><\/strong>&#8211; Publi\u00e9 en 2020<\/p>\n\n\n\n<p class=\"wp-block-paragraph\">\u00ab\u00a0Dans son dernier ouvrage, Bernard Charlot, dans le prolongement de ses recherches engag\u00e9es depuis plus de quarante ans sur la p\u00e9dagogie, l\u2019\u00e9cole et les rapports diff\u00e9renci\u00e9s des \u00e9l\u00e8ves aux savoirs, dresse le constat alarmant d\u2019un silence actuel sur l\u2019\u00e9ducation et ses finalit\u00e9s. La n\u00e9cessit\u00e9 de l\u2019\u00e9ducation est pourtant un enjeu majeur pour l\u2019humanit\u00e9, comme son titre l\u2019annonce d\u2019embl\u00e9e,\u00a0<em>\u00c9ducation ou barbarie<\/em>\u00ab\u00a0. <strong><a href=\"https:\/\/www.cairn.info\/revue-francaise-de-pedagogie-2020-4-page-149.htm\">Lire l&rsquo;article ici.<\/a><\/strong><\/p>\n\n\n\n<p class=\"wp-block-paragraph\"><strong><a href=\"https:\/\/fr.calameo.com\/books\/005945050d2697614195d\">Lire l&rsquo;introduction du livre de Bernard Chalot ici sur Calameo<\/a><\/strong>.<\/p>\n\n\n\n<p class=\"has-text-align-center wp-block-paragraph\">***<\/p>\n\n\n\n<p class=\"wp-block-paragraph\"><strong><a href=\"https:\/\/convergences-educnouv.org\/la-seance-de-cloture-avec-lintervention-de-laurence-de-cock-et-philippe-meirieu\/\">S\u00e9ance de cl\u00f4ture.<\/a><\/strong> Avec l&rsquo;intervention de Laurence de Cock et de Philippe Meirieu. Et un diaporama \u00ab\u00a01921-2022 De la LIEN \u00e0 Convergence(s).<\/p>\n\n\n\n<p class=\"wp-block-paragraph\"><strong><a href=\"https:\/\/convergences-educnouv.org\/enjeux-pour-nos-societes\/\">Enjeux pour nos soci\u00e9t\u00e9s.<\/a><\/strong> <\/p>\n\n\n\n<p class=\"wp-block-paragraph\"><strong><a href=\"https:\/\/convergences-educnouv.org\/perspectives-pour-construireconvergences-pour-leducation-nouvelle\/\">Perspectives pour construire des convergences pour l&rsquo;Education nouvelle<\/a><\/strong><\/p>\n\n\n\n<p class=\"wp-block-paragraph\">20 &#8211; <strong>Convergence(s) pour l\u2019\u00c9ducation Nouvelle&nbsp;: une aventure qui d\u00e9bute.<\/strong><\/p>\n\n\n\n<p class=\"wp-block-paragraph\">\u00ab\u00a0Lors de la cl\u00f4ture de la Biennale, Enrico BOTTERO et Olivia GAULT ont pr\u00e9sent\u00e9 les principaux \u00e9l\u00e9ments de synth\u00e8se des \u00e9changes du d\u00e9bat n\u00b020 en appui sur le texte ci-dessous. Celui-ci indique quelques perspectives politiques et pragmatiques sur lesquelles nous devons engager un travail collectif afin de construire le devenir de Convergence(s) pour l\u2019Education Nouvelle. Les modalit\u00e9s de cette mise au travail seront pr\u00e9cis\u00e9es dans les prochaines semaines\u00a0\u00bb.<\/p>\n\n\n\n<p class=\"has-text-align-center wp-block-paragraph\">***<\/p>\n\n\n\n<p class=\"has-text-align-center wp-block-paragraph\"><mark style=\"background-color:rgba(0, 0, 0, 0);\" class=\"has-inline-color has-luminous-vivid-orange-color\">Sur M\u00e9diapart<\/mark><\/p>\n\n\n\n<p class=\"wp-block-paragraph\"><strong><a href=\"https:\/\/blogs.mediapart.fr\/convergences-pour-leducation-nouvelle\">sur le blog de Mediapart&nbsp;<\/a><\/strong><\/p>\n\n\n\n<p class=\"wp-block-paragraph\"><\/p>\n\n\n\n<p class=\"has-text-align-right wp-block-paragraph\">Philippe Meirieu, professeur honoraire en sciences de l\u2019\u00e9ducation, <\/p>\n\n\n\n<p class=\"has-text-align-right wp-block-paragraph\">pr\u00e9sident des CEMEA.<\/p>\n","protected":false},"excerpt":{"rendered":"<p>&nbsp;3\u00e8me Biennale internationale de l\u2019Education Nouvelle&nbsp;du 29 octobre au 1er novembre 2022, \u00e0 Bruxelles ! 20 d\u00e9bats, enjeux pour nos soci\u00e9t\u00e9s sur des questions vives concernant l&rsquo;Education Nouvelle. Notes de Philippe Meirieu, professeur honoraire en sciences de l\u2019\u00e9ducation, pr\u00e9sident des CEMEA. Publi\u00e9 dans Syst\u00e8me \u00e9ducatif. \u00ab\u00a0De nombreux ateliers et d\u00e9bats ont \u00e9t\u00e9 consacr\u00e9s au changement&hellip; <a class=\"more-link\" href=\"https:\/\/education-bien-commun.fr\/?p=6541\">Lire la suite <span class=\"screen-reader-text\">Biennale 2022 pour l\u2019Education nouvelle : Convergence(s)<\/span><\/a><\/p>\n","protected":false},"author":3,"featured_media":0,"comment_status":"open","ping_status":"open","sticky":true,"template":"","format":"standard","meta":{"_jetpack_newsletter_access":"","_jetpack_dont_email_post_to_subs":false,"_jetpack_newsletter_tier_id":0,"_jetpack_memberships_contains_paywalled_content":false,"_jetpack_feature_clip_id":0,"_jetpack_memberships_contains_paid_content":false,"footnotes":"","jetpack_post_was_ever_published":false},"categories":[5,9,14,16,24,40,44,46,53,57,65,66,71,75,78,81,85,86,88,90,92,93,94,96,97],"tags":[],"class_list":["post-6541","post","type-post","status-publish","format-standard","hentry","category-apprentissage","category-bien-commun","category-citoyennete","category-co-education","category-cooperation","category-education-populaire","category-emancipation","category-enfant","category-esprit-critique","category-finalite-du-systeme-educatif","category-inegalites","category-innovation","category-methodes-actives","category-pedagogie","category-penser","category-politique-educative","category-promotion-collective","category-rechauffement-climatique","category-recherche-action","category-rythmes","category-savoirs","category-societe-educatrice","category-solidarite","category-systeme-educatif","category-transition-ecologique"],"jetpack_sharing_enabled":true,"jetpack_featured_media_url":"","_links":{"self":[{"href":"https:\/\/education-bien-commun.fr\/index.php?rest_route=\/wp\/v2\/posts\/6541","targetHints":{"allow":["GET"]}}],"collection":[{"href":"https:\/\/education-bien-commun.fr\/index.php?rest_route=\/wp\/v2\/posts"}],"about":[{"href":"https:\/\/education-bien-commun.fr\/index.php?rest_route=\/wp\/v2\/types\/post"}],"author":[{"embeddable":true,"href":"https:\/\/education-bien-commun.fr\/index.php?rest_route=\/wp\/v2\/users\/3"}],"replies":[{"embeddable":true,"href":"https:\/\/education-bien-commun.fr\/index.php?rest_route=%2Fwp%2Fv2%2Fcomments&post=6541"}],"version-history":[{"count":0,"href":"https:\/\/education-bien-commun.fr\/index.php?rest_route=\/wp\/v2\/posts\/6541\/revisions"}],"wp:attachment":[{"href":"https:\/\/education-bien-commun.fr\/index.php?rest_route=%2Fwp%2Fv2%2Fmedia&parent=6541"}],"wp:term":[{"taxonomy":"category","embeddable":true,"href":"https:\/\/education-bien-commun.fr\/index.php?rest_route=%2Fwp%2Fv2%2Fcategories&post=6541"},{"taxonomy":"post_tag","embeddable":true,"href":"https:\/\/education-bien-commun.fr\/index.php?rest_route=%2Fwp%2Fv2%2Ftags&post=6541"}],"curies":[{"name":"wp","href":"https:\/\/api.w.org\/{rel}","templated":true}]}}