{"id":6805,"date":"2022-12-31T04:12:54","date_gmt":"2022-12-31T03:12:54","guid":{"rendered":"https:\/\/educationbiencommun.fr\/?p=6805"},"modified":"2022-12-31T04:12:54","modified_gmt":"2022-12-31T03:12:54","slug":"des-recherches-actions-pour-une-ecole-emancipatrice","status":"publish","type":"post","link":"https:\/\/education-bien-commun.fr\/?p=6805","title":{"rendered":"Des recherches-actions pour une Ecole \u00e9mancipatrice"},"content":{"rendered":"\n<p class=\"wp-block-paragraph\"><\/p>\n\n\n\n<p class=\"wp-block-paragraph\">Par Jean Foucambert, pr\u00e9sident de l&rsquo;AFL. Publi\u00e9 dans Syst\u00e8me \u00e9ducatif.<\/p>\n\n\n\n<p class=\"has-text-align-center wp-block-paragraph\">***<\/p>\n\n\n\n<h3 class=\"wp-block-heading has-text-align-center\"><mark style=\"background-color:rgba(0, 0, 0, 0)\" class=\"has-inline-color has-luminous-vivid-orange-color\">XIX\u00b0 si\u00e8cle : Jules Ferry, une \u00e9cole gratuite, la\u00efque et obligatoire de 6 \u00e0 13 ans<\/mark><\/h3>\n\n\n\n<p class=\"wp-block-paragraph\">Les \u00e9coles de Jules Ferry ont \u00e9t\u00e9 ouvertes voici 140 ans en devenant obligatoires pour le peuple. Jusque-l\u00e0, globalement, l\u2019instruction d\u00e9pendait de la volont\u00e9 des familles, de leurs moyens, de leurs traditions et de leurs besoins. Dans les milieux ais\u00e9s, elle \u00e9tait confi\u00e9e \u00e0 des institutions priv\u00e9es ou \u00e0 des pr\u00e9cepteurs. Dans les milieux populaires, en grande majorit\u00e9 ruraux, se transmettaient <em>sur le tas<\/em> \u2013 hors de toute \u00e9cole \u2013 les savoir-faire n\u00e9cessaires \u00e0 l\u2019accomplissement des t\u00e2ches auxquelles les enfants \u00e9taient associ\u00e9s ainsi que les savoirs construits in\u00e9vitablement dans leur <em>vivre ensemble<\/em> sans lesquels il ne peut y avoir de vie collective. \u00c0 cela s\u2019ajoutait la pr\u00e9sence vigilante d\u2019un clerg\u00e9 charg\u00e9 par les classes dominantes de pr\u00eacher la r\u00e9signation en renvoyant tout espoir apr\u00e8s un dernier jugement&#8230;<\/p>\n\n\n\n<p class=\"wp-block-paragraph\">Toutefois, les 72 jours de la Commune de Paris avaient durablement marqu\u00e9 les esprits&nbsp;: du c\u00f4t\u00e9 de la bourgeoisie industrielle, par une immense frayeur que n\u2019apaisa pas le massacre ou l\u2019exil de plusieurs dizaines de milliers de Communards et qui la persuada que, si rien n\u2019\u00e9tait fait, il faudrait recommencer dans quelques ann\u00e9es&nbsp;; du c\u00f4t\u00e9 populaire, par la multiplication des Bourses du Travail ayant pour objectif la formation d\u2019une classe ouvri\u00e8re autonome. Une tactique&nbsp;: l\u2019action directe, une strat\u00e9gie&nbsp;: la gr\u00e8ve g\u00e9n\u00e9rale. Pour Fernand Pelloutier, l\u2019un des principaux initiateurs de leur \u00e9closion, elles apparaissent comme le seul instrument de lutte, d\u2019\u00e9ducation et d\u2019\u00e9mancipation r\u00e9volutionnaire. Elles repr\u00e9sentaient une contre-soci\u00e9t\u00e9 t\u00e9moignant de la capacit\u00e9 de la classe ouvri\u00e8re de prendre la soci\u00e9t\u00e9 en main.<\/p>\n\n\n\n<p class=\"wp-block-paragraph\">Ni pour les uns ni pour les autres, il n\u2019y avait de temps \u00e0 perdre. <\/p>\n\n\n\n<p class=\"wp-block-paragraph\">En 1881-82, Jules Ferry (bient\u00f4t pr\u00e9sident du conseil) d\u00e9finit pour le peuple une \u00e9cole gratuite, la\u00efque et obligatoire de 6 \u00e0 13 ans afin, assure-t-il, de <strong>\u00ab\u00a0<em>fermer l\u2019\u00e8re des r\u00e9volutions<\/em>\u00a0\u00bb<\/strong> et de <em>(con)<\/em>former la force de travail dont la bourgeoisie industrielle avait besoin. Cette institution mettra une vingtaine d\u2019ann\u00e9es \u00e0 s\u2019installer et d\u00e8s 1902 il n\u2019est plus question pour <strong>les Hussards Noirs de la r\u00e9publique<\/strong> d\u2019en contester la raison d\u2019\u00eatre. Il leur faut simplement lutter pour accro\u00eetre les moyens de ce qu\u2019ils per\u00e7oivent d\u00e9sormais comme le moins mauvais outil de r\u00e9duction de l\u2019in\u00e9galit\u00e9 sociale&#8230;<\/p>\n\n\n\n<p class=\"wp-block-paragraph\">Jules Ferry n\u2019avait cess\u00e9 de r\u00e9p\u00e9ter, en mati\u00e8re coloniale, qu\u2019il y avait pour les races sup\u00e9rieures \u00ab\u00a0<em>le droit et le devoir de civiliser les races inf\u00e9rieures<\/em>.\u00a0\u00bb\u00a0; il pensait assur\u00e9ment de m\u00eame \u00e0 propos des <em>classes sociales\u00a0<\/em>: aux privil\u00e9gi\u00e9es revient le droit d\u2019instruire les milieux populaires. Bien peu de citoyens (\u00e0 part, dans le primaire, <strong>Freinet et son <em>\u00c9ducation prol\u00e9tarienne<\/em><\/strong>) ont pu s\u2019impliquer, au cours du vingti\u00e8me si\u00e8cle, dans la recherche de ce que pourrait \u00eatre l\u2019\u00e9cole d\u2019une soci\u00e9t\u00e9 \u00ab\u00a0sans classes\u00a0\u00bb, soucieux qu\u2019ils \u00e9taient que les pauvres r\u00e9ussissent aussi bien que les riches dans l\u2019\u00e9cole de Jules Ferry\u00a0; mais sans en changer le fondement&#8230; Les exp\u00e9rimentations d\u2019un autre syst\u00e8me scolaire \u2013 \u00a0telles que\u00a0 <strong>les classes nouvelles de Gustave Monod <\/strong>\u2013 ont surtout concern\u00e9 le second degr\u00e9. En effet, d\u00e8s 1945, des coll\u00e8ges et des lyc\u00e9es les accueillirent de la 6<sup>\u00e8me<\/sup> \u00e0 la 3<sup>\u00e8me<\/sup> sur le principe du travail en \u00e9quipes des \u00e9l\u00e8ves et des enseignants, d\u2019une p\u00e9dagogie active, de l\u2019\u00e9tude du milieu, du travail manuel et de l\u2019ouverture sur l\u2019ext\u00e9rieur. Au total plus de 18000 \u00e9l\u00e8ves auront fr\u00e9quent\u00e9 les 750 classes regroup\u00e9es dans 200 \u00e9tablissements. L\u2019exp\u00e9rience r\u00e9ussie cessa en 1952 sous le pr\u00e9texte de l\u2019\u00e9tendre \u00e0 toutes les classes&#8230; \u00a0<\/p>\n\n\n\n<h3 class=\"wp-block-heading has-text-align-center\"><mark style=\"background-color:rgba(0, 0, 0, 0)\" class=\"has-inline-color has-luminous-vivid-orange-color\">Le plan Langevin-Wallon<\/mark><\/h3>\n\n\n\n<p class=\"wp-block-paragraph\">En 1947, le plan Langevin-Wallon \u00e9tait paru alors que les ministres communistes venaient d\u2019\u00eatre exclus du second gouvernement Ramadier et peu avant que commencent la Guerre froide, le plan Marshall et la guerre d\u2019Indochine. Dans ce nouveau contexte politique, ce plan resta lettre morte bien qu\u2019ayant \u00e9t\u00e9 reconnu comme le <strong>seul projet global de transformation d\u2019un syst\u00e8me \u00e9ducatif conforme\u00a0\u00e0 ce qu\u2019avait demand\u00e9 le Conseil National de la R\u00e9sistance e<\/strong>n mars 1944. <\/p>\n\n\n\n<p class=\"wp-block-paragraph\">Il pr\u00e9voyait <strong>un corps professoral unique de la maternelle \u00e0 l\u2019universit\u00e9 pour un enseignement gratuit, la\u00efque et obligatoire jusqu\u2019\u00e0 18 ans<\/strong>, commun aux trois cycles du premier degr\u00e9 ainsi qu\u2019<strong>un pr\u00e9salaire pour tous les \u00e9l\u00e8ves au-del\u00e0 de 15 ans<\/strong>.<\/p>\n\n\n\n<p class=\"wp-block-paragraph\"><\/p>\n\n\n\n<h3 class=\"wp-block-heading has-text-align-center\"><mark style=\"background-color:rgba(0, 0, 0, 0)\" class=\"has-inline-color has-luminous-vivid-orange-color\">L&rsquo;IPN (Institut P\u00e9dagogique National) <\/mark><\/h3>\n\n\n\n<h3 class=\"wp-block-heading has-text-align-center\"><mark style=\"background-color:rgba(0, 0, 0, 0)\" class=\"has-inline-color has-luminous-vivid-orange-color\">puis l&rsquo;INRP (Institut National de la Recherche P\u00e9dagogique)<\/mark><\/h3>\n\n\n\n<p class=\"wp-block-paragraph\">C\u2019est <strong>Roger Gal, secr\u00e9taire du GFEN<\/strong> et membre de la commission Langevin-Wallon qui, avec Louis Cros, s\u2019en inspira afin de transformer l\u2019ancien Mus\u00e9e p\u00e9dagogique en Institut P\u00e9dagogique National. <\/p>\n\n\n\n<p class=\"wp-block-paragraph\">\u00c0 sa mort en 1966, <strong>Louis Legrand<\/strong> poursuivit son action pour faire reconna\u00eetre la n\u00e9cessit\u00e9 d\u2019un laboratoire d\u2019exp\u00e9riences et de recherches en mati\u00e8re d\u2019\u00e9ducation nouvelle. En 1972, il cr\u00e9a \u00e0 l\u2019<strong>INRP<\/strong> une unit\u00e9 nouvelle afin de <strong>rechercher d\u2019autres organisations de l\u2019\u00e9cole \u00e9l\u00e9mentaire<\/strong> et recruta une petite centaine d\u2019\u00e9tablissements dont la totalit\u00e9 des enseignants devaient travailler en \u00e9quipe et ne plus d\u00e9pendre pour leur exp\u00e9rimentation des structures p\u00e9dagogiques ordinaires. Ils constitu\u00e8rent au niveau <em>national<\/em> une seule circonscription ayant \u00e0 sa t\u00eate, comme les circonscriptions d\u00e9partementales, un \u00ab\u00a0inspecteur\u00a0\u00bb de terrain afin de ne pas laisser l\u2019universit\u00e9 s\u2019en emparer.<\/p>\n\n\n\n<p class=\"has-text-align-center wp-block-paragraph\">Louis Legrand voulait <\/p>\n\n\n\n<ul class=\"wp-block-list\">\n<li>que ces \u00e9coles primaires inventent \u00e0 leur mani\u00e8re <strong>une organisation globale nouvelle,<\/strong> <\/li>\n\n\n\n<li>produisent leurs propres <strong>outils d\u2019\u00e9valuation<\/strong> <\/li>\n\n\n\n<li>et la fassent \u00e9voluer <strong>en liaison avec les autres \u00e9ducateurs de leur environnement<\/strong>, <\/li>\n\n\n\n<li>donc de rompre avec la confiscation de l\u2019instruction op\u00e9r\u00e9e par le syst\u00e8me Jules Ferry\u00a0; <\/li>\n\n\n\n<li>en un mot qu\u2019elles s\u2019ouvrent et travaillent avec <strong>tous les autres lieux sociaux <\/strong>o\u00f9 les jeunes construisent au quotidien leurs savoirs. <\/li>\n<\/ul>\n\n\n\n<p class=\"has-text-align-center wp-block-paragraph\">Il sera en 1979 chass\u00e9 <em>manu militari<\/em> de l\u2019INRP par Ren\u00e9 Haby, ministre de droite\u00a0; il n\u2019y reviendra plus.<\/p>\n\n\n\n<p class=\"has-text-align-center wp-block-paragraph\"><\/p>\n\n\n\n<h3 class=\"wp-block-heading has-text-align-center\"><mark style=\"background-color:rgba(0, 0, 0, 0)\" class=\"has-inline-color has-luminous-vivid-orange-color\">\u00ab\u00a0La fin de la r\u00e9cr\u00e9ation\u00a0\u00bb<\/mark><\/h3>\n\n\n\n<p class=\"wp-block-paragraph\">En 1984, apr\u00e8s la <strong>relative embellie des ann\u00e9es Savary<\/strong>, un ministre de gauche, <strong>JP Chev\u00e8nement,<\/strong> d\u00e9cidera qu\u2019il \u00ab\u00a0<em>fallait siffler la fin de la r\u00e9cr\u00e9ation<\/em>\u00a0\u00bb, de l\u2019inqui\u00e9tante <em>re-cr\u00e9ation<\/em>,\u00a0et revenir au plus vite aux m\u00e9thodes d\u2019alphab\u00e9tisation centenaires du <em>lire-\u00e9crire-compter<\/em> dont on n\u2019ignorait pourtant pas leur incapacit\u00e9 de former des lecteurs. Mais peut-\u00eatre \u00e9tait-ce, et est encore, leur int\u00e9r\u00eat\u00a0? <strong>Lire des consignes, oui mais lire entre les lignes est trop dangereux pour le donner \u00e0 tout le monde<\/strong>&#8230; <\/p>\n\n\n\n<p class=\"wp-block-paragraph\">Sur les conseils de Louis Legrand, une trentaine d\u2019\u00e9coles exp\u00e9rimentales avait eu le temps de reprendre \u2013 en la d\u00e9tournant \u2013 une association p\u00e9dagogique existante afin de se mettre \u00e0 l\u2019abri de l\u2019immanquable restriction budg\u00e9taire \u00e0 venir en diffusant des outils p\u00e9dagogiques favorisant une meilleure ma\u00eetrise de l\u2019\u00e9crit. <strong>L\u2019AFL ( Association Fran\u00e7aise pour la lecture) put ainsi diversifier encore pendant une bonne vingtaine d\u2019ann\u00e9es des <em>Recherches-Actions<\/em> <\/strong>afin de mieux comprendre les conditions d\u2019une \u00e9cole r\u00e9ellement \u00e9mancipatrice et y impliquer de nouveaux acteurs. Elle y a sans doute un peu r\u00e9ussi si on en juge <em>a contrario<\/em> \u00e0 l\u2019interdiction donn\u00e9e aux diff\u00e9rentes instances de l\u2019institution de se r\u00e9f\u00e9rer \u00e0 l\u2019AFL.<\/p>\n\n\n\n<h3 class=\"wp-block-heading has-text-align-center\"><mark style=\"background-color:rgba(0, 0, 0, 0)\" class=\"has-inline-color has-luminous-vivid-orange-color\">Et ses suites&#8230;<\/mark><\/h3>\n\n\n\n<p class=\"wp-block-paragraph\">75 ann\u00e9es de vie politique ont suivi le rejet du Plan Langevin-Wallon. <\/p>\n\n\n\n<p class=\"wp-block-paragraph\">L\u2019INRP et l\u2019AFL ont tenu une place importante \u2013 aux c\u00f4t\u00e9s d\u2019autres instances \u2013 pour <strong>tenter de remplacer l\u2019illusoire \u00e9galit\u00e9 des chances<\/strong> de chacun d\u2019acc\u00e9der aux paliers sup\u00e9rieurs d\u2019<strong>une soci\u00e9t\u00e9 in\u00e9galitaire<\/strong> par une \u00e9ducation nouvelle les dotant tous, des outils intellectuels et des exigences morales pour qu\u2019ils inventent eux-m\u00eames une soci\u00e9t\u00e9 \u00e9galitaire. <\/p>\n\n\n\n<p class=\"wp-block-paragraph\">Comme l\u2019a dit <strong>Gaston Mialaret<\/strong> dans l\u2019hommage rendu \u00e0 Roger Gal en 1956, \u00ab\u00a0<em>ce n\u2019est pas la p\u00e9dagogie qui r\u00e9soudra les probl\u00e8mes \u00e9conomiques, sociaux ou politiques mais, sans elle, aucune am\u00e9lioration du destin humain ne peut \u00eatre durable.\u00a0<\/em>\u00bb<\/p>\n\n\n\n<p class=\"wp-block-paragraph\"><\/p>\n\n\n\n<p class=\"has-text-align-right wp-block-paragraph\">\u00ab&nbsp;<em>Songez<\/em>, dit Aragon, <em>qu\u2019on n\u2019arr\u00eate jamais de se battre&#8230;&nbsp;<\/em>\u00bb<\/p>\n\n\n\n<p class=\"has-text-align-right wp-block-paragraph\">Jean Foucambert<\/p>\n\n\n\n<p class=\"has-text-align-right wp-block-paragraph\"><em>&nbsp;Pr\u00e9sident de l\u2019AFL<\/em><\/p>\n","protected":false},"excerpt":{"rendered":"<p>Par Jean Foucambert, pr\u00e9sident de l&rsquo;AFL. Publi\u00e9 dans Syst\u00e8me \u00e9ducatif. *** XIX\u00b0 si\u00e8cle : Jules Ferry, une \u00e9cole gratuite, la\u00efque et obligatoire de 6 \u00e0 13 ans Les \u00e9coles de Jules Ferry ont \u00e9t\u00e9 ouvertes voici 140 ans en devenant obligatoires pour le peuple. Jusque-l\u00e0, globalement, l\u2019instruction d\u00e9pendait de la volont\u00e9 des familles, de leurs&hellip; <a class=\"more-link\" href=\"https:\/\/education-bien-commun.fr\/?p=6805\">Lire la suite <span class=\"screen-reader-text\">Des recherches-actions pour une Ecole \u00e9mancipatrice<\/span><\/a><\/p>\n","protected":false},"author":3,"featured_media":0,"comment_status":"open","ping_status":"open","sticky":true,"template":"","format":"standard","meta":{"_jetpack_newsletter_access":"","_jetpack_dont_email_post_to_subs":false,"_jetpack_newsletter_tier_id":0,"_jetpack_memberships_contains_paywalled_content":false,"_jetpack_feature_clip_id":0,"_jetpack_memberships_contains_paid_content":false,"footnotes":"","jetpack_post_was_ever_published":false},"categories":[5,6,37,42,44,47,57,58,62,65,71,75,81,83,85,88,96],"tags":[],"class_list":["post-6805","post","type-post","status-publish","format-standard","hentry","category-apprentissage","category-apprentissage-de-la-lecture","category-ecole","category-egalite-des-chances","category-emancipation","category-enseignement","category-finalite-du-systeme-educatif","category-formater","category-gratuite","category-inegalites","category-methodes-actives","category-pedagogie","category-politique-educative","category-pouvoir-politique","category-promotion-collective","category-recherche-action","category-systeme-educatif"],"jetpack_sharing_enabled":true,"jetpack_featured_media_url":"","_links":{"self":[{"href":"https:\/\/education-bien-commun.fr\/index.php?rest_route=\/wp\/v2\/posts\/6805","targetHints":{"allow":["GET"]}}],"collection":[{"href":"https:\/\/education-bien-commun.fr\/index.php?rest_route=\/wp\/v2\/posts"}],"about":[{"href":"https:\/\/education-bien-commun.fr\/index.php?rest_route=\/wp\/v2\/types\/post"}],"author":[{"embeddable":true,"href":"https:\/\/education-bien-commun.fr\/index.php?rest_route=\/wp\/v2\/users\/3"}],"replies":[{"embeddable":true,"href":"https:\/\/education-bien-commun.fr\/index.php?rest_route=%2Fwp%2Fv2%2Fcomments&post=6805"}],"version-history":[{"count":0,"href":"https:\/\/education-bien-commun.fr\/index.php?rest_route=\/wp\/v2\/posts\/6805\/revisions"}],"wp:attachment":[{"href":"https:\/\/education-bien-commun.fr\/index.php?rest_route=%2Fwp%2Fv2%2Fmedia&parent=6805"}],"wp:term":[{"taxonomy":"category","embeddable":true,"href":"https:\/\/education-bien-commun.fr\/index.php?rest_route=%2Fwp%2Fv2%2Fcategories&post=6805"},{"taxonomy":"post_tag","embeddable":true,"href":"https:\/\/education-bien-commun.fr\/index.php?rest_route=%2Fwp%2Fv2%2Ftags&post=6805"}],"curies":[{"name":"wp","href":"https:\/\/api.w.org\/{rel}","templated":true}]}}