{"id":7075,"date":"2023-02-26T15:13:46","date_gmt":"2023-02-26T14:13:46","guid":{"rendered":"https:\/\/educationbiencommun.fr\/?p=7075"},"modified":"2023-02-26T15:13:46","modified_gmt":"2023-02-26T14:13:46","slug":"enfants-objets-ou-sujets","status":"publish","type":"post","link":"https:\/\/education-bien-commun.fr\/?p=7075","title":{"rendered":"Enfants : objets ou sujets ?"},"content":{"rendered":"\n<p class=\"wp-block-paragraph\"><\/p>\n\n\n\n<p class=\"wp-block-paragraph\">Par Raymond Millot, ancien coordinateur des \u00e9coles ouvertes de la Villeneuve de Grenoble, \u00e0 l&rsquo;initiative de notre collectif Education bien commun. Publi\u00e9 dans \u00ab\u00a0El\u00e8ves, enfants\u00a0\u00bb.<\/p>\n\n\n\n<h3 class=\"wp-block-heading has-text-align-center\"><mark style=\"background-color:rgba(0, 0, 0, 0)\" class=\"has-inline-color has-luminous-vivid-orange-color\">Les enfants, des sujets<\/mark><\/h3>\n\n\n\n<p class=\"wp-block-paragraph\">Les enfants, comme tout&nbsp;<strong>le vivant<\/strong>, doivent \u00eatre trait\u00e9s comme&nbsp;<strong>des \u00ab&nbsp;sujets&nbsp;\u00bb qu\u2019on doit respecter et non des \u00ab&nbsp;objets&nbsp;\u00bb \u00e0 formater<\/strong>&nbsp;pour qu\u2019ils soient utiles (\u00e0 la famille, au pouvoir dominant etc. )<\/p>\n\n\n\n<p class=\"wp-block-paragraph\"><strong>Leur \u00e9ducation<\/strong>&nbsp;doit permettre le d\u00e9veloppement du potentiel de chacun d\u2019eux, de leur conscience des \u00ab&nbsp;biens communs&nbsp;\u00bb \u00e0 pr\u00e9server, de&nbsp; l\u2019extinction des esp\u00e8ces \u00e0 enrayer, du r\u00e9chauffement \u00e0 contenir et de la coop\u00e9ration n\u00e9cessaire pour y parvenir, des efforts n\u00e9cessaires pour substituer le progr\u00e8s qualitatif&nbsp;au progr\u00e8s quantitatif mortif\u00e8re<\/p>\n\n\n\n<p class=\"wp-block-paragraph\">Les discussions qui ont eu lieu dans diff\u00e9rents&nbsp;petits cercles, r\u00e9v\u00e8lent&nbsp; que&nbsp;<strong>poser syst\u00e9matiquement cette question<\/strong>&nbsp;permet d\u2019examiner plus attentivement les r\u00e9alit\u00e9s de la vie sociale et mat\u00e9rielle quotidienne qu\u2019on ne questionne pas suffisamment. Elargir cet examen&nbsp;<strong>\u00e0 l\u2019ensemble du vivant<\/strong> vient conforter la r\u00e9flexion en cours sur les \u00ab&nbsp;bien communs&nbsp;\u00bb.<\/p>\n\n\n\n<h3 class=\"wp-block-heading has-text-align-center\"><strong><mark style=\"background-color:rgba(0, 0, 0, 0)\" class=\"has-inline-color has-luminous-vivid-orange-color\">Les enfants, les jeunes class\u00e9s parmi les biens communs&#8230; ?<\/mark><\/strong><mark style=\"background-color:rgba(0, 0, 0, 0)\" class=\"has-inline-color has-luminous-vivid-orange-color\">!<\/mark><\/h3>\n\n\n\n<p class=\"wp-block-paragraph\">On sera peut-\u00eatre choqu\u00e9 par le fait de classer la jeunesse, les enfants parmi les biens communs, R\u00e9flexion amorc\u00e9e dans la brochure L\u2019EDUCATION UN BIEN COMMUN\u2026 publi\u00e9e en 2021.<\/p>\n\n\n\n<blockquote class=\"wp-block-quote is-layout-flow wp-block-quote-is-layout-flow\">\n<ul class=\"wp-block-list\">\n<li>\u00ab&nbsp;<em>L\u2019enfant a constitu\u00e9 longtemps aussi un \u00ab&nbsp;<strong>bien&nbsp;\u00bb&nbsp;<\/strong>qu\u2019on poss\u00e8de. Un&nbsp;<strong>objet<\/strong>&nbsp;du patriarcat. Il peut \u00eatre une&nbsp;<strong>ressource<\/strong>&nbsp;pour la famille (enfant plac\u00e9 chez un patron, enfant mendiant, mariages monnay\u00e9s, enfant prostitu\u00e9, enfant guetteur ou porteur de drogue, charge explosive pour un attentat &nbsp;etc\u2026). Un&nbsp;<strong>objet<\/strong>&nbsp;de fiert\u00e9 ou de honte. Un&nbsp;<strong>objet<\/strong>&nbsp;sexuel. Un&nbsp;<strong>objet<\/strong>&nbsp;de chantage quand les g\u00e9niteurs se s\u00e9parent. Un simple&nbsp;<strong>objet<\/strong>&nbsp;qu\u2019on rejette&nbsp;(filles \u00ab&nbsp;d\u00e9shonor\u00e9es&nbsp;\u00bb) \u2013 qu\u2019on abandonne&nbsp;: enfants des rues (qui souvent font ce choix pour \u00e9chapper \u00e0 un destin d\u00e9testable et ainsi s\u2019\u00e9mancipent&nbsp;!). Etc.<\/em><\/li>\n\n\n\n<li><em>L\u2019enfant a \u00e9t\u00e9 jusqu\u2019au milieu du XX\u00e8me si\u00e8cle&nbsp;<strong>un objet<\/strong>&nbsp;que la famille&nbsp; f<strong>ormate&nbsp;<\/strong>pour transmettre ses \u00ab&nbsp;valeurs&nbsp;\u00bb elles-m\u00eames fruits d\u2019un formatage social. La&nbsp;<strong>&nbsp;reproduction&nbsp;<\/strong>&nbsp;familiale s\u2019est longtemps r\u00e9alis\u00e9e. Les gar\u00e7ons y b\u00e9n\u00e9ficient encore&nbsp; d\u2019un statut privil\u00e9gi\u00e9, les filles commencent \u00e0 en prendre conscience.<\/em><\/li>\n\n\n\n<li><strong><em>Les enfants (et les adolescents) comme objets du \u00ab&nbsp;bien social<\/em>&nbsp;\u00bb\u2026.<\/strong>&nbsp;\u00bb etc<\/li>\n<\/ul>\n\n\n\n<p class=\"wp-block-paragraph\">Le tableau ci-apr\u00e8s ne pr\u00e9tend pas \u00e9voquer toutes les \u00ab&nbsp;r\u00e9alit\u00e9s&nbsp;\u00bb qui le m\u00e9riteraient. Il invite \u00e0 interroger le fonctionnement de diverses institutions, diverses pratiques,&nbsp; notamment d\u2019Education Populaire et d\u2019Education Nouvelle. L\u2019outil pourrait \u00eatre perfectionn\u00e9.&nbsp; Les notions de ressource et de gouvernance sont emprunt\u00e9es \u00e0 Benjamin Coriat. La d\u00e9claration des Agro Paris Tech est arriv\u00e9e \u00e0 point quand le tableau se construisait.<\/p>\n\n\n\n<p class=\"wp-block-paragraph\">Notre objet d\u2019\u00e9tude, l\u2019\u00e9ducation a&nbsp; logiquement une place \u00e0 part\u2026&nbsp;&nbsp;&nbsp;<\/p>\n<\/blockquote>\n\n\n\n<p class=\"wp-block-paragraph\"><\/p>\n\n\n\n<p class=\"wp-block-paragraph\"><\/p>\n\n\n\n<p class=\"wp-block-paragraph\">Le tableau ci-apr\u00e8s ne pr\u00e9tend pas \u00e9voquer toutes les \u00ab&nbsp;r\u00e9alit\u00e9s&nbsp;\u00bb qui le m\u00e9riteraient. Il invite \u00e0 interroger le fonctionnement de diverses institutions, diverses pratiques,&nbsp; notamment d\u2019Education Populaire et d\u2019Education Nouvelle. L\u2019outil pourrait \u00eatre perfectionn\u00e9.&nbsp; Les notions de ressource et de gouvernance sont emprunt\u00e9es \u00e0 Benjamin Coriat. La d\u00e9claration des Agro Paris Tech est arriv\u00e9e \u00e0 point quand le tableau se construisait.<\/p>\n\n\n\n<p class=\"wp-block-paragraph\">Notre objet d\u2019\u00e9tude, l\u2019\u00e9ducation a&nbsp; logiquement une place \u00e0 part\u2026&nbsp;&nbsp;&nbsp;<\/p>\n\n\n\n<p class=\"wp-block-paragraph\">Tableau&nbsp; page 4&nbsp;<\/p>\n\n\n\n<figure class=\"wp-block-image size-large\"><img loading=\"lazy\" decoding=\"async\" width=\"1272\" height=\"1316\" src=\"https:\/\/education-bien-commun.fr\/wp-content\/uploads\/2023\/02\/capture-decran-2023-02-26-a-13.46.24-1.png?w=990\" alt=\"\" class=\"wp-image-7084\" srcset=\"https:\/\/education-bien-commun.fr\/wp-content\/uploads\/2023\/02\/capture-decran-2023-02-26-a-13.46.24-1.png 1272w, https:\/\/education-bien-commun.fr\/wp-content\/uploads\/2023\/02\/capture-decran-2023-02-26-a-13.46.24-1-290x300.png 290w, https:\/\/education-bien-commun.fr\/wp-content\/uploads\/2023\/02\/capture-decran-2023-02-26-a-13.46.24-1-990x1024.png 990w, https:\/\/education-bien-commun.fr\/wp-content\/uploads\/2023\/02\/capture-decran-2023-02-26-a-13.46.24-1-768x795.png 768w\" sizes=\"auto, (max-width: 1272px) 100vw, 1272px\" \/><\/figure>\n\n\n\n<p class=\"wp-block-paragraph\"><strong>Une des conclusions possibles<\/strong>&nbsp;: l\u2019enfant peut, plus ou moins bien, \u00eatre trait\u00e9 comme un sujet \u00e0 l\u2019\u00e9cole maternelle. Il ne l\u2019est que tr\u00e8s \u00e9pisodiquement de&nbsp; 6 ans \u00e0 18 ans\u2026 son&nbsp;<strong>formatage&nbsp;<\/strong>est organis\u00e9 par l\u2019institution scolaire en fonction des besoins du syst\u00e8me \u00e9conomique dominant<\/p>\n\n\n\n<p class=\"wp-block-paragraph\"><\/p>\n\n\n\n<p class=\"has-text-align-right wp-block-paragraph\">Raymond Millot f\u00e9vrier 2023<\/p>\n\n\n\n<p class=\"has-text-align-right wp-block-paragraph\">auteur de nombreux ouvrages dont le dernier <strong>\u00ab\u00a0Education, un bien commun\u00a0\u00bb.<\/strong><\/p>\n\n\n\n<p class=\"has-text-align-right wp-block-paragraph\"><strong><a href=\"https:\/\/www.questionsdeclasses.org\/leducation-un-bien-commun-raymond-millot\/\">Lire un compte rendu ici.<\/a><\/strong><\/p>\n\n\n\n<p class=\"wp-block-paragraph\"><\/p>\n\n\n\n<p class=\"has-text-align-center wp-block-paragraph\">***<\/p>\n\n\n\n<p class=\"wp-block-paragraph\"><strong>Lire aussi : <\/strong><\/p>\n\n\n\n<figure class=\"wp-block-image size-large\"><img loading=\"lazy\" decoding=\"async\" width=\"1056\" height=\"1378\" src=\"https:\/\/education-bien-commun.fr\/wp-content\/uploads\/2023\/04\/capture-decran-2023-04-24-a-18.22.53.png?w=785\" alt=\"\" class=\"wp-image-7437\" srcset=\"https:\/\/education-bien-commun.fr\/wp-content\/uploads\/2023\/04\/capture-decran-2023-04-24-a-18.22.53.png 1056w, https:\/\/education-bien-commun.fr\/wp-content\/uploads\/2023\/04\/capture-decran-2023-04-24-a-18.22.53-230x300.png 230w, https:\/\/education-bien-commun.fr\/wp-content\/uploads\/2023\/04\/capture-decran-2023-04-24-a-18.22.53-785x1024.png 785w, https:\/\/education-bien-commun.fr\/wp-content\/uploads\/2023\/04\/capture-decran-2023-04-24-a-18.22.53-768x1002.png 768w\" sizes=\"auto, (max-width: 1056px) 100vw, 1056px\" \/><\/figure>\n","protected":false},"excerpt":{"rendered":"<p>Par Raymond Millot, ancien coordinateur des \u00e9coles ouvertes de la Villeneuve de Grenoble, \u00e0 l&rsquo;initiative de notre collectif Education bien commun. Publi\u00e9 dans \u00ab\u00a0El\u00e8ves, enfants\u00a0\u00bb. Les enfants, des sujets Les enfants, comme tout&nbsp;le vivant, doivent \u00eatre trait\u00e9s comme&nbsp;des \u00ab&nbsp;sujets&nbsp;\u00bb qu\u2019on doit respecter et non des \u00ab&nbsp;objets&nbsp;\u00bb \u00e0 formater&nbsp;pour qu\u2019ils soient utiles (\u00e0 la famille, au&hellip; <a class=\"more-link\" href=\"https:\/\/education-bien-commun.fr\/?p=7075\">Lire la suite <span class=\"screen-reader-text\">Enfants : objets ou sujets ?<\/span><\/a><\/p>\n","protected":false},"author":3,"featured_media":0,"comment_status":"open","ping_status":"open","sticky":true,"template":"","format":"standard","meta":{"_jetpack_newsletter_access":"","_jetpack_dont_email_post_to_subs":false,"_jetpack_newsletter_tier_id":0,"_jetpack_memberships_contains_paywalled_content":false,"_jetpack_feature_clip_id":0,"_jetpack_memberships_contains_paid_content":false,"footnotes":"","jetpack_post_was_ever_published":false},"categories":[5,9,13,23,43,44,46,47,57,58,59,82,83,84,85,88,96,97],"tags":[],"class_list":["post-7075","post","type-post","status-publish","format-standard","hentry","category-apprentissage","category-bien-commun","category-changement-climatique","category-convention-citoyenne","category-eleve","category-emancipation","category-enfant","category-enseignement","category-finalite-du-systeme-educatif","category-formater","category-formation-des-enseignants","category-pouvoir","category-pouvoir-politique","category-productivisme","category-promotion-collective","category-recherche-action","category-systeme-educatif","category-transition-ecologique"],"jetpack_sharing_enabled":true,"jetpack_featured_media_url":"","_links":{"self":[{"href":"https:\/\/education-bien-commun.fr\/index.php?rest_route=\/wp\/v2\/posts\/7075","targetHints":{"allow":["GET"]}}],"collection":[{"href":"https:\/\/education-bien-commun.fr\/index.php?rest_route=\/wp\/v2\/posts"}],"about":[{"href":"https:\/\/education-bien-commun.fr\/index.php?rest_route=\/wp\/v2\/types\/post"}],"author":[{"embeddable":true,"href":"https:\/\/education-bien-commun.fr\/index.php?rest_route=\/wp\/v2\/users\/3"}],"replies":[{"embeddable":true,"href":"https:\/\/education-bien-commun.fr\/index.php?rest_route=%2Fwp%2Fv2%2Fcomments&post=7075"}],"version-history":[{"count":0,"href":"https:\/\/education-bien-commun.fr\/index.php?rest_route=\/wp\/v2\/posts\/7075\/revisions"}],"wp:attachment":[{"href":"https:\/\/education-bien-commun.fr\/index.php?rest_route=%2Fwp%2Fv2%2Fmedia&parent=7075"}],"wp:term":[{"taxonomy":"category","embeddable":true,"href":"https:\/\/education-bien-commun.fr\/index.php?rest_route=%2Fwp%2Fv2%2Fcategories&post=7075"},{"taxonomy":"post_tag","embeddable":true,"href":"https:\/\/education-bien-commun.fr\/index.php?rest_route=%2Fwp%2Fv2%2Ftags&post=7075"}],"curies":[{"name":"wp","href":"https:\/\/api.w.org\/{rel}","templated":true}]}}