{"id":7218,"date":"2023-03-11T23:40:22","date_gmt":"2023-03-11T22:40:22","guid":{"rendered":"https:\/\/educationbiencommun.fr\/?p=7218"},"modified":"2023-03-11T23:40:22","modified_gmt":"2023-03-11T22:40:22","slug":"une-critique-de-lecole-republicaineresolument-revolutionnaire","status":"publish","type":"post","link":"https:\/\/education-bien-commun.fr\/?p=7218","title":{"rendered":"Une critique de l&rsquo;Ecole \u00ab\u00a0r\u00e9publicaine\u00a0\u00bb r\u00e9solument r\u00e9volutionnaire"},"content":{"rendered":"\n<p class=\"wp-block-paragraph\">Par Nadine Lanneau, professeure documentaliste de l&rsquo;Education nationale, retrait\u00e9e. Recension de l\u2019article de Luc C\u00e9delle du 16 janvier 2023 dans le Monde, article pour abonn\u00e9\u2022e\u2022s. Publi\u00e9 dans Syst\u00e8me \u00e9ducatif.<\/p>\n\n\n\n<p class=\"wp-block-paragraph\"><\/p>\n\n\n\n<h3 class=\"wp-block-heading has-text-align-center\"><mark style=\"background-color:rgba(0, 0, 0, 0)\" class=\"has-inline-color has-luminous-vivid-orange-color\">\u00ab\u00a0Contre l&rsquo;\u00e9cole injuste\u00a0\u00bb<\/mark><\/h3>\n\n\n\n<p class=\"wp-block-paragraph\">De nombreuses critiques se sont souvent \u00e9lev\u00e9es pour d\u00e9noncer l&rsquo;\u00e9chec de l&rsquo;\u00e9cole \u00ab\u00a0r\u00e9publicaine\u00a0\u00bb quand d&rsquo;aucun\u2022e\u2022s veulent la restaurer, dans la nostalgie de temps soit-disant paradisiaques&nbsp;; or, toutes les \u00e9tudes s\u00e9rieuses d\u00e9montrent qu&rsquo;elle est profond\u00e9ment in\u00e9galitaire depuis ses origines et que les in\u00e9galit\u00e9s qui la fondent, ne font que s&rsquo;amplifier \u00e0 l&rsquo;heure actuelle, malgr\u00e9 la longue litanie des rapports, \u00e9tudes et r\u00e9formes qui se succ\u00e8dent.<\/p>\n\n\n\n<p class=\"has-text-align-center wp-block-paragraph\"><strong>Les auteurs :<\/strong> <strong>Philippe Champy<\/strong> et <strong>Roger-Fran\u00e7ois Gauthier<\/strong><\/p>\n\n\n\n<ul class=\"wp-block-list\">\n<li><strong>Philippe Champy<\/strong>, dipl\u00f4m\u00e9 en philosophie, en science de l\u2019information et en science politique des universit\u00e9s Paris I et Paris IV (Sorbonne) et de l\u2019Institut d\u2019\u00e9tudes politiques de Paris, s\u2019est d\u2019abord consacr\u00e9 durant 15 ans au d\u00e9veloppement des ressources pour la recherche p\u00e9dagogique \u00e0 l\u2019<strong>Institut national de recherche p\u00e9dagogique<\/strong>, menant en parall\u00e8le, une activit\u00e9 de conseil \u00e9ditorial. <\/li>\n\n\n\n<li>Depuis 2000, <strong>Roger-Fran\u00e7ois Gauthier<\/strong>, inspecteur g\u00e9n\u00e9ral de l\u2019administration de l\u2019\u00e9ducation nationale et de la recherche, est l\u2019auteur ou le co-auteur de rapports notamment sur l\u2019\u00e9valuation des \u00e9tablissements, les acquis des \u00e9l\u00e8ves, l\u2019orientation active, le baccalaur\u00e9at, les dipl\u00f4mes de licence et de master, la carte scolaire. <\/li>\n\n\n\n<li>Tous les deux ont sign\u00e9 <strong>\u00ab&nbsp;Contre l\u2019\u00e9cole injuste&nbsp;\u00bb en ao\u00fbt 2022<\/strong>.<\/li>\n<\/ul>\n\n\n\n<p class=\"has-text-align-center wp-block-paragraph\">***<\/p>\n\n\n\n<h3 class=\"wp-block-heading has-text-align-center\"><mark style=\"background-color:rgba(0, 0, 0, 0)\" class=\"has-inline-color has-luminous-vivid-orange-color\">Une r\u00e9flexion r\u00e9volutionnaire sur les savoirs<\/mark><\/h3>\n\n\n\n<p class=\"wp-block-paragraph\"><strong>Luc C\u00e9delle<\/strong>, journaliste au Monde a consacr\u00e9 \u00e0 Philippe Champy, une interview dont voici une courte synth\u00e8se, l\u2019article \u00e9tant r\u00e9serv\u00e9 aux abonn\u00e9s.<\/p>\n\n\n\n<ul class=\"wp-block-list\">\n<li><mark style=\"background-color:rgba(0, 0, 0, 0)\" class=\"has-inline-color has-black-color\"><strong>Luc C\u00e9delle<\/strong> demande pourquoi les deux auteurs d\u00e9noncent le \u00ab pi\u00e8ge \u00bb du cloisonnement disciplinaire de l\u2019enseignement :<\/mark><\/li>\n<\/ul>\n\n\n\n<p class=\"wp-block-paragraph\">R&nbsp;: <strong>\u00ab\u00a0Notre critique est plus fondamentale&nbsp;: elle porte sur l\u2019\u00e9litisme inconscient qui marque l\u2019imaginaire \u00e9ducatif fran\u00e7ais, notamment dans sa d\u00e9finition des savoirs \u00e0 enseigner, et sur l\u2019incapacit\u00e9 de la R\u00e9publique jusqu\u2019\u00e0 aujourd\u2019hui \u00e0 d\u00e9finir les finalit\u00e9s de l\u2019\u00e9cole d\u00e9mocratique du XXI<sup>e<\/sup>&nbsp;si\u00e8cle. Sur ce dernier point, nous appelons \u00e0 ce que cette d\u00e9finition soit \u00e9labor\u00e9e \u00e0 un niveau constitutionnel, obligeant les pouvoirs publics \u00e0 la mettre en \u0153uvre au long cours. Ce n\u2019est qu\u2019ensuite et sur cette base que de nouveaux programmes en phase avec un nouveau paradigme institutionnel pourraient voir le jour.<\/strong><\/p>\n\n\n\n<ul class=\"wp-block-list\">\n<li><mark style=\"background-color:rgba(0, 0, 0, 0)\" class=\"has-inline-color has-black-color\"><strong>Luc C\u00e9delle<\/strong> s&rsquo;interroge alors sur la pertinence de cette r\u00e9flexion : \u00ab\u00a0Face au contexte de doute et de relativisme g\u00e9n\u00e9ralis\u00e9, vous voudriez que la question de la \u00ab\u00a0v\u00e9rit\u00e9\u00a0\u00bb soit centrale \u00e0 l\u2019\u00e9cole\u00a0\u00bb.<\/mark><\/li>\n<\/ul>\n\n\n\n<p class=\"wp-block-paragraph\">R : <strong>\u00ab\u00a0Notre position sur les savoirs et leur validit\u00e9 est d\u2019ordre \u00e9pist\u00e9mologique&nbsp;: un objectif majeur de l\u2019\u00e9cole devrait \u00eatre d\u2019\u00e9clairer les \u00e9l\u00e8ves non seulement sur leur rapport aux savoirs enseign\u00e9s par les diverses disciplines, mais aussi sur leur rapport au savoir en g\u00e9n\u00e9ral, et donc \u00e0 la v\u00e9rit\u00e9\u00a0\u00bb.<\/strong><\/p>\n\n\n\n<p class=\"wp-block-paragraph\">Changer les apprentissages, que les \u00e9l\u00e8ves aillent au-del\u00e0 des connaissances elles-m\u00eames :<\/p>\n\n\n\n<p class=\"wp-block-paragraph\"><strong>\u00ab\u00a0Sinon, l\u2019\u00e9cole reste trop prisonni\u00e8re de biais h\u00e9rit\u00e9s du pass\u00e9, ceux des v\u00e9rit\u00e9s \u00ab&nbsp;r\u00e9v\u00e9l\u00e9es&nbsp;\u00bb ou des visions impos\u00e9es comme allant de soi\u00a0\u00bb. Par exemple, celles qui ont longtemps justifi\u00e9 l\u2019exploitation \u00e9hont\u00e9e des ressources naturelles et des \u00eatres humains\u00a0\u00bb.<\/strong><\/p>\n\n\n\n<p class=\"wp-block-paragraph\">On d\u00e9veloppe <strong>une pens\u00e9e dogmatique<\/strong> chez les \u00e9l\u00e8ves <strong>en les formatant<\/strong>. <\/p>\n\n\n\n<p class=\"wp-block-paragraph\">Et si l&rsquo;on retient ce tweet d&rsquo;Edgar Morin, philosophe et sociologue de <strong>la pens\u00e9e complexe <\/strong>:<\/p>\n\n\n\n<p class=\"wp-block-paragraph\">\u00ab\u00a0Les esprits format\u00e9s attribuent toujours des opinions unilat\u00e9rales \u00e0 ceux qui per\u00e7oivent les doubles et multiples aspects des choses de la vie et de l&rsquo;histoire humaines\u00a0\u00bb.<\/p>\n\n\n\n<p class=\"wp-block-paragraph\">Risques majeurs&#8230;<\/p>\n\n\n\n<h3 class=\"wp-block-heading has-text-align-center\"><mark style=\"background-color:rgba(0, 0, 0, 0)\" class=\"has-inline-color has-luminous-vivid-orange-color\">Les savoirs hi\u00e9rarchis\u00e9s et les in\u00e9galit\u00e9s<\/mark><\/h3>\n\n\n\n<p class=\"wp-block-paragraph\">Enfin, les deux auteurs voient aussi la source des in\u00e9galit\u00e9s&nbsp;dans<strong> les savoirs hi\u00e9rarchis\u00e9s<\/strong>. Que l&rsquo;on pense aux math\u00e9matiques port\u00e9es de fa\u00e7on insens\u00e9e au pinacle pour des raisons de comp\u00e9tition et d\u2019acc\u00e8s aux plus hauts postes de la Soci\u00e9t\u00e9 &#8211; la math\u00e9matique n&rsquo;y gagne pas ! &#8211; mais \u00e0 une autre \u00e9poque, ce furent les Humanit\u00e9s, latin-grec&nbsp;; les mati\u00e8res secondaires sont toujours rejet\u00e9es \u00e0 la marge, les mati\u00e8res artistiques etc.<\/p>\n\n\n\n<p class=\"wp-block-paragraph\"><strong>&nbsp;\u00ab&nbsp;Lorsqu\u2019on \u00e9tablit&nbsp;entre les savoirs une hi\u00e9rarchisation&nbsp;qui refl\u00e8te les positions de pouvoir ou de privil\u00e8ges dans la soci\u00e9t\u00e9, on favorise un&nbsp;biais \u00e9litaire, in\u00e9galitaire&nbsp;\u00bb.<\/strong><\/p>\n\n\n\n<p class=\"wp-block-paragraph\"><strong>\u00ab&nbsp;Idem lorsqu\u2019on marginalise les&nbsp;\u00ab&nbsp;savoirs du corps et de la main&nbsp;\u00bb, pourtant fondamentaux pour le d\u00e9veloppement intellectuel et physique des enfants et des jeunes, au profit de&nbsp;savoirs d\u00e9contextualis\u00e9s\u00a0\u00bb.&nbsp;<\/strong><\/p>\n\n\n\n<p class=\"wp-block-paragraph\">La r\u00e9flexion des deux auteurs va tr\u00e8s loin puisqu\u2019elle remet en question l\u2019ordre social et des conceptions p\u00e9dagogiques compl\u00e8tement d\u00e9pass\u00e9es et n\u00e9fastes pour \u00ab&nbsp;le d\u00e9veloppement intellectuel et physique&nbsp;\u00bb des enfants et des jeunes. Le corps est morcel\u00e9 et cela vient de loin, dans une \u00e9cole aux conceptions traditionnelles et la\u00efque aux conceptions paradoxalement religieuses&nbsp;: corps et esprit y sont d\u00e9finitivement s\u00e9par\u00e9s, avec pr\u00e9dominance de l\u2019esprit d\u00e9sincarn\u00e9&nbsp;qui, de fa\u00e7on syst\u00e9mique, mod\u00e8le tous les aspects de la vie des \u00e9tablissements et des \u00e9l\u00e8ves jusqu\u2019au mobilier et aux gestes, aux relations, etc.<\/p>\n\n\n\n<h3 class=\"wp-block-heading has-text-align-center\"><mark style=\"background-color:rgba(0, 0, 0, 0)\" class=\"has-inline-color has-luminous-vivid-orange-color\">Des savoirs qui n&rsquo;assurent pas l&rsquo;avenir des \u00e9l\u00e8ves<\/mark><\/h3>\n\n\n\n<p class=\"wp-block-paragraph\">Et Philippe Champy d\u00e9clare&nbsp;en conclusion \u00e0 Luc C\u00e9delle&nbsp;:<\/p>\n\n\n\n<p class=\"wp-block-paragraph\"><strong>\u00ab&nbsp;Nous pensons que la transmission des \u00ab&nbsp;v\u00e9rit\u00e9s du pass\u00e9&nbsp;\u00bb ne suffit pas \u00e0 r\u00e9pondre aux objectifs que devrait se donner, en d\u00e9mocratie, l\u2019\u00e9cole contemporaine. Il faut \u00e9quiper les \u00e9l\u00e8ves de nombreux savoirs et des codes qui permettent de d\u00e9crypter le monde et les enjeux plan\u00e9taires qu\u2019ils auront \u00e0 assumer&nbsp;\u00bb.<\/strong><\/p>\n\n\n\n<p class=\"wp-block-paragraph\">Une bifurcation de l\u2019\u00e9ducation est plus que jamais n\u00e9cessaire et doit aboutir \u00e0 un renversement complet de paradigme, c&rsquo;est-\u00e0-dire \u00e0 l&rsquo;abandon des vieux oripeaux du monde ancien.<\/p>\n\n\n\n<p class=\"has-text-align-right wp-block-paragraph\">Nadine Lanneau<\/p>\n\n\n\n<p class=\"has-text-align-right wp-block-paragraph\"><strong><a href=\"https:\/\/www.lemonde.fr\/idees\/article\/2023\/01\/16\/constatant-une-crise-de-l-ecole-republicaine-nous-cherchons-a-comprendre-les-echecs-des-reformes-successives_6157984_3232.html\">Recension de l&rsquo;article de Luc C\u00e9delle du 16 janvier 2023 dans le Monde<\/a><\/strong><\/p>\n\n\n<div class=\"wp-block-image\">\n<figure class=\"aligncenter size-large is-resized\"><img loading=\"lazy\" decoding=\"async\" width=\"814\" height=\"1240\" src=\"https:\/\/education-bien-commun.fr\/wp-content\/uploads\/2023\/03\/capture-decran-2023-03-11-a-17.51.11.png?w=672\" alt=\"\" class=\"wp-image-7223\" style=\"width:310px;height:472px\" srcset=\"https:\/\/education-bien-commun.fr\/wp-content\/uploads\/2023\/03\/capture-decran-2023-03-11-a-17.51.11.png 814w, https:\/\/education-bien-commun.fr\/wp-content\/uploads\/2023\/03\/capture-decran-2023-03-11-a-17.51.11-197x300.png 197w, https:\/\/education-bien-commun.fr\/wp-content\/uploads\/2023\/03\/capture-decran-2023-03-11-a-17.51.11-672x1024.png 672w, https:\/\/education-bien-commun.fr\/wp-content\/uploads\/2023\/03\/capture-decran-2023-03-11-a-17.51.11-768x1170.png 768w\" sizes=\"auto, (max-width: 814px) 100vw, 814px\" \/><\/figure>\n<\/div>\n\n\n<h2 class=\"wp-block-heading\">En savoir plus sur le livre : <\/h2>\n\n\n\n<p class=\"wp-block-paragraph\"><strong><a href=\"http:\/\/www.meirieu.com\/COMPTE-RENDUS_OUVRAGES\/hadji_ecole-injuste.pdf\">Lire la note de lecture r\u00e9dig\u00e9e par Charles Hadji<\/a>,<\/strong> Professeur honoraire de l\u2019Universit\u00e9 Grenoble Alpes.<\/p>\n\n\n\n<blockquote class=\"wp-block-quote is-layout-flow wp-block-quote-is-layout-flow\">\n<p class=\"wp-block-paragraph\"><strong>\u00ab\u00a0L\u2019\u00e9cole doit assumer d\u2019authentiques finalit\u00e9s d\u00e9mocratiques et \u00eatre&nbsp;au clair avec les d\u00e9fis plan\u00e9taires : Contre l\u2019\u00e9cole injuste&nbsp;\u00bb<\/strong><\/p>\n<\/blockquote>\n","protected":false},"excerpt":{"rendered":"<p>Par Nadine Lanneau, professeure documentaliste de l&rsquo;Education nationale, retrait\u00e9e. Recension de l\u2019article de Luc C\u00e9delle du 16 janvier 2023 dans le Monde, article pour abonn\u00e9\u2022e\u2022s. Publi\u00e9 dans Syst\u00e8me \u00e9ducatif. \u00ab\u00a0Contre l&rsquo;\u00e9cole injuste\u00a0\u00bb De nombreuses critiques se sont souvent \u00e9lev\u00e9es pour d\u00e9noncer l&rsquo;\u00e9chec de l&rsquo;\u00e9cole \u00ab\u00a0r\u00e9publicaine\u00a0\u00bb quand d&rsquo;aucun\u2022e\u2022s veulent la restaurer, dans la nostalgie de temps&hellip; <a class=\"more-link\" href=\"https:\/\/education-bien-commun.fr\/?p=7218\">Lire la suite <span class=\"screen-reader-text\">Une critique de l&rsquo;Ecole \u00ab\u00a0r\u00e9publicaine\u00a0\u00bb r\u00e9solument r\u00e9volutionnaire<\/span><\/a><\/p>\n","protected":false},"author":3,"featured_media":0,"comment_status":"open","ping_status":"open","sticky":true,"template":"","format":"standard","meta":{"_jetpack_newsletter_access":"","_jetpack_dont_email_post_to_subs":false,"_jetpack_newsletter_tier_id":0,"_jetpack_memberships_contains_paywalled_content":false,"_jetpack_feature_clip_id":0,"_jetpack_memberships_contains_paid_content":false,"footnotes":"","jetpack_post_was_ever_published":false},"categories":[5,19,22,32,33,41,43,47,57,58,59,65,92,96],"tags":[],"class_list":["post-7218","post","type-post","status-publish","format-standard","hentry","category-apprentissage","category-complexite","category-construction-du-savoir","category-debat-democratique","category-democratie","category-egalite","category-eleve","category-enseignement","category-finalite-du-systeme-educatif","category-formater","category-formation-des-enseignants","category-inegalites","category-savoirs","category-systeme-educatif"],"jetpack_sharing_enabled":true,"jetpack_featured_media_url":"","_links":{"self":[{"href":"https:\/\/education-bien-commun.fr\/index.php?rest_route=\/wp\/v2\/posts\/7218","targetHints":{"allow":["GET"]}}],"collection":[{"href":"https:\/\/education-bien-commun.fr\/index.php?rest_route=\/wp\/v2\/posts"}],"about":[{"href":"https:\/\/education-bien-commun.fr\/index.php?rest_route=\/wp\/v2\/types\/post"}],"author":[{"embeddable":true,"href":"https:\/\/education-bien-commun.fr\/index.php?rest_route=\/wp\/v2\/users\/3"}],"replies":[{"embeddable":true,"href":"https:\/\/education-bien-commun.fr\/index.php?rest_route=%2Fwp%2Fv2%2Fcomments&post=7218"}],"version-history":[{"count":0,"href":"https:\/\/education-bien-commun.fr\/index.php?rest_route=\/wp\/v2\/posts\/7218\/revisions"}],"wp:attachment":[{"href":"https:\/\/education-bien-commun.fr\/index.php?rest_route=%2Fwp%2Fv2%2Fmedia&parent=7218"}],"wp:term":[{"taxonomy":"category","embeddable":true,"href":"https:\/\/education-bien-commun.fr\/index.php?rest_route=%2Fwp%2Fv2%2Fcategories&post=7218"},{"taxonomy":"post_tag","embeddable":true,"href":"https:\/\/education-bien-commun.fr\/index.php?rest_route=%2Fwp%2Fv2%2Ftags&post=7218"}],"curies":[{"name":"wp","href":"https:\/\/api.w.org\/{rel}","templated":true}]}}