{"id":7337,"date":"2023-04-09T21:47:06","date_gmt":"2023-04-09T19:47:06","guid":{"rendered":"https:\/\/educationbiencommun.fr\/?p=7337"},"modified":"2023-04-09T21:47:06","modified_gmt":"2023-04-09T19:47:06","slug":"les-eleves-auteures-de-leurs-apprentissages","status":"publish","type":"post","link":"https:\/\/education-bien-commun.fr\/?p=7337","title":{"rendered":"Les \u00e9l\u00e8ves auteur\u2022e\u2022s de leurs apprentissages"},"content":{"rendered":"\n<p class=\"wp-block-paragraph\"><\/p>\n\n\n\n<p class=\"wp-block-paragraph\">Par Catherine Chabrun, professeure d&rsquo;\u00e9cole, militante Freinet. Publi\u00e9 dans Savoirs \u00e9mancipateurs.<\/p>\n\n\n\n<p class=\"has-text-align-center wp-block-paragraph\">***<\/p>\n\n\n\n<h3 class=\"wp-block-heading has-text-align-center\"><mark style=\"background-color:rgba(0, 0, 0, 0)\" class=\"has-inline-color has-luminous-vivid-orange-color\">Semaine de la presse 2023<\/mark><\/h3>\n\n\n\n<p class=\"wp-block-paragraph\">Semaine de la presse du 27 mars 2023 au 1 avril : c&rsquo;est chaque ann\u00e9e, dans les \u00e9tablissements scolaires, l&rsquo;occasion donn\u00e9e aux \u00e9l\u00e8ves et \u00e0 leurs enseignant\u2022e\u2022s de questionner les m\u00e9dia (journaux, sites internet, r\u00e9seaux sociaux&#8230;), leur validit\u00e9 et la libert\u00e9 d&rsquo;expression. Malgr\u00e9 tout, ce travail r\u00e9duit \u00e0 une Semaine, doit \u00eatre r\u00e9alis\u00e9 toute l&rsquo;ann\u00e9e. <\/p>\n\n\n\n<p class=\"wp-block-paragraph\">2023 : En ces 40 ans du CLEMI (Centre pour l&rsquo;\u00e9ducation aux m\u00e9dias et \u00e0 l&rsquo;information) qui organise la Semaine de la presse,  n&rsquo;oublions pas la place qu&rsquo;a eu et qu&rsquo;a la p\u00e9dagogie Freinet, notamment pour la libert\u00e9 d&rsquo;expression. Et retenons-en les points principaux et essentiels pour une p\u00e9dagogie renouvel\u00e9e, capable de transformer les apprentissages. Car la libert\u00e9 d&rsquo;expression, on l&rsquo;apprend certes mais on la pratique d&rsquo;abord.<\/p>\n\n\n\n<p class=\"wp-block-paragraph\">El\u00e8ves acteur\u2022re\u2022s de leurs apprentissages mais surtout auteur\u2022e\u2022s de leurs apprentissages si l&rsquo;on suit les pr\u00e9conisations de C\u00e9lestin Freinet qui a invent\u00e9 le journal scolaire et l&rsquo;imprimerie au d\u00e9but du XX\u00b0 si\u00e8cle. L&rsquo;\u00e9criture d&rsquo;un journal permet d&rsquo;aborder de mani\u00e8re naturelle et ludique de multiples apprentissages en langage, \u00e9criture du fran\u00e7ais et d\u00e9couverte du monde.<\/p>\n\n\n\n<p class=\"wp-block-paragraph\">Voici des extraits de l&rsquo;ouvrage de C\u00e9lestin Freinet : \u00ab\u00a0Le journal scolaire\u00a0\u00bb paru dans le Nouvel Educateur de mars 2006. \u00ab\u00a0Le journal scolaire, Editions de l&rsquo;Ecole moderne Fran\u00e7aise\u00a0\u00bb, CEL 1967.<\/p>\n\n\n\n<p class=\"wp-block-paragraph\">Le journal scolaire, et actuellement, les \u00e9crits num\u00e9riques sur les blogs, sites, etc, permettent aux \u00e9l\u00e8ves de rendre compte de leurs exp\u00e9riences, de mani\u00e8re naturelle, c&rsquo;est-\u00e0-dire en dehors de tout exercice scholastique, dogmatique, r\u00e9p\u00e9titif, impos\u00e9s par leurs enseignant\u2022e\u2022s dans les \u00e9tablissements. Ils ont lieu \u00e0 propos de tous sujets qui concernent directement les apprentissages quotidiens. Les correspondant\u2022e\u2022s ont un r\u00f4le essentiel pour motiver les \u00e9l\u00e8ves dans leur activit\u00e9 d&rsquo;\u00e9criture et pour communiquer de mani\u00e8re fonctionnelle, leur travail hors du milieu scolaire.<\/p>\n\n\n\n<h3 class=\"wp-block-heading has-text-align-center\"><mark style=\"background-color:rgba(0, 0, 0, 0)\" class=\"has-inline-color has-luminous-vivid-orange-color\">Extraits du texte de Freinet : \u00ab\u00a0Le journal scolaire\u00a0\u00bb<\/mark><\/h3>\n\n\n\n<figure class=\"wp-block-image size-large\"><img loading=\"lazy\" decoding=\"async\" width=\"898\" height=\"922\" src=\"https:\/\/education-bien-commun.fr\/wp-content\/uploads\/2023\/04\/freinet-le-journal-1.jpeg?w=898\" alt=\"\" class=\"wp-image-7341\" srcset=\"https:\/\/education-bien-commun.fr\/wp-content\/uploads\/2023\/04\/freinet-le-journal-1.jpeg 898w, https:\/\/education-bien-commun.fr\/wp-content\/uploads\/2023\/04\/freinet-le-journal-1-292x300.jpeg 292w, https:\/\/education-bien-commun.fr\/wp-content\/uploads\/2023\/04\/freinet-le-journal-1-768x789.jpeg 768w\" sizes=\"auto, (max-width: 898px) 100vw, 898px\" \/><\/figure>\n\n\n\n<p class=\"has-text-align-right wp-block-paragraph\">Catherine Chabrun, professeure d&rsquo;\u00e9cole, militante Freinet<\/p>\n","protected":false},"excerpt":{"rendered":"<p>Par Catherine Chabrun, professeure d&rsquo;\u00e9cole, militante Freinet. Publi\u00e9 dans Savoirs \u00e9mancipateurs. *** Semaine de la presse 2023 Semaine de la presse du 27 mars 2023 au 1 avril : c&rsquo;est chaque ann\u00e9e, dans les \u00e9tablissements scolaires, l&rsquo;occasion donn\u00e9e aux \u00e9l\u00e8ves et \u00e0 leurs enseignant\u2022e\u2022s de questionner les m\u00e9dia (journaux, sites internet, r\u00e9seaux sociaux&#8230;), leur validit\u00e9&hellip; <a class=\"more-link\" href=\"https:\/\/education-bien-commun.fr\/?p=7337\">Lire la suite <span class=\"screen-reader-text\">Les \u00e9l\u00e8ves auteur\u2022e\u2022s de leurs apprentissages<\/span><\/a><\/p>\n","protected":false},"author":3,"featured_media":0,"comment_status":"open","ping_status":"open","sticky":true,"template":"","format":"standard","meta":{"_jetpack_newsletter_access":"","_jetpack_dont_email_post_to_subs":false,"_jetpack_newsletter_tier_id":0,"_jetpack_memberships_contains_paywalled_content":false,"_jetpack_feature_clip_id":0,"_jetpack_memberships_contains_paid_content":false,"footnotes":"","jetpack_post_was_ever_published":false},"categories":[5,22,28,43,44,47,48,71,75,77,85,92],"tags":[],"class_list":["post-7337","post","type-post","status-publish","format-standard","hentry","category-apprentissage","category-construction-du-savoir","category-creativite","category-eleve","category-emancipation","category-enseignement","category-enseignement-du-francais","category-methodes-actives","category-pedagogie","category-pedagogie-du-projet","category-promotion-collective","category-savoirs"],"jetpack_sharing_enabled":true,"jetpack_featured_media_url":"","_links":{"self":[{"href":"https:\/\/education-bien-commun.fr\/index.php?rest_route=\/wp\/v2\/posts\/7337","targetHints":{"allow":["GET"]}}],"collection":[{"href":"https:\/\/education-bien-commun.fr\/index.php?rest_route=\/wp\/v2\/posts"}],"about":[{"href":"https:\/\/education-bien-commun.fr\/index.php?rest_route=\/wp\/v2\/types\/post"}],"author":[{"embeddable":true,"href":"https:\/\/education-bien-commun.fr\/index.php?rest_route=\/wp\/v2\/users\/3"}],"replies":[{"embeddable":true,"href":"https:\/\/education-bien-commun.fr\/index.php?rest_route=%2Fwp%2Fv2%2Fcomments&post=7337"}],"version-history":[{"count":0,"href":"https:\/\/education-bien-commun.fr\/index.php?rest_route=\/wp\/v2\/posts\/7337\/revisions"}],"wp:attachment":[{"href":"https:\/\/education-bien-commun.fr\/index.php?rest_route=%2Fwp%2Fv2%2Fmedia&parent=7337"}],"wp:term":[{"taxonomy":"category","embeddable":true,"href":"https:\/\/education-bien-commun.fr\/index.php?rest_route=%2Fwp%2Fv2%2Fcategories&post=7337"},{"taxonomy":"post_tag","embeddable":true,"href":"https:\/\/education-bien-commun.fr\/index.php?rest_route=%2Fwp%2Fv2%2Ftags&post=7337"}],"curies":[{"name":"wp","href":"https:\/\/api.w.org\/{rel}","templated":true}]}}