{"id":7706,"date":"2023-09-11T05:54:45","date_gmt":"2023-09-11T03:54:45","guid":{"rendered":"https:\/\/educationbiencommun.fr\/?p=7706"},"modified":"2023-09-11T05:54:45","modified_gmt":"2023-09-11T03:54:45","slug":"la-conference-interrompue","status":"publish","type":"post","link":"https:\/\/education-bien-commun.fr\/?p=7706","title":{"rendered":"La \u00ab\u00a0Conf\u00e9rence interrompue\u00a0\u00bb"},"content":{"rendered":"\n<p class=\"wp-block-paragraph\">Par Nadine Lanneau, professeure documentaliste retrait\u00e9e de l&rsquo;Education nationale. Publi\u00e9 dans Innovations.<\/p>\n\n\n\n<h3 class=\"wp-block-heading has-text-align-center\"><strong><mark style=\"background-color:rgba(0, 0, 0, 0)\" class=\"has-inline-color has-luminous-vivid-orange-color\">Transformer un expos\u00e9 magistral<\/mark><\/strong><\/h3>\n\n\n\n<p class=\"wp-block-paragraph\">Une situation nous a \u00e9t\u00e9 rapport\u00e9e en cette rentr\u00e9e 2023, celle o\u00f9 l&rsquo;expos\u00e9 magistral d&rsquo;un\u2022e conf\u00e9rencier\u2022e est transform\u00e9 en \u00ab\u00a0conf\u00e9rence&#8230; interrompue\u00a0\u00bb. Car les conf\u00e9rences, les expos\u00e9s, les cours magistraux etc. ont, comme on l&rsquo;a vu dans un pr\u00e9c\u00e9dent article, le d\u00e9sagr\u00e9ment de rendre l&rsquo;auditoire passif et la ou le technicien\u2022ne ou expert\u2022e, tout\u2022e puissante\u2022e.<\/p>\n\n\n\n<p class=\"wp-block-paragraph\">Cette situation a le m\u00e9rite de changer la donne :<\/p>\n\n\n\n<ul class=\"wp-block-list\">\n<li>le conf\u00e9rencier\u2022e qui expose conserve son statut pour faire passer ses id\u00e9es et aller au bout de son propos<\/li>\n\n\n\n<li>tout en \u00ab\u00a0l\u00e2chant prise\u00a0\u00bb peut-on dire et permettre \u00e0 son auditoire de sortir de sa passivit\u00e9.<\/li>\n\n\n\n<li>L&rsquo;auditoire devient actif dans des travaux de groupes, parall\u00e8lement \u00e0 l&rsquo;expos\u00e9.<\/li>\n\n\n\n<li>Et l&rsquo;expos\u00e9 se nourrit des apports du travail des groupes pour \u00eatre plus efficace.<\/li>\n<\/ul>\n\n\n\n<h3 class=\"wp-block-heading has-text-align-center\"><mark style=\"background-color:rgba(0, 0, 0, 0)\" class=\"has-inline-color has-luminous-vivid-orange-color\">Compte rendu de deux participantes<\/mark><\/h3>\n\n\n\n<p class=\"wp-block-paragraph\">Donnons la parole \u00e0 C. et \u00e0 S. :<\/p>\n\n\n\n<p class=\"wp-block-paragraph\">\u00ab\u00a0Apr\u00e8s 15 mn de d\u00e9but de conf\u00e9rence, des groupes se constituent, \u00e9changent&#8230; et l&rsquo;intervenant.e passe parmi eux, retenant ce qu&rsquo;il.elle trouve r\u00e9curent, int\u00e9ressant, nouveau&#8230; et poursuit sa conf\u00e9rence en fonction de ce qui a \u00e9t\u00e9 \u00ab\u00a0rep\u00e9r\u00e9\u00a0\u00bb et ce, \u00e0 trois reprises.<\/p>\n\n\n\n<p class=\"wp-block-paragraph\">La 3\u00e8me fois, le groupe doit, \u00e0 l&rsquo;issue de l&rsquo;intervention de l&rsquo;invit\u00e9.e, formuler une ou deux questions qu&rsquo;un membre du groupe soumettra \u00e0 l&rsquo;assembl\u00e9e. L&rsquo;invit\u00e9.e comme la salle pourra y r\u00e9pondre, d\u00e9battre&#8230;\u00a0\u00bb<\/p>\n\n\n\n<h3 class=\"wp-block-heading has-text-align-center\"><mark style=\"background-color:rgba(0, 0, 0, 0)\" class=\"has-inline-color has-luminous-vivid-orange-color\">Historique de la \u00ab\u00a0Conf\u00e9rence interrompue\u00a0\u00bb<\/mark><\/h3>\n\n\n\n<p class=\"wp-block-paragraph\"><br>Il s&rsquo;agit ici d&rsquo;une \u00ab\u00a0conf\u00e9rence interrompue\u00a0\u00bb du <strong>GFEN (Groupe Fran\u00e7ais d&rsquo;Education Nouvelle<\/strong>). <strong><a href=\"http:\/\/lelien.org\/\">Lire sur le site du Lien. <\/a><\/strong>\u00ab\u00a0Dispositif imagin\u00e9 la premi\u00e8re fois aux Rencontres du LIEN de Virton\u00a0\u00bb. Virton est une ville francophone de Belgique situ\u00e9e en R\u00e9gion wallonne dans la province de Luxembourg.<\/p>\n\n\n\n<p class=\"wp-block-paragraph\"><strong>Sur le site du GFEN <\/strong>:<\/p>\n\n\n\n<p class=\"wp-block-paragraph\">\u00ab\u00a0Le but de dispositif est de favoriser le questionnement de chacun individuellement et au contact d\u2019un petit collectif, sans que la pression soit mise sur les r\u00e9ponses car <strong>\u00ab\u00a0c\u2019est de r\u00e9ponses que l\u2019homme meurt\u00a0\u00bb (Ren\u00e9 Char,<\/strong> dixit)<\/p>\n\n\n\n<p class=\"wp-block-paragraph\">R\u00e9daction : Michel Neumayer\u00a0\u00bb<\/p>\n\n\n\n<p class=\"has-text-align-right wp-block-paragraph\">Nadine Lanneau, <\/p>\n\n\n\n<p class=\"has-text-align-right wp-block-paragraph\">professeure documentaliste retrait\u00e9e de l&rsquo;Education nationale, <\/p>\n\n\n\n<p class=\"has-text-align-right wp-block-paragraph\">gestionnaire de ce site<\/p>\n","protected":false},"excerpt":{"rendered":"<p>Par Nadine Lanneau, professeure documentaliste retrait\u00e9e de l&rsquo;Education nationale. Publi\u00e9 dans Innovations. Transformer un expos\u00e9 magistral Une situation nous a \u00e9t\u00e9 rapport\u00e9e en cette rentr\u00e9e 2023, celle o\u00f9 l&rsquo;expos\u00e9 magistral d&rsquo;un\u2022e conf\u00e9rencier\u2022e est transform\u00e9 en \u00ab\u00a0conf\u00e9rence&#8230; interrompue\u00a0\u00bb. Car les conf\u00e9rences, les expos\u00e9s, les cours magistraux etc. ont, comme on l&rsquo;a vu dans un pr\u00e9c\u00e9dent article,&hellip; <a class=\"more-link\" href=\"https:\/\/education-bien-commun.fr\/?p=7706\">Lire la suite <span class=\"screen-reader-text\">La \u00ab\u00a0Conf\u00e9rence interrompue\u00a0\u00bb<\/span><\/a><\/p>\n","protected":false},"author":3,"featured_media":0,"comment_status":"open","ping_status":"open","sticky":true,"template":"","format":"standard","meta":{"_jetpack_newsletter_access":"","_jetpack_dont_email_post_to_subs":false,"_jetpack_newsletter_tier_id":0,"_jetpack_memberships_contains_paywalled_content":false,"_jetpack_feature_clip_id":0,"_jetpack_memberships_contains_paid_content":false,"footnotes":"","jetpack_post_was_ever_published":false},"categories":[5,7,12,14,22,24,32,34,40,44,66,71,85],"tags":[],"class_list":["post-7706","post","type-post","status-publish","format-standard","hentry","category-apprentissage","category-autogestion","category-changement","category-citoyennete","category-construction-du-savoir","category-cooperation","category-debat-democratique","category-democratie-participative","category-education-populaire","category-emancipation","category-innovation","category-methodes-actives","category-promotion-collective"],"jetpack_sharing_enabled":true,"jetpack_featured_media_url":"","_links":{"self":[{"href":"https:\/\/education-bien-commun.fr\/index.php?rest_route=\/wp\/v2\/posts\/7706","targetHints":{"allow":["GET"]}}],"collection":[{"href":"https:\/\/education-bien-commun.fr\/index.php?rest_route=\/wp\/v2\/posts"}],"about":[{"href":"https:\/\/education-bien-commun.fr\/index.php?rest_route=\/wp\/v2\/types\/post"}],"author":[{"embeddable":true,"href":"https:\/\/education-bien-commun.fr\/index.php?rest_route=\/wp\/v2\/users\/3"}],"replies":[{"embeddable":true,"href":"https:\/\/education-bien-commun.fr\/index.php?rest_route=%2Fwp%2Fv2%2Fcomments&post=7706"}],"version-history":[{"count":0,"href":"https:\/\/education-bien-commun.fr\/index.php?rest_route=\/wp\/v2\/posts\/7706\/revisions"}],"wp:attachment":[{"href":"https:\/\/education-bien-commun.fr\/index.php?rest_route=%2Fwp%2Fv2%2Fmedia&parent=7706"}],"wp:term":[{"taxonomy":"category","embeddable":true,"href":"https:\/\/education-bien-commun.fr\/index.php?rest_route=%2Fwp%2Fv2%2Fcategories&post=7706"},{"taxonomy":"post_tag","embeddable":true,"href":"https:\/\/education-bien-commun.fr\/index.php?rest_route=%2Fwp%2Fv2%2Ftags&post=7706"}],"curies":[{"name":"wp","href":"https:\/\/api.w.org\/{rel}","templated":true}]}}