{"id":7754,"date":"2023-10-07T03:37:20","date_gmt":"2023-10-07T01:37:20","guid":{"rendered":"https:\/\/educationbiencommun.fr\/?p=7754"},"modified":"2023-10-07T03:37:20","modified_gmt":"2023-10-07T01:37:20","slug":"action-des-manuels-scolaires-detat-pour-innover","status":"publish","type":"post","link":"https:\/\/education-bien-commun.fr\/?p=7754","title":{"rendered":"Des manuels scolaires d\u2019Etat pour innover ??!"},"content":{"rendered":"\n<p class=\"wp-block-paragraph\">Par Nadine Lanneau, anciennement professeure documentaliste en coll\u00e8ge et lyc\u00e9e dans l&rsquo;Education nationale. Publi\u00e9 dans Syst\u00e8me \u00e9ducatif.<\/p>\n\n\n\n<h3 class=\"wp-block-heading has-text-align-center\"><mark style=\"background-color:rgba(0, 0, 0, 0)\" class=\"has-inline-color has-luminous-vivid-orange-color\">Le grand bond en arri\u00e8re<strong>&#8230;<\/strong><\/mark><\/h3>\n\n\n\n<p class=\"wp-block-paragraph\">Airs martiaux au Minist\u00e8re de l&rsquo;Education : \u00ab Nous ne sommes plus dans le temps des constats. Nous sommes dans le temps de l\u2019action \u00bb, dit G. Attal, notre ministre.<\/p>\n\n\n\n<p class=\"wp-block-paragraph\">Alors en avant&#8230;<\/p>\n\n\n\n<p class=\"wp-block-paragraph\">mais<\/p>\n\n\n\n<p class=\"wp-block-paragraph\">en mettant la marche arri\u00e8re ! <img loading=\"lazy\" decoding=\"async\" height=\"16\" width=\"16\" alt=\"\ud83d\ude21\" src=\"https:\/\/static.xx.fbcdn.net\/images\/emoji.php\/v9\/t2c\/2\/16\/1f621.png\"><\/p>\n\n\n\n<p class=\"wp-block-paragraph\">&#8230;<\/p>\n\n\n\n<h3 class=\"wp-block-heading has-text-align-center\"><mark style=\"background-color:rgba(0, 0, 0, 0)\" class=\"has-inline-color has-luminous-vivid-orange-color\">&#8230;au temps de Guizot<\/mark><\/h3>\n\n\n\n<p class=\"wp-block-paragraph\">Retour en arri\u00e8re au d\u00e9but du XIX\u00b0 si\u00e8cle, chez Fran\u00e7ois Guizot (1787-1874), le ministre de l&rsquo;Instruction publique de Louis-Philippe, \u00ab\u00a0le roi bourgeois\u00a0\u00bb : \u00ab\u00a0Par la loi du 28 juin 1833, il fonde l&rsquo;enseignement primaire public et g\u00e9n\u00e9ralise les \u00c9coles normales primaires pour la formation des instituteurs\u00a0\u00bb. <a href=\"https:\/\/urlz.fr\/nVgv\"><strong>Tout \u00e9tait \u00e0 faire dans un enseignement inexistant et\/ou aux mains du Clerg\u00e9. <\/strong><\/a><\/p>\n\n\n\n<p class=\"has-text-align-center wp-block-paragraph\"><strong>Pourquoi effectuer ce rapprochement avec ce ministre conservateur mais cependant \u00ab\u00a0\u00e9clair\u00e9\u00a0\u00bb ?<\/strong><\/p>\n\n\n\n<p class=\"wp-block-paragraph\">A cause des \u00ab\u00a0actions\u00a0\u00bb innovantes (?) propos\u00e9es \u00e0 l&rsquo;heure actuelle par Attal. Ainsi : <\/p>\n\n\n\n<p class=\"has-text-align-center wp-block-paragraph\"><strong>Des manuels scolaires d\u2019Etat, des manuels officiels <\/strong><\/p>\n\n\n\n<p class=\"wp-block-paragraph\">\u00ab\u00a0Les manuels scolaires sont \u00ab trop h\u00e9t\u00e9rog\u00e8nes \u00bb, explique le ministre [&#8230;]\u00ab La question de la labellisation des manuels est pos\u00e9e \u00bb. L\u2019enjeu n\u2019est pas seulement la fin de la libert\u00e9 d\u2019\u00e9dition, ce qui est d\u00e9j\u00e0 \u00e9norme. C\u2019est l\u2019imposition du manuel minist\u00e9riel unique, avec ce que cela veut dire pour les pratiques enseignantes, qui s\u2019annonce. L\u2019Institut Montaigne r\u00e9cemment demandait de mettre fin \u00e0 la libert\u00e9 p\u00e9dagogique pour plus d\u2019efficacit\u00e9. G Attal va le faire\u00a0\u00bb. <a href=\"https:\/\/urlz.fr\/nVgz\"><strong>Lire ici dans le site du Caf\u00e9 P\u00e9dagogique.<\/strong><\/a><\/p>\n\n\n\n<p class=\"wp-block-paragraph\"><\/p>\n\n\n\n<h3 class=\"wp-block-heading has-text-align-center\"><strong><mark style=\"background-color:rgba(0, 0, 0, 0)\" class=\"has-inline-color has-luminous-vivid-orange-color\">Complexit\u00e9 du personnage de Guizot <\/mark><\/strong><\/h3>\n\n\n\n<p class=\"wp-block-paragraph\">Plusieurs exemples pour nous \u00e9clairer.<\/p>\n\n\n\n<p class=\"wp-block-paragraph\">Tout d&rsquo;abord :<\/p>\n\n\n\n<ul class=\"wp-block-list\">\n<li>Guizot \u00e9tait un <strong>historien <\/strong>de grande envergure, un <strong>universitaire<\/strong>, mais en m\u00eame temps, <strong>un homme cruel pour le Peuple<\/strong> <strong>et en particulier pour les enfants<\/strong> travaillant en usine. En effet, alors qu&rsquo;un r\u00e9cent Rapport sur la sant\u00e9 des ouvriers des manufactures publi\u00e9 par le Dr Villerm\u00e9 pr\u00e9conisait que le travail des ENFANTS DE MOINS DE 8 ANS soit limit\u00e9 \u00e0 15 HEURES PAR JOUR, Guizot d\u00e9clara de mani\u00e8re cinglante devant la Chambre : \u00ab\u00a0MONSIEUR, VOUS VOULEZ NOUS FAIRE UNE G\u00c9N\u00c9RATION DE PARESSEUX !\u00a0\u00bb<\/li>\n\n\n\n<li><strong>Cruaut\u00e9 de classe, cruaut\u00e9 envers le Peuple<\/strong> : Elle concourut \u00e0 <strong>la r\u00e9volution de f\u00e9vrier 1848<\/strong> et \u00e0 la chute de la royaut\u00e9.<\/li>\n<\/ul>\n\n\n\n<p class=\"wp-block-paragraph\">Autre exemple et non des moindres, une des facettes du personnage : <\/p>\n\n\n\n<blockquote class=\"wp-block-quote is-layout-flow wp-block-quote-is-layout-flow\">\n<ul class=\"wp-block-list\">\n<li>\u00ab\u00a0En 1815, Guizot avait adh\u00e9r\u00e9 \u00e0 la Soci\u00e9t\u00e9 pour l\u2019instruction \u00e9l\u00e9mentaire qui soutenait en particulier <strong>l\u2019enseignement mutuel<\/strong>, venu d\u2019Angleterre et alors tr\u00e8s en vogue. &#8211; Enseignement mutuel : un enseignement qui serait <strong>\u00e0 revisiter<\/strong>, enseignement <strong>d&rsquo;un int\u00e9r\u00eat certain<\/strong>, en tout cas compl\u00e8tement ignor\u00e9 d&rsquo;Attal, \u00e0 des ann\u00e9es-lumi\u00e8res de ses conceptions p\u00e9dagogiques, si tant est qu&rsquo;il en eut.<\/li>\n\n\n\n<li>\u00ab\u00a0Fond\u00e9 sur la <strong>co-instruction entre enfants<\/strong>, (on dirait aujourd&rsquo;hui en l&rsquo;adaptant <strong>\u00ab\u00a0enseignement par les pairs\u00a0\u00bb<\/strong>), ce mode d\u2019enseignement trouve son origine en Angleterre \u00e0 la fin du XVIII\u00e8me si\u00e8cle et se propage sur le continent europ\u00e9en <strong>d\u00e8s 1814. L\u2019\u00c9cossais Andrew Bell et l\u2019Anglais Joseph Lancaster<\/strong> d\u00e9veloppent la mutual tuiton et le monitorial system afin de g\u00e9n\u00e9raliser et massifier l\u2019enseignement \u00e9l\u00e9mentaire. <\/li>\n\n\n\n<li>Il s\u2019agit de r\u00e9unir dans une m\u00eame salle un seul ma\u00eetre et <strong>des enfants de tous \u00e2ges et de tous niveaux<\/strong> et de les regrouper en fonction de leurs capacit\u00e9s\u00a0\u00bb.<\/li>\n\n\n\n<li> <a href=\"https:\/\/urlz.fr\/nVgs\">\u00ab\u00a0L\u2019enseignement mutuel, une \u00ab innovation \u00bb p\u00e9dagogique au d\u00e9but du XIX\u00e8me si\u00e8cle\u00a0\u00bb<\/a> Cliquer.<\/li>\n<\/ul>\n<\/blockquote>\n\n\n\n<p class=\"wp-block-paragraph\"><\/p>\n\n\n\n<p class=\"wp-block-paragraph\">Attal, au d\u00e9but du XXI\u00e8me si\u00e8cle, comme Guizot, au d\u00e9but du XIX\u00e8me si\u00e8cle, ne fait que d\u00e9fendre des <strong>int\u00e9r\u00eats de classe&#8230;la sienne, la classe bourgeoise<\/strong>. En tout cas <strong>aucunement les int\u00e9r\u00eats du Peuple <\/strong>! <\/p>\n\n\n\n<h3 class=\"wp-block-heading has-text-align-center\"><mark style=\"background-color:rgba(0, 0, 0, 0)\" class=\"has-inline-color has-luminous-vivid-orange-color\">Un tweet de Philippe Meirieu<\/mark><\/h3>\n\n\n\n<figure class=\"wp-block-image size-large\"><img loading=\"lazy\" decoding=\"async\" width=\"1202\" height=\"528\" src=\"https:\/\/education-bien-commun.fr\/wp-content\/uploads\/2023\/10\/capture-decran-2023-10-07-a-00.18.08.png?w=1024\" alt=\"\" class=\"wp-image-7763\" srcset=\"https:\/\/education-bien-commun.fr\/wp-content\/uploads\/2023\/10\/capture-decran-2023-10-07-a-00.18.08.png 1202w, https:\/\/education-bien-commun.fr\/wp-content\/uploads\/2023\/10\/capture-decran-2023-10-07-a-00.18.08-300x132.png 300w, https:\/\/education-bien-commun.fr\/wp-content\/uploads\/2023\/10\/capture-decran-2023-10-07-a-00.18.08-1024x450.png 1024w, https:\/\/education-bien-commun.fr\/wp-content\/uploads\/2023\/10\/capture-decran-2023-10-07-a-00.18.08-768x337.png 768w\" sizes=\"auto, (max-width: 1202px) 100vw, 1202px\" \/><\/figure>\n\n\n\n<p class=\"has-text-align-center wp-block-paragraph\">***<\/p>\n\n\n\n<p class=\"wp-block-paragraph\"><strong>NOTES<\/strong><\/p>\n\n\n\n<h3 class=\"wp-block-heading has-text-align-center\"><strong><a href=\"https:\/\/www.guizot.com\/fr\/la-politique\/le-ministere-de-linstruction-publique\/\"><mark style=\"background-color:rgba(0, 0, 0, 0)\" class=\"has-inline-color has-luminous-vivid-orange-color\">Le manuel officiel de Guizot : <\/mark><\/a><\/strong><\/h3>\n\n\n<div class=\"wp-block-image\">\n<figure class=\"aligncenter size-large\"><img loading=\"lazy\" decoding=\"async\" width=\"418\" height=\"606\" src=\"https:\/\/education-bien-commun.fr\/wp-content\/uploads\/2023\/10\/capture-decran-2023-10-07-a-01.01.07.png?w=418\" alt=\"\" class=\"wp-image-7765\" srcset=\"https:\/\/education-bien-commun.fr\/wp-content\/uploads\/2023\/10\/capture-decran-2023-10-07-a-01.01.07.png 418w, https:\/\/education-bien-commun.fr\/wp-content\/uploads\/2023\/10\/capture-decran-2023-10-07-a-01.01.07-207x300.png 207w\" sizes=\"auto, (max-width: 418px) 100vw, 418px\" \/><\/figure>\n<\/div>\n\n\n<p class=\"wp-block-paragraph\"><\/p>\n\n\n<div class=\"wp-block-image\">\n<figure class=\"aligncenter size-large\"><img loading=\"lazy\" decoding=\"async\" width=\"382\" height=\"488\" src=\"https:\/\/education-bien-commun.fr\/wp-content\/uploads\/2023\/10\/capture-decran-2023-10-07-a-01.00.58.png?w=382\" alt=\"\" class=\"wp-image-7766\" srcset=\"https:\/\/education-bien-commun.fr\/wp-content\/uploads\/2023\/10\/capture-decran-2023-10-07-a-01.00.58.png 382w, https:\/\/education-bien-commun.fr\/wp-content\/uploads\/2023\/10\/capture-decran-2023-10-07-a-01.00.58-235x300.png 235w\" sizes=\"auto, (max-width: 382px) 100vw, 382px\" \/><\/figure>\n<\/div>\n\n\n<p class=\"wp-block-paragraph\"><\/p>\n\n\n\n<p class=\"wp-block-paragraph\"><\/p>\n\n\n<div class=\"wp-block-image\">\n<figure class=\"aligncenter size-large\"><img loading=\"lazy\" decoding=\"async\" width=\"366\" height=\"604\" src=\"https:\/\/education-bien-commun.fr\/wp-content\/uploads\/2023\/10\/capture-decran-2023-10-07-a-00.59.05.png?w=366\" alt=\"\" class=\"wp-image-7768\" srcset=\"https:\/\/education-bien-commun.fr\/wp-content\/uploads\/2023\/10\/capture-decran-2023-10-07-a-00.59.05.png 366w, https:\/\/education-bien-commun.fr\/wp-content\/uploads\/2023\/10\/capture-decran-2023-10-07-a-00.59.05-182x300.png 182w\" sizes=\"auto, (max-width: 366px) 100vw, 366px\" \/><\/figure>\n<\/div>\n\n\n<p class=\"wp-block-paragraph\"><a href=\"https:\/\/urlz.fr\/nVgS\"><strong>Les manuels officiels sous Guizot.<\/strong><\/a><\/p>\n\n\n\n<p class=\"wp-block-paragraph\">\u00ab\u00a0Guizot veilla \u00e0 l\u2019\u00e9dition et \u00e0 la diffusion des manuels scolaires, distribu\u00e9s gratuitement aux enfants indigents. Ces derniers, en 1833, repr\u00e9sentaient 23% des \u00e9l\u00e8ves du primaire en moyenne, mais plus de la moiti\u00e9 dans certains d\u00e9partements\u00a0\u00bb.<\/p>\n\n\n\n<p class=\"has-text-align-center wp-block-paragraph\"><strong>Vers l&rsquo;alphab\u00e9tisation de masse<\/strong><\/p>\n\n\n\n<p class=\"wp-block-paragraph\">Le manuel de lecture courante ici est typique de l&rsquo;enseignement tel que le voulait Guizot : \u00e0 la moral et religieux pour emp\u00eacher le Clerg\u00e9 de s&rsquo;introduire en masse dans l&rsquo;Ecole. Et puis plus profond\u00e9ment, Guizot \u00e9tait d&rsquo;ob\u00e9dience protestante.<\/p>\n\n\n\n<p class=\"wp-block-paragraph\">\u00ab\u00a0La loi Guizot pr\u00e9cise le contenu de l&rsquo;enseignement&nbsp;:&nbsp;<em>\u00ab&nbsp;L&rsquo;instruction primaire \u00e9l\u00e9mentaire comprend n\u00e9cessairement l&rsquo;instruction morale et religieuse, la lecture, l\u2019\u00e9criture, les \u00e9l\u00e9ments de la langue fran\u00e7aise et du calcul, le syst\u00e8me l\u00e9gal des poids et mesures&nbsp;\u00bb\u200b<\/em>&nbsp;(article 1)&#8230;<\/p>\n\n\n\n<p class=\"wp-block-paragraph\">Non sans pr\u00e9ciser&nbsp;:&nbsp;<em>\u00ab&nbsp;Le v\u0153u des p\u00e8res de famille sera toujours consult\u00e9 et suivi en ce qui concerne la participation de leurs enfants \u00e0 l&rsquo;instruction religieuse&nbsp;\u00bb\u200b<\/em>&nbsp;(article 2)&nbsp;! Autant dire que d\u00e8s 1833, sous le r\u00e8gne du roi Louis-Philippe, on met des limites \u00e0 l&rsquo;influence de l&rsquo;\u00c9glise&#8230;\u00a0\u00bb<\/p>\n\n\n\n<p class=\"wp-block-paragraph\">\u00ab\u00a0L&rsquo;enseignement primaire \u00e9l\u00e9mentaire est gratuit pour les enfants des familles pauvres &#8211;&nbsp;un sur trois environ&nbsp;-. Pratiqu\u00e9 le plus souvent dans une classe unique, sans souci des niveaux, il permet aux enfants les plus faibles d&rsquo;\u00eatre soutenus par les autres. Notons que les ch\u00e2timents corporels sont interdits par la loi d\u00e8s 1834\u00a0\u00bb.<\/p>\n\n\n\n<p class=\"wp-block-paragraph\">On remarquera que la lecture est segment\u00e9e, syllabique, alors qu&rsquo;il s&rsquo;agit de lecture courante. Loin de la v\u00e9ritable lecture. Le choix de la massification, c&rsquo;\u00e9tait d&rsquo;abord le choix d&rsquo;une lecture \u00e0 peu de frais&#8230;<\/p>\n\n\n\n<p class=\"wp-block-paragraph\"><strong><a href=\"https:\/\/www.herodote.net\/28_juin_1833-evenement-18330628.php\"> Lire ici sur la page H\u00e9rodote.<\/a><\/strong><\/p>\n\n\n\n<blockquote class=\"wp-block-quote is-layout-flow wp-block-quote-is-layout-flow\">\n<ul class=\"wp-block-list\">\n<li>Site  des descendants de Fran\u00e7ois Guizot. \u00ab\u00a0<strong>Publications num\u00e9riques<\/strong>&nbsp;: Une [action] importante dans une perspective culturelle et historique a \u00e9t\u00e9 la cr\u00e9ation en 2008 du site <a href=\"http:\/\/www.guizot.com\/\">www.guizot.com<\/a>&nbsp;rassemblant des contenus documentaires sur Guizot, sa famille et son \u0153uvre politique et intellectuelle. Les contenus ont \u00e9t\u00e9 \u00e9tablis essentiellement par l\u2019historien Laurent Theis. Le site est r\u00e9guli\u00e8rement enrichi et actualis\u00e9 en compl\u00e9tant les th\u00e9matiques existantes et en effectuant une veille des travaux scientifiques et historiques consacr\u00e9s \u00e0 Guizot et son action.<\/li>\n<\/ul>\n<\/blockquote>\n\n\n\n<p class=\"wp-block-paragraph\">Les images des manuels scolaires officiels sous Guizot sont sur le site.<\/p>\n\n\n\n<p class=\"has-text-align-center wp-block-paragraph\">***<\/p>\n\n\n\n<p class=\"has-text-align-right wp-block-paragraph\"><strong>Nadine Lanneau, prof documentaliste \u00e0 la retraite.<\/strong><\/p>\n\n\n\n<p class=\"wp-block-paragraph\"><\/p>\n","protected":false},"excerpt":{"rendered":"<p>Par Nadine Lanneau, anciennement professeure documentaliste en coll\u00e8ge et lyc\u00e9e dans l&rsquo;Education nationale. Publi\u00e9 dans Syst\u00e8me \u00e9ducatif. Le grand bond en arri\u00e8re&#8230; Airs martiaux au Minist\u00e8re de l&rsquo;Education : \u00ab Nous ne sommes plus dans le temps des constats. Nous sommes dans le temps de l\u2019action \u00bb, dit G. Attal, notre ministre. Alors en avant&#8230;&hellip; <a class=\"more-link\" href=\"https:\/\/education-bien-commun.fr\/?p=7754\">Lire la suite <span class=\"screen-reader-text\">Des manuels scolaires d\u2019Etat pour innover ??!<\/span><\/a><\/p>\n","protected":false},"author":3,"featured_media":0,"comment_status":"open","ping_status":"open","sticky":true,"template":"","format":"standard","meta":{"_jetpack_newsletter_access":"","_jetpack_dont_email_post_to_subs":false,"_jetpack_newsletter_tier_id":0,"_jetpack_memberships_contains_paywalled_content":false,"_jetpack_feature_clip_id":0,"_jetpack_memberships_contains_paid_content":false,"footnotes":"","jetpack_post_was_ever_published":false},"categories":[5,6,19,43,46,47,57,58,59,66,67,72,81,96],"tags":[],"class_list":["post-7754","post","type-post","status-publish","format-standard","hentry","category-apprentissage","category-apprentissage-de-la-lecture","category-complexite","category-eleve","category-enfant","category-enseignement","category-finalite-du-systeme-educatif","category-formater","category-formation-des-enseignants","category-innovation","category-lecture","category-mutualisation","category-politique-educative","category-systeme-educatif"],"jetpack_sharing_enabled":true,"jetpack_featured_media_url":"","_links":{"self":[{"href":"https:\/\/education-bien-commun.fr\/index.php?rest_route=\/wp\/v2\/posts\/7754","targetHints":{"allow":["GET"]}}],"collection":[{"href":"https:\/\/education-bien-commun.fr\/index.php?rest_route=\/wp\/v2\/posts"}],"about":[{"href":"https:\/\/education-bien-commun.fr\/index.php?rest_route=\/wp\/v2\/types\/post"}],"author":[{"embeddable":true,"href":"https:\/\/education-bien-commun.fr\/index.php?rest_route=\/wp\/v2\/users\/3"}],"replies":[{"embeddable":true,"href":"https:\/\/education-bien-commun.fr\/index.php?rest_route=%2Fwp%2Fv2%2Fcomments&post=7754"}],"version-history":[{"count":0,"href":"https:\/\/education-bien-commun.fr\/index.php?rest_route=\/wp\/v2\/posts\/7754\/revisions"}],"wp:attachment":[{"href":"https:\/\/education-bien-commun.fr\/index.php?rest_route=%2Fwp%2Fv2%2Fmedia&parent=7754"}],"wp:term":[{"taxonomy":"category","embeddable":true,"href":"https:\/\/education-bien-commun.fr\/index.php?rest_route=%2Fwp%2Fv2%2Fcategories&post=7754"},{"taxonomy":"post_tag","embeddable":true,"href":"https:\/\/education-bien-commun.fr\/index.php?rest_route=%2Fwp%2Fv2%2Ftags&post=7754"}],"curies":[{"name":"wp","href":"https:\/\/api.w.org\/{rel}","templated":true}]}}