{"id":7785,"date":"2023-10-15T08:23:56","date_gmt":"2023-10-15T06:23:56","guid":{"rendered":"https:\/\/educationbiencommun.fr\/?p=7785"},"modified":"2023-10-15T08:23:56","modified_gmt":"2023-10-15T06:23:56","slug":"il-est-grand-temps-de-bifurquer","status":"publish","type":"post","link":"https:\/\/education-bien-commun.fr\/?p=7785","title":{"rendered":"Il est grand temps de bifurquer&#8230;"},"content":{"rendered":"\n<p class=\"wp-block-paragraph\">Par Nadine Lanneau, professeure documentaliste en coll\u00e8ge et lyc\u00e9e de l&rsquo;Education nationale. R\u00e9cemment \u00e0 la retraite. Publi\u00e9 dans Syst\u00e8me \u00e9ducatif.<\/p>\n\n\n\n<h3 class=\"wp-block-heading has-text-align-center\"><strong><mark style=\"background-color:#ff6900\" class=\"has-inline-color has-black-color\">\u00c7a va \u00eatre votre f\u00eate, mesdames et messieurs les enseignant\u2022e\u2022s !<\/mark><\/strong><\/h3>\n\n\n\n<p class=\"wp-block-paragraph\">Le 5 octobre, ce fut votre f\u00eate, mesdames et messieurs les enseignant\u2022e\u2022s !<\/p>\n\n\n\n<p class=\"wp-block-paragraph\">Le 5 octobre, c&rsquo;est la <strong>f\u00eate mondiale des enseignantes et des enseignant<\/strong>s &#8230;\u00a0\u00bb Le journal le Monde nous apprend : \u00ab\u00a0Gabriel Attal prononce un discours sur l\u2019esplanade de la Biblioth\u00e8que nationale de France, devant un parterre de 200 invit\u00e9s. Il y annonce le <strong>lancement d\u2019une \u00ab mission \u00bb <\/strong>charg\u00e9e de formuler des propositions \u00e0 tous les niveaux de la scolarit\u00e9 <strong>afin \u00ab d\u2019accro\u00eetre le niveau des \u00e9l\u00e8ves \u00bb<\/strong>. Le ministre avance \u00e9galement des pistes pour am\u00e9liorer l\u2019attractivit\u00e9 du m\u00e9tier d\u2019enseignant, en estimant que la priorit\u00e9 n\u2019est plus \u00e0 la hausse des salaires\u00a0\u00bb.<\/p>\n\n\n\n<p class=\"wp-block-paragraph\">Recension de l&rsquo;article du Monde du 5\/10\/2023 : <\/p>\n\n\n\n<h3 class=\"wp-block-heading has-text-align-center\"><mark style=\"background-color:#ff6900\" class=\"has-inline-color has-black-color\"><strong>Attal :<\/strong> <strong>Elever le niveau des \u00e9l\u00e8ves<\/strong><\/mark><\/h3>\n\n\n\n<p class=\"wp-block-paragraph\">Pour Attal, \u00e9lever le niveau des \u00e9l\u00e8ves se fera <strong>en \u00e9levant le niveau des \u00ab\u00a0fondamentaux\u00a0\u00bb (fran\u00e7ais, math\u00e9matiques)<\/strong>.<\/p>\n\n\n\n<p class=\"has-text-align-left wp-block-paragraph\"><strong><em>Question du Monde :<\/em><\/strong><\/p>\n\n\n\n<p class=\"wp-block-paragraph\">\u00ab\u00a0Pourtant, d\u2019apr\u00e8s les enqu\u00eates de l\u2019OCDE, nous sommes l\u2019un des pays qui consacrent le plus de temps \u00e0 l\u2019enseignement de ces <strong>\u00ab savoirs fondamentaux \u00bb<\/strong>. Que faudrait-il donc faire de plus ?<\/p>\n\n\n\n<p class=\"wp-block-paragraph\"><em>R\u00e9ponse <\/em>: Je souhaite que les premiers auditionn\u00e9s soient <strong>les organisations syndicales repr\u00e9sentatives <\/strong>des enseignants. Tous les professeurs seront \u00e9galement associ\u00e9s : la semaine prochaine, nous lancerons <strong>une consultation de l\u2019ensemble de nos 860 000 professeurs<\/strong> sur les priorit\u00e9s et les actions \u00e0 mettre en \u0153uvre pour \u00e9lever le niveau\u00a0\u00bb<\/p>\n\n\n\n<p class=\"wp-block-paragraph\">[<em><strong> Petite parenth\u00e8se : <\/strong><\/em>D\u00e9claration du syndicat CGT Educ&rsquo;Action : \u00ab\u00a0<strong>Annonces Attal ou l\u2019intensification de la bataille id\u00e9ologique.<\/strong> \u00ab\u00a0Sur la forme, en annon\u00e7ant ces mesures sans aucune concertation avec les syndicats (un seul et bref \u00e9change lors d\u2019un week-end&#8230;) et en engageant un vaste sondage aupr\u00e8s des personnels, il est clair que le ministre souhaite contourner le dialogue social (qu\u2019il vante pourtant&#8230;) et d\u00e9-l\u00e9gitimer la repr\u00e9sentativit\u00e9 syndicale. Nous d\u00e9non\u00e7ons \u00e9galement le calendrier retenu qui indique clairement que le travail est d\u2019ores et d\u00e9j\u00e0 men\u00e9 par le minist\u00e8re et que les d\u00e9cisions sont prises\u00a0\u00bb. ]<\/p>\n\n\n\n<h3 class=\"wp-block-heading has-text-align-center\"><mark style=\"background-color:#ff6900\" class=\"has-inline-color has-black-color\">Comment \u00e9lever le niveau des \u00e9l\u00e8ves <strong>: les mesures minist\u00e9rielles<\/strong><\/mark><\/h3>\n\n\n\n<p class=\"wp-block-paragraph\"><strong>R\u00e9sum\u00e9 succinct des principales propositions d&rsquo;Attal <\/strong> (Le Monde et les annonces&#8230;)<\/p>\n\n\n\n<ul class=\"wp-block-list\">\n<li>Priorit\u00e9 au fran\u00e7ais et aux math\u00e9matiques = l<strong>es fameux fondamentaux<\/strong><\/li>\n\n\n\n<li><strong>Revoir les programmes<\/strong>, leur contenu, leur organisation m\u00eame en primaire (maternelle, \u00e9l\u00e9mentaire).<\/li>\n\n\n\n<li><strong>Supprimer les cycles<\/strong> dans tout le syst\u00e8me. (Voir plus bas : Les Cycles de la loi Jospin.)<\/li>\n\n\n\n<li><strong>Un manuel unique<\/strong> : d&rsquo;Etat, officiel ? Voir mon article ici-m\u00eame : <strong><a href=\"https:\/\/education-bien-commun.fr\/2023\/10\/07\/action-des-manuels-scolaires-detat-pour-innover\/\">\u00ab\u00a0Des manuels scolaires d\u2019Etat pour innover&nbsp;??!<\/a><\/strong><\/li>\n\n\n\n<li>Accepter en sixi\u00e8me de nombreux <strong>\u00e9l\u00e8ves \u00ab\u00a0illettr\u00e9s\u00a0\u00bb <\/strong>? Grande question&#8230; Il s&rsquo;agit bien de lecture, donc de compr\u00e9hension de tous les langage outre le fran\u00e7ais, les math\u00e9matiques, des langages permettant de comprendre le monde. (Voir ci-dessous : les fili\u00e8res. Le coll\u00e8ge.)<\/li>\n\n\n\n<li><strong>Refonder le coll\u00e8ge ?<\/strong> Autre grande question&#8230; (Voir ci-dessous le coll\u00e8ge unique&#8230;)<\/li>\n<\/ul>\n\n\n\n<h3 class=\"wp-block-heading has-text-align-center\"><mark style=\"background-color:#ff6900\" class=\"has-inline-color has-black-color\">En arri\u00e8re toute !<\/mark><\/h3>\n\n\n\n<p class=\"wp-block-paragraph\">Et tout d&rsquo;abord, comme <mark style=\"background-color:rgba(0, 0, 0, 0)\" class=\"has-inline-color has-luminous-vivid-orange-color\"><strong>pour mieux comprendre le pr\u00e9sent et l&rsquo;avenir<\/strong><\/mark>, il n&rsquo;est rien de mieux que de <mark style=\"background-color:rgba(0, 0, 0, 0)\" class=\"has-inline-color has-luminous-vivid-orange-color\"><strong>se pencher sur le pass\u00e9<\/strong> <\/mark>: <strong>un petit historique des r\u00e9formes dans l&rsquo;Education nationale pour comprendre les manigances du ministre.<\/strong><\/p>\n\n\n\n<p class=\"wp-block-paragraph\"><em>L&rsquo;arriv\u00e9e de la gauche au pou<\/em>voir <em>en  1981 co\u00efncidera pour<\/em> <em>l&rsquo;Education nationale avec de grandes dates :<\/em><\/p>\n\n\n\n<h3 class=\"wp-block-heading\"><strong>1985<\/strong> : <strong>La grande r\u00e9forme du lyc\u00e9e professionnel<\/strong> <\/h3>\n\n\n\n<ul class=\"wp-block-list\">\n<li>Wikipedia. J.P. Chev\u00e8nement \u00e9tait ministre de l&rsquo;Education. J.L. M\u00e9lenchon, ministre d\u00e9l\u00e9gu\u00e9 \u00e0 l&rsquo;enseignement professionnel a cr\u00e9\u00e9 le LP Lyc\u00e9e professionnel. Celui-ci remplace l&rsquo;ancien LEP Lyc\u00e9e d&rsquo;Enseignement Professionnel qui recevait les \u00e9l\u00e8ves se destinant \u00e0 des \u00e9tudes courtes pour se former rapidement \u00e0 un m\u00e9tier, avec le CAP (Certificat d&rsquo;Aptitude professionnelle et le BEP (Brevet d&rsquo;Enseignement Professionnel cr\u00e9\u00e9 en 1967, le dipl\u00f4me terminal). Un nouveau lyc\u00e9e est donc cr\u00e9\u00e9 avec de nouveaux personnels recrut\u00e9s avec un nouveau concours, le PLP2 permettant d&rsquo;enseigner dans le BAC PRO.<\/li>\n\n\n\n<li><strong>Le bac professionnel ou bac pro comme on l&rsquo;appelle va mettre cette fili\u00e8re moins consid\u00e9r\u00e9e dans la hi\u00e9rarchisation des \u00e9tudes<\/strong>, \u00e0 la m\u00eame hauteur de consid\u00e9ration que les deux autres, la technologique et la g\u00e9n\u00e9rale. <\/li>\n\n\n\n<li><strong>Petite parenth\u00e8se<\/strong> : le lyc\u00e9e g\u00e9n\u00e9ral \u00e9tait  la voie d&rsquo;excellence des \u00e9tudes longues des enfants de la bourgeoisie depuis sa cr\u00e9ation par Napol\u00e9on en 1808 pour les gar\u00e7ons &#8211; le lyc\u00e9e militaire -. Il s&rsquo;ouvrira un si\u00e8cle plus tard aux filles : \u00ab\u00a0&#8230; en 1919, soit cent onze ans apr\u00e8s l\u2019institution de celui des gar\u00e7ons en 1808. Il ne devient identique pour les deux sexes qu\u2019en 1924. Enfin, ce n\u2019est qu\u2019en 1971 que les nouveaux lyc\u00e9es sont syst\u00e9matiquement mixtes. <strong>Le baccalaur\u00e9at, premier grade universitaire<\/strong>. D\u00e9cern\u00e9 par les Facult\u00e9s, il est con\u00e7u comme le premier grade universitaire. Car le baccalaur\u00e9at a la double particularit\u00e9 d&rsquo;ent\u00e9riner la fin des \u00e9tudes secondaires et d\u2019ouvrir l\u2019acc\u00e8s \u00e0 l\u2019enseignement sup\u00e9rieur. [&#8230;] <strong><a href=\"https:\/\/www.gouvernement.fr\/partage\/10047-napoleon-cree-le-baccalaureat-premier-grade-universitaire#:~:text=Par%20la%20loi%20du%201er,'%C3%A0%20l'enseignement%20sup%C3%A9rieur.\">Lire sur le site gouvernemental.<\/a><\/strong><\/li>\n\n\n\n<li>J.L.M\u00e9lenchon, le ministre de l&rsquo;enseignement professionnel, cr\u00e9ateur du bac professionnel, fait un bilan de sa r\u00e9forme, dans les ann\u00e9es 2000, alors qu&rsquo;il est devenu ministre de Jack Lang. Le bac pro  : c&rsquo;est un v\u00e9ritable changement de paradigme. Le bac pro, c&rsquo;est : \u00ab\u00a0[&#8230;] <strong><em>une vision moderne de ce que sont les m\u00e9tiers de notre \u00e9poque et donc les conditions \u00e0 r\u00e9unir pour les enseigner. En fait, les m\u00e9tiers contemporains peuvent \u00eatre d\u00e9crits comme autant de \u00ab\u00a0sciences pratiques\u00a0\u00bb. C&rsquo;est \u00e0 dire qu&rsquo;ils sont tout \u00e0 la fois un savoir de haut niveau de contenu et une culture technique de la mise en oeuvre de ces savoirs\u00a0\u00bb.<\/em><\/strong>  Une question se pose alors, celle des passerelles avec le lyc\u00e9e technologique mais aussi l&rsquo;enseignement sup\u00e9rieur, qui apporte une nouvelle dimension \u00e0 la fois aux bacs pro mais aussi aux BEP : \u00ab\u00a0[&#8230;] \u00e0 l&rsquo;int\u00e9rieur m\u00eame du parcours dans l&rsquo;enseignement professionnel, on doit constater l&rsquo;existence de fili\u00e8res en impasse. C&rsquo;est pourquoi j&rsquo;ai fix\u00e9 l&rsquo;objectif qu&rsquo;il n&rsquo;y ait plus de BEP sans ouverture sur un bac pro dans la m\u00eame sp\u00e9cialit\u00e9. La formule se prolonge \u00e9videmment par l&rsquo;exigence qu&rsquo;il n&rsquo;y ait pas de bac-pro sans passerelle ou contremarche vers l&rsquo;enseignement sup\u00e9rieur (BTS, DUT etc). <strong><a href=\"https:\/\/www.vie-publique.fr\/discours\/146009-declaration-de-m-jean-luc-melenchon-ministre-delegue-lenseignement\">Lire sur la page minist\u00e9rielle de Vie Publique, le bilan de son action.<\/a><\/strong><\/li>\n\n\n\n<li>A mille ann\u00e9es-lumi\u00e8re des conceptions de l&rsquo;ancien LEP !  <\/li>\n<\/ul>\n\n\n\n<p class=\"wp-block-paragraph\">\u00ab\u00a0A l&rsquo;heure actuelle, <strong>le ministre Attal a le projet de revenir sur cette avanc\u00e9e sociale et culturelle<\/strong> qu&rsquo;a \u00e9t\u00e9 le bac professionnel et qu&rsquo;il est encore pour de nombreux \u00e9l\u00e8ves de milieu populaire. Car ce sont bien s\u00fbr <strong>les enfants du Peuple qui y sont \u00ab\u00a0orient\u00e9\u2022e\u2022s\u00a0\u00bb apr\u00e8s la troisi\u00e8me<\/strong>, souvent hors de tout d\u00e9sir personnel, trop souvent parce que depuis toujours, depuis le CP,  on ne leur a pas laiss\u00e9 le temps d&rsquo;apprendre \u00e0 leur rythme&#8230; \u00e0 lire, \u00e9crire, compter (les fondamentaux) et \u00e0 d\u00e9velopper toutes leurs comp\u00e9tences. Uniquement <strong>\u00e0 cause&#8230; de consid\u00e9rations de classe, de tri social  ! <\/strong>Le bac pro par contre, a permis l&rsquo;ouverture des \u00e9tudes universitaires \u00e0 des \u00e9l\u00e8ves qui ont pu se d\u00e9couvrir des talents cach\u00e9s, apr\u00e8s la troisi\u00e8me et le coll\u00e8ge mortif\u00e8re, une fois acquise une estime d&rsquo;eux-m\u00eames ferme et solide. Ce n&rsquo;est bien s\u00fbr pas la conception qu&rsquo;a Macron de l&rsquo;\u00e9ducation du Peuple : qu&rsquo;ont-ils \u00e0 faire de la Culture, qu&rsquo;ont-ils \u00e0 faire d&rsquo;\u00e9tudes pouss\u00e9es r\u00e9serv\u00e9es \u00e0 la bourgeoisie ?  A eux les m\u00e9tiers d&rsquo;ex\u00e9cution sans r\u00e9flexion. Le ministre Attal qui ob\u00e9it \u00e0 la voix de son ma\u00eetre fait en sorte que ces \u00e9l\u00e8ves ne soient plus que des pions au service des int\u00e9r\u00eats \u00e9conomiques, des serfs corv\u00e9ables \u00e0 merci. Loin de toute promotion collective et individuelle. <\/p>\n\n\n\n<p class=\"has-text-align-center wp-block-paragraph\"><strong>Analyse du syndicat SNUEP-FSU de l&rsquo;enseignement public<\/strong> : <\/p>\n\n\n\n<p class=\"has-text-align-center wp-block-paragraph\">\u00ab\u00a0La r\u00e9forme des lyc\u00e9es pros \u00e0 rebours de l\u2019int\u00e9r\u00eat g\u00e9n\u00e9ral et de l\u2019int\u00e9r\u00eat des jeunes\u00a0\u00bb<\/p>\n\n\n\n<p class=\"wp-block-paragraph\"><strong>Consid\u00e9rons les \u00e9tonnantes analyses de l&rsquo;OCDE : <\/strong><\/p>\n\n\n\n<p class=\"wp-block-paragraph\">\u00ab\u00a0<strong>Le rapport de l\u2019OCDE<em>, Regard sur l\u2019\u00c9ducation,<\/em><\/strong>&nbsp;est un document qui fournit des analyses globales sur l\u2019\u00e9tat de l\u2019\u00c9ducation dans le monde. Il couvre plusieurs th\u00e9matiques sur l\u2019\u00c9cole, en particulier celle tr\u00e8s explosive des salaires. Cette ann\u00e9e, sa particularit\u00e9 est de mettre aussi l\u2019accent sur l\u2019enseignement et la formation professionnels. Et au regard des analyses, on peut ais\u00e9ment mesurer que <strong>la r\u00e9forme des lyc\u00e9es pros est \u00e0 rebours des attendus et des pr\u00e9conisations de l\u2019OCDE, de l\u2019int\u00e9r\u00eat des jeunes<\/strong> \u2013 en particulier sur les fili\u00e8res tertiaires, et plus largement des besoins en main d\u2019\u0153uvre qualifi\u00e9e dans le pays.<\/p>\n\n\n\n<p class=\"wp-block-paragraph\">\u00ab\u00a0Ce rapport de l\u2019OCDE affirme aussi \u00e0 plusieurs reprises <strong>l\u2019importance et le r\u00f4le d\u00e9terminant des dipl\u00f4mes professionnels&nbsp;:&nbsp; plus protecteurs contre le ch\u00f4mage<\/strong>, ils contribuent toujours \u00e0 un acc\u00e8s am\u00e9lior\u00e9 \u00e0 l\u2019emploi. Il confirme aussi divers r\u00e9sultats d\u00e9j\u00e0 point\u00e9s par d\u2019autres \u00e9tudes&nbsp;: plus les jeunes sont dipl\u00f4m\u00e9s, plus ils sont maintenus en emploi\u00a0\u00bb<\/p>\n\n\n\n<p class=\"wp-block-paragraph\">[&#8230;] \u00ab\u00a0la r\u00e9forme des lyc\u00e9es pros va aggraver la r\u00e9ussite des jeunes aux \u00e9preuves du bac pro et du CAP car elle ne pr\u00e9voit pas de revenir sur les <strong>pertes horaires en enseignement g\u00e9n\u00e9ral orchestr\u00e9es par la r\u00e9forme Blanquer. <\/strong>Et pire, Carole Grandjean, [Ndlr : ministre d\u00e9l\u00e9gu\u00e9e charg\u00e9e de l\u2019Enseignement et de la Formation professionnels depuis le 4 juillet 2022 ], persiste dans cette m\u00eame logique de <strong>renoncement scolaire aussi pour les disciplines professionnelles.<\/strong> Augmenter les p\u00e9riodes de stage en terminale, c\u2019est diminuer d\u2019autant le temps d\u2019\u00e9cole pour toutes les disciplines. C\u2019est donc faire <strong>un pari fou et dangereux<\/strong> sur la diplomation de la jeunesse lyc\u00e9enne la plus fragile scolairement\u00a0\u00bb. <\/p>\n\n\n\n<p class=\"wp-block-paragraph\">[&#8230;] \u00ab\u00a0La partie la plus embl\u00e9matique de ce rapport concerne certainement les passages sur les fili\u00e8res professionnelles tertiaires o\u00f9 il est clairement \u00e9crit que l\u2019enseignement du tertiaire est important car attractif puisqu\u2019il permet aux jeunes de poursuivre des \u00e9tudes et aussi, pour les diplom\u00e9\u00b7es en emploi, de changer plus facilement d\u2019orientation au cours de leur carri\u00e8re. Ces analyses, plusieurs fois mentionn\u00e9es, d\u00e9montrent \u00e0 quel point le choix de C. Grandjean de fermer ces fili\u00e8res en priorit\u00e9 en France rel\u00e8ve d\u2019une <strong>hypocrisie et d\u2019un dogmatisme pervers<\/strong>. Ces fermetures d\u00e9j\u00e0 calibr\u00e9es et voulues rapides poursuivent <strong>un objectif cach\u00e9 et dangereux<\/strong> pour les personnels et les jeunes&nbsp;: alimenter les CFA d\u2019entreprise type Mac Do qui ne recrutent pas et r\u00e9pondre aux exigences des grandes entreprises dans les secteurs d\u2019activit\u00e9 en p\u00e9nurie de main d\u2019\u0153uvre\u00a0\u00bb.<strong><a href=\"https:\/\/snuep.fr\/regard-ocde-2023\/\"> Lire sur la page du syndicat SNUEP-FSU. Enseignement professionnel public.<\/a><\/strong><\/p>\n\n\n\n<h3 class=\"wp-block-heading\">10 juillet 1989  : <strong>La loi d&rsquo;orientation sur l&rsquo;\u00e9ducation<\/strong>&nbsp;<\/h3>\n\n\n\n<ul class=\"wp-block-list\">\n<li><strong>La<\/strong>&nbsp;<strong>loi d&rsquo;orientation sur l&rsquo;\u00e9ducation<\/strong>&nbsp;du&nbsp;10 juillet 1989, dite aussi&nbsp;<strong>loi Jospin<\/strong>&nbsp;(du nom du&nbsp;ministre de l&rsquo;\u00e9ducation nationale, Lionel Jospin), est une loi qui modifie largement le syst\u00e8me \u00e9ducatif fran\u00e7ais mais&#8230; a \u00e9t\u00e9 partiellement ou jamais appliqu\u00e9e. <\/li>\n\n\n\n<li><strong>Les cycles<\/strong>, un pilier de cette r\u00e9forme : \u00ab\u00a0La loi organise la scolarit\u00e9 en cycles, trois pour le&nbsp;primaire (maternelle et \u00e9l\u00e9mentaire), deux pour le&nbsp;coll\u00e8ge, et des cycles plus ou moins nombreux au&nbsp;lyc\u00e9e selon les fili\u00e8res. Notons que d\u00e9j\u00e0 le nombre de cycles est revu \u00e0 la baisse avec la r\u00e9forme des lyc\u00e9es [ndlr : en 2017, de Blanquer].<\/li>\n\n\n\n<li><strong>Les cycles<\/strong>, objectif  : La loi Jospin, avec les <strong>cycles<\/strong>, permet de cr\u00e9er <strong>des passerelles<\/strong> entre les diff\u00e9rents niveaux : maternelle-CP, CM2-sixi\u00e8me, 3\u00b0-2\u00b0, etc. pour que les \u00e9l\u00e8ves puissent suivre leur scolarit\u00e9&#8230; <strong>\u00e0 leur rythme<\/strong> et non \u00e0 un rythme effr\u00e9n\u00e9 qui, toutes les \u00e9tudes l&rsquo;ont montr\u00e9, d\u00e9favorise les plus faibles \u00e0 tous les points de vue. Et si l&rsquo;on ne donne pas le temps au temps, ce sont les privil\u00e9gi\u00e9\u2022e\u2022s qui l&#8217;emporteront toujours sur les plus faibles, non les moins comp\u00e9tent\u2022e\u2022s.<\/li>\n<\/ul>\n\n\n\n<h3 class=\"wp-block-heading\">11 Juillet 1975 : <strong>Le coll\u00e8ge unique<\/strong><\/h3>\n\n\n\n<ul class=\"wp-block-list\">\n<li>Souvenons-nous ensuite que <strong>le coll\u00e8ge unique<\/strong> a \u00e9t\u00e9 cr\u00e9\u00e9 par <strong>la loi Haby, ministre de l&rsquo;\u00e9ducation de droite de Val\u00e9ry Giscard d&rsquo;Estaing, <\/strong>lui-m\u00eame de droite mais \u00ab\u00a0\u00e9clair\u00e9\u00a0\u00bb (souvenons-nous de Simone Veil, sa ministre de la sant\u00e9 choisie dans la soci\u00e9t\u00e9 civile pour son engagement et son humanisme et de la loi pour l&rsquo;avortement qu&rsquo;ils avaient soutenue ensemble malgr\u00e9 les oppositions de&#8230; la droite en particulier).<\/li>\n\n\n\n<li>Le 11 juillet 1975, Ren\u00e9 Haby, ministre de l&rsquo;\u00e9ducation, supprime <strong>la distinction entre CES et CEG qui deviennent tous des coll\u00e8ges<\/strong>. Elle <strong>met donc fin \u00e0 l&rsquo;organisation de la scolarit\u00e9 en fili\u00e8res<\/strong>.<\/li>\n\n\n\n<li>Les fili\u00e8res avaient pour but de classer et de trier les \u00e9l\u00e8ves, selon des crit\u00e8res de classes sociales : <strong>le lyc\u00e9e, pour les enfants de la bourgeoisie<\/strong>, avec d&rsquo;abord <strong>le CP du \u00ab\u00a0petit lyc\u00e9e\u00a0\u00bb<\/strong> pour les plus  jeunes et un apprentissage de la lecture \u00e0 des ann\u00e9es-lumi\u00e8re de celui dispens\u00e9 pour le Peuple \u00e0 l&rsquo;\u00e9cole communale : pas d&rsquo;apprentissage avec du d\u00e9chiffrement pour alphab\u00e9tiser mais tout de suite de vrais textes \u00e0 lire. Le choix \u00e9tait clair : on voulait former des lecteurs\u2022rice\u2022s qui entreraient en sixi\u00e8me <strong>avec latin<\/strong> dans une fili\u00e8re classique.<\/li>\n\n\n\n<li>Les bons \u00e9l\u00e8ve de CM2 entraient en sixi\u00e8me au Cours compl\u00e9mentaire, des classes d&rsquo;enseignement primaire sup\u00e9rieur annex\u00e9es aux \u00e9coles communales, d&rsquo;abord puis en 1959&nbsp;une r\u00e9forme de l&rsquo;enseignement public les transforme en&nbsp;<strong>CEG<\/strong>, coll\u00e8ges d&rsquo;enseignement g\u00e9n\u00e9ral, <strong>un coll\u00e8ge moderne sans latin <\/strong>donc. Une fili\u00e8re courte  pour les enfants des classes populaires et moyennes qui se destinaient \u00e0 l&rsquo;administration, \u00e0 des professions subalternes, les employ\u00e9\u2022e\u2022s. Les enfants d&rsquo;ouvriers allaient en technique.<\/li>\n\n\n\n<li>En 1963, on d\u00e9cida de rassembler dans des\u00a0<strong>coll\u00e8ges d&rsquo;enseignement secondaire (CES)<\/strong>,\u00a0les classes de fin d&rsquo;\u00e9tude primaire, les premiers cycles de lyc\u00e9e et les CEG.  Ces CES comportent donc des sections classiques avec latin en sixi\u00e8me puis grec en quatri\u00e8me et des\u00a0professeurs certifi\u00e9s ou agr\u00e9g\u00e9s, anciens professeurs\u2022e\u2022s de lyc\u00e9e ; des sections modernes sans latin avec des professeurs d&rsquo;enseignement g\u00e9n\u00e9ral de coll\u00e8ge\u00a0issus des CEG ; et des classes dites de transition, en 6\u00b0 et 5\u00b0 issues des classes de fin d&rsquo;\u00e9tudes d&rsquo;\u00e9cole primaire ; suivies en 4<sup>e<\/sup>-3<sup>e<\/sup> , de classes pratiques\u00a0ou\u00a0terminale pratique qui consistaient en une formation pratique pour un apprentissage ou une carri\u00e8re d&rsquo;ouvrier sp\u00e9cialis\u00e9.<\/li>\n\n\n\n<li><strong>Les fili\u00e8res sont abandonn\u00e9es <\/strong>cad les deux ordres d&rsquo;enseignement, un pour les enfants de la bourgeoisie qui se destinaient aux \u00e9tudes longues et aux carri\u00e8res de dirigeantes et de dirigeantes = le lyc\u00e9e et les  = le cours Compl\u00e9mentaire. Il y avait cependant des passerelles permettant \u00e0 celles et ceux que l&rsquo;on appelle aujourd&rsquo;hui des \u00ab\u00a0transfuges de classe\u00a0\u00bb, comme Albert Camus \u00ab\u00a0[&#8230;] une infime minorit\u00e9 d\u2019\u00e9l\u00e8ves brillants, dits \u00abm\u00e9ritants\u00bb et issus des classes populaires, de passer d\u2019une voie \u00e0 une autre [&#8230;] Lorsqu\u2019on \u00e9tait pauvre, il fallait \u00eatre meilleur que les autres, meilleur que le petit camarade enfant de riches ou de lettr\u00e9s pour acc\u00e9der aux voies \u00abroyales\u00bb. <\/li>\n\n\n\n<li>Un article de Lib\u00e9ration de 2015 : \u00ab\u00a0Cette r\u00e9forme du coll\u00e8ge est un pas de plus vers un coll\u00e8ge plus \u00abunique\u00bb, plus juste et plus performant\u00a0\u00bb <strong><a href=\"https:\/\/www.liberation.fr\/societe\/2015\/05\/12\/college-la-fin-des-filieres-cachees_1308166\/?redirected=1&amp;redirected=1\">Article de Lib\u00e9ration en 2015<\/a><\/strong>, par les journalistes Maya Akkari, Fondation Terra Nova et Caroline Veltcheff, Fondation Terra Nova (une association fran\u00e7aise se d\u00e9finissant comme un laboratoire d&rsquo;id\u00e9es, proche du centre gauche, qui se veut progressiste et ind\u00e9pendante.)<\/li>\n\n\n\n<li>Avec la loi Haby, <strong>l&rsquo;h\u00e9t\u00e9rog\u00e9n\u00e9it\u00e9 des classes<\/strong> est \u00e9tablie, <strong>des actions de soutien et des activit\u00e9s d&rsquo;approfondissement sont organis\u00e9es.<\/strong> Enfin, c&rsquo;est la th\u00e9orie ! A voir la r\u00e9alit\u00e9 r\u00e9elle&#8230;<\/li>\n\n\n\n<li>L&rsquo;article de Lib\u00e9ration continue : \u00ab\u00a0Le jeu d&rsquo;options,&nbsp;<em>a priori louable pour \u00e9viter un coll\u00e8ge monochrome,<\/em>&nbsp;(bilangues, sportives, musique,&nbsp;etc.) a servi l&rsquo;entre-soi des familles initi\u00e9es et est d&rsquo;une telle complexit\u00e9 qu&rsquo;il a \u00e9t\u00e9 un frein \u00e0 une \u00e9gale r\u00e9partition dans les classes des diff\u00e9rentes typologies d&rsquo;\u00e9l\u00e8ves. Sans r\u00e9elle mixit\u00e9 entre les \u00e9tablissements ni en leur sein m\u00eame, on se retrouve donc dans la majorit\u00e9 des cas face \u00e0 des regroupements d&rsquo;\u00e9l\u00e8ves d&rsquo;un m\u00eame niveau scolaire d\u00e8s la 6<sup>e<\/sup>&nbsp;dans des classes \u00e0 profil qui, de fait, cr\u00e9ent des fili\u00e8res dites \u00abcach\u00e9es\u00bb\u00a0\u00bb? [&#8230;]<\/li>\n\n\n\n<li>\u00ab\u00a0Ainsi, les sociologues nous disent qu&rsquo;\u00e0 leur sortie de&nbsp;3<sup>e<\/sup>, et toutes choses \u00e9gales par ailleurs, deux&nbsp;enfants, l&rsquo;un ayant \u00e9t\u00e9 scolaris\u00e9 dans un coll\u00e8ge de centre-ville dans une classe bi-langues avec option latin, l&rsquo;autre, dans un coll\u00e8ge d&rsquo;une banlieue populaire ou de zone rurale dans une classe lambda, ces deux&nbsp;enfants n&rsquo;auront pas \u00e9t\u00e9 confront\u00e9s aux m\u00eames apprentissages ni aux m\u00eames exigences ; que lorsqu&rsquo;ils se retrouvent dans un m\u00eame lyc\u00e9e, ils n&rsquo;ont statistiquement pas les m\u00eames chances de r\u00e9ussite. On peut donc affirmer que le coll\u00e8ge n&rsquo;a jamais \u00e9t\u00e9 pleinement \u00abunique\u00bb en France\u00a0\u00bb.[&#8230;]  Il\u00a0\u00bb&nbsp;a peu \u00e9volu\u00e9 contrairement \u00e0 des nations \u00e9conomiquement comparables \u00e0 la n\u00f4tre (Europe du Nord ; Sud-Est asiatique ; Canada,&nbsp;etc.), qui ont de nouveau modernis\u00e9 leur syst\u00e8me dans les ann\u00e9es&nbsp;80&Prime; [&#8230;]\u00a0\u00bbPar ailleurs, la tentation du petit lyc\u00e9e a aussi conduit l&rsquo;ensemble du syst\u00e8me \u00e0 tendre vers l&rsquo;abstraction : <strong>le coll\u00e8ge en France est tr\u00e8s notionnel <\/strong>et <strong>les enseignements, peu fond\u00e9s sur des projets<\/strong>, oublient en cours de route d&rsquo;enseigner aux \u00e9l\u00e8ves des comp\u00e9tences pragmatiques et concr\u00e8tes. <strong>L&rsquo;\u00e9miettement des enseignements au coll\u00e8ge (11 \u00e0 12 disciplines d\u00e8s la 6<sup>e&nbsp;<\/sup>!) d\u00e9favorise les enfants les moins autonomes et les moins soutenus, bien souvent les plus fragiles socialement. <\/strong>Donner du sens aux contenus, appr\u00e9hender la transversalit\u00e9 s&rsquo;acquiert, dans le syst\u00e8me actuel, malheureusement plus aupr\u00e8s des familles qu&rsquo;\u00e0 l&rsquo;\u00e9cole, ce qui est source d&rsquo;<strong>in\u00e9galit\u00e9s<\/strong>\u00ab\u00a0.<\/li>\n<\/ul>\n\n\n\n<h3 class=\"wp-block-heading\">Mai 1999 : Le Coll\u00e8ge de l&rsquo;an 2000<\/h3>\n\n\n\n<ul class=\"wp-block-list\">\n<li><strong><em>En mai 1999, une\u00a0nouvelle r\u00e9forme des coll\u00e8ges\u00a0est lanc\u00e9e par S\u00e9gol\u00e8ne Royal,<\/em><\/strong> ministre d\u00e9l\u00e9gu\u00e9e charg\u00e9e de l\u2019enseignement scolaire. Elle s\u2019appuie sur les conclusions du rapport du sociologue Fran\u00e7ois Dubet \u00ab\u00a0<a href=\"https:\/\/www.vie-publique.fr\/rapport\/25674-le-college-de-lan-2000-rapport-la-ministre-deleguee-chargee-de-len\">Le Coll\u00e8ge de l\u2019An 2000.<\/a>\u00a0\u00bb Le rapport est favorable au <strong>maintien du \u00ab\u00a0coll\u00e8ge pour tous\u00a0\u00bb,<\/strong> r\u00e9affirme <strong>son r\u00f4le int\u00e9grateur et refuse une orientation pr\u00e9coce<\/strong>.<\/li>\n\n\n\n<li>Il propose notamment de <strong>remettre \u00e0 niveau des \u00e9l\u00e8ves arrivant en 6e avec des lacunes importantes<\/strong>, de favoriser une plus grande coh\u00e9rence des enseignements et des \u00e9quipes p\u00e9dagogiques, de diversifier les m\u00e9thodes d\u2019apprentissage, de promouvoir la culture technique, de r\u00e9former le pilotage des coll\u00e8ges afin de lutter contre l\u2019accroissement des \u00e9carts entre les \u00e9tablissements, d\u2019am\u00e9liorer la vie au coll\u00e8ge en y associant davantage les parents et les \u00e9l\u00e8ves.<\/li>\n<\/ul>\n\n\n\n<p class=\"wp-block-paragraph\">Tout ce que veut \u00ab\u00a0chambouler \u00a0\u00bb l&rsquo;auto-suffisant et plein de morgue Attal, lui , <strong>le bourgeois de l&rsquo;entre-soi<\/strong> <strong>du \u00ab\u00a0Petit Paris\u00a0\u00bb <\/strong>(terme employ\u00e9 par Juan Branco  qui a \u00e9t\u00e9 \u00e9l\u00e8ve avec lui \u00e0 l&rsquo;\u00e9cole alsacienne, \u00e9cole de l&rsquo;\u00e9lite), o\u00f9 les \u00e9tudes bien s\u00fbr se font dans le m\u00eame lyc\u00e9e priv\u00e9 parisien, les rencontres amoureuses, et les mariages dans un \u00ab\u00a0entre-soi\u00a0\u00bb, un m\u00e9pris de classe de ce qui n&rsquo;est pas \u00ab\u00a0nous\u00a0\u00bb (Cf. les \u00e9crits de Juan Branco pourtant l&rsquo;un des leurs dont il se d\u00e9solidarise et qui d\u00e9nonce dans ses livres ce qu&rsquo;il conna\u00eet bien ; et les Pin\u00e7on-Charlot sociologues qui ont montr\u00e9 que cette connivence d\u00e9bute \u00ab\u00a0d\u00e8s l&rsquo;\u00e2ge de dix \u00e0 treize ans, par des sorties culturelles, pour se terminer par de grandes soir\u00e9es dansantes [&#8230;] Les futurs h\u00e9ritiers y apprennent \u00e0 reconna\u00eetre d&rsquo;instinct leurs semblables, en tant que partenaires possibles pour leur vie affective, sexuelle et surtout matrimoniale.\u00a0\u00bb <strong><a href=\"https:\/\/fr.wikipedia.org\/wiki\/Monique_Pin%C3%A7on-Charlot#cite_note-LeMondeD-19\">Lire ici<\/a><\/strong><\/p>\n\n\n\n<p class=\"wp-block-paragraph\">Je referme la parenth\u00e8se et reprends la lecture de l&rsquo;article du Monde du 05\/10\/2023 :<\/p>\n\n\n\n<h3 class=\"wp-block-heading has-text-align-center\"><strong><mark style=\"background-color:#ff6900\" class=\"has-inline-color has-black-color\">Jeu de questions-r\u00e9ponses entre le ministre et le Monde<\/mark><\/strong><\/h3>\n\n\n\n<ul class=\"wp-block-list\">\n<li><strong><mark style=\"background-color:rgba(0, 0, 0, 0)\" class=\"has-inline-color has-luminous-vivid-orange-color\">Q<\/mark><\/strong> : \u00ab\u00a0<strong>Le syst\u00e8me scolaire fran\u00e7ais<\/strong> se caract\u00e9rise surtout par d\u2019<strong>importantes in\u00e9galit\u00e9s<\/strong> <strong>entre les meilleurs \u00e9l\u00e8ves et les moins bons, fortement corr\u00e9l\u00e9es \u00e0 leur origine sociale<\/strong>. Comptez-vous agir sur ces in\u00e9galit\u00e9s pour am\u00e9liorer le niveau ?\u00a0\u00bb<\/li>\n<\/ul>\n\n\n\n<ul class=\"wp-block-list\">\n<li><mark style=\"background-color:rgba(0, 0, 0, 0)\" class=\"has-inline-color has-luminous-vivid-orange-color\"><strong>R<\/strong> <\/mark>: &#8230;?<\/li>\n<\/ul>\n\n\n\n<ul class=\"wp-block-list\">\n<li><strong><mark style=\"background-color:rgba(0, 0, 0, 0)\" class=\"has-inline-color has-luminous-vivid-orange-color\">Q<\/mark><\/strong> : \u00ab\u00a0Vous avez souhait\u00e9 rendre hommage aux professeurs \u00e0 l\u2019occasion de la Journ\u00e9e mondiale des enseignants. Cette profession est aujourd\u2019hui en souffrance. Comment comptez-vous r\u00e9pondre \u00e0 son mal-\u00eatre ?\u00a0\u00bb<\/li>\n\n\n\n<li><strong><mark style=\"background-color:rgba(0, 0, 0, 0)\" class=\"has-inline-color has-luminous-vivid-orange-color\">R<\/mark> <\/strong>: \u00ab\u00a0Au fond, nous sommes pass\u00e9s des hussards noirs de la IIIe R\u00e9publique aux combattants du savoir, qui luttent contre les in\u00e9galit\u00e9s, les d\u00e9terminismes et parfois les complotismes. S\u2019il y a une institution qui peut \u00eatre un rempart contre la peur du d\u00e9clin, c\u2019est l\u2019\u00e9cole, et le ciment de cette institution, ce sont les professeurs\u00a0\u00bb.<\/li>\n\n\n\n<li><strong><mark style=\"background-color:rgba(0, 0, 0, 0)\" class=\"has-inline-color has-luminous-vivid-orange-color\">Donc R<\/mark><\/strong> : &#8230;?<\/li>\n\n\n\n<li><strong><mark style=\"background-color:rgba(0, 0, 0, 0)\" class=\"has-inline-color has-luminous-vivid-orange-color\">Q : <\/mark><\/strong>\u00ab\u00a0Sur les r\u00e9mun\u00e9rations, vous soulignez les importantes hausses des derni\u00e8res ann\u00e9es, pour autant les enseignants n\u2019ont pas rattrap\u00e9 le retard pris en quelques d\u00e9cennies et leurs salaires restent inf\u00e9rieurs \u00e0 ceux des autres fonctionnaires de cat\u00e9gorie A. Ce chantier de la revalorisation est-il clos pour vous ?<\/li>\n\n\n\n<li><strong><mark style=\"background-color:rgba(0, 0, 0, 0)\" class=\"has-inline-color has-luminous-vivid-orange-color\">R <\/mark><\/strong>: ???<\/li>\n\n\n\n<li><strong><mark style=\"background-color:rgba(0, 0, 0, 0)\" class=\"has-inline-color has-luminous-vivid-orange-color\">Q<\/mark><\/strong> : \u00ab\u00a0Le temps de formation initiale des professeurs des \u00e9coles a baiss\u00e9 de 40 % depuis 1990\u00a0\u00bb. Ne parlons pas de la formation continue.<\/li>\n<\/ul>\n\n\n\n<p class=\"wp-block-paragraph\"><strong><a href=\"https:\/\/urlz.fr\/nVNi\">La lecture de l&rsquo;article est r\u00e9serv\u00e9e aux abonn\u00e9\u2022e\u2022s du Monde.<\/a><\/strong><\/p>\n\n\n\n<p class=\"has-text-align-center wp-block-paragraph\">***<\/p>\n\n\n\n<h3 class=\"wp-block-heading\">Notes<\/h3>\n\n\n\n<p class=\"wp-block-paragraph\"><strong>[1]<\/strong> Les trois lyc\u00e9es \u00e0 l&rsquo;heure actuelle.<\/p>\n\n\n\n<p class=\"wp-block-paragraph\"><a href=\"https:\/\/www.education.gouv.fr\/reussir-au-lycee\/le-lycee-41642\"><strong>Les diff\u00e9rents lyc\u00e9es apr\u00e8s la troisi\u00e8me<\/strong> : sur le site gouvernemental.<\/a><\/p>\n\n\n<div class=\"wp-block-image\">\n<figure class=\"aligncenter size-large is-resized\"><img loading=\"lazy\" decoding=\"async\" width=\"1612\" height=\"1072\" src=\"https:\/\/education-bien-commun.fr\/wp-content\/uploads\/2023\/10\/capture-decran-2023-10-15-a-02.30.19.png?w=1024\" alt=\"\" class=\"wp-image-8010\" style=\"width:377px;height:auto\" srcset=\"https:\/\/education-bien-commun.fr\/wp-content\/uploads\/2023\/10\/capture-decran-2023-10-15-a-02.30.19.png 1612w, https:\/\/education-bien-commun.fr\/wp-content\/uploads\/2023\/10\/capture-decran-2023-10-15-a-02.30.19-300x200.png 300w, https:\/\/education-bien-commun.fr\/wp-content\/uploads\/2023\/10\/capture-decran-2023-10-15-a-02.30.19-1024x681.png 1024w, https:\/\/education-bien-commun.fr\/wp-content\/uploads\/2023\/10\/capture-decran-2023-10-15-a-02.30.19-768x511.png 768w, https:\/\/education-bien-commun.fr\/wp-content\/uploads\/2023\/10\/capture-decran-2023-10-15-a-02.30.19-1536x1021.png 1536w\" sizes=\"auto, (max-width: 1612px) 100vw, 1612px\" \/><\/figure>\n<\/div>\n\n<div class=\"wp-block-image\">\n<figure class=\"aligncenter size-large is-resized\"><img loading=\"lazy\" decoding=\"async\" width=\"1596\" height=\"1036\" src=\"https:\/\/education-bien-commun.fr\/wp-content\/uploads\/2023\/10\/capture-decran-2023-10-15-a-02.30.37.png?w=1024\" alt=\"\" class=\"wp-image-8012\" style=\"width:370px;height:auto\" srcset=\"https:\/\/education-bien-commun.fr\/wp-content\/uploads\/2023\/10\/capture-decran-2023-10-15-a-02.30.37.png 1596w, https:\/\/education-bien-commun.fr\/wp-content\/uploads\/2023\/10\/capture-decran-2023-10-15-a-02.30.37-300x195.png 300w, https:\/\/education-bien-commun.fr\/wp-content\/uploads\/2023\/10\/capture-decran-2023-10-15-a-02.30.37-1024x665.png 1024w, https:\/\/education-bien-commun.fr\/wp-content\/uploads\/2023\/10\/capture-decran-2023-10-15-a-02.30.37-768x499.png 768w, https:\/\/education-bien-commun.fr\/wp-content\/uploads\/2023\/10\/capture-decran-2023-10-15-a-02.30.37-1536x997.png 1536w\" sizes=\"auto, (max-width: 1596px) 100vw, 1596px\" \/><\/figure>\n<\/div>\n\n\n<p class=\"has-text-align-center wp-block-paragraph\">***<\/p>\n\n\n\n<p class=\"wp-block-paragraph\">[2] L&rsquo;importance des cycles <\/p>\n\n\n\n<p class=\"wp-block-paragraph\"><strong><a href=\"https:\/\/eduscol.education.fr\/619\/l-organisation-des-enseignements-au-college\">L&rsquo;organisation de l&rsquo;Ecole primaire (maternelle-\u00e9l\u00e9mentaire) et du coll\u00e8ge, sur Eduscol<\/a><\/strong><\/p>\n\n\n\n<figure class=\"wp-block-image size-large\"><img loading=\"lazy\" decoding=\"async\" width=\"1902\" height=\"700\" src=\"https:\/\/education-bien-commun.fr\/wp-content\/uploads\/2023\/10\/capture-decran-2023-10-15-a-01.35.13.png?w=1024\" alt=\"\" class=\"wp-image-8003\" srcset=\"https:\/\/education-bien-commun.fr\/wp-content\/uploads\/2023\/10\/capture-decran-2023-10-15-a-01.35.13.png 1902w, https:\/\/education-bien-commun.fr\/wp-content\/uploads\/2023\/10\/capture-decran-2023-10-15-a-01.35.13-300x110.png 300w, https:\/\/education-bien-commun.fr\/wp-content\/uploads\/2023\/10\/capture-decran-2023-10-15-a-01.35.13-1024x377.png 1024w, https:\/\/education-bien-commun.fr\/wp-content\/uploads\/2023\/10\/capture-decran-2023-10-15-a-01.35.13-768x283.png 768w, https:\/\/education-bien-commun.fr\/wp-content\/uploads\/2023\/10\/capture-decran-2023-10-15-a-01.35.13-1536x565.png 1536w\" sizes=\"auto, (max-width: 1902px) 100vw, 1902px\" \/><\/figure>\n\n\n\n<ul class=\"wp-block-list\">\n<li><img loading=\"lazy\" decoding=\"async\" height=\"13\" width=\"13\" src=\"http:\/\/infosainto.free.fr\/images\/bullet1.gif\">&nbsp;La question des cycles \u00e0 mettre en relation avec la question de l&rsquo;apprentissage de la lecture : <\/li>\n\n\n\n<li>Importance du temps \u00e0 laisser \u00e0 l&rsquo;enfant : se socialiser d&rsquo;abord (attention \u00e0 ce que l&rsquo;on veut faire de la matenelle)<\/li>\n\n\n\n<li>Donner du sens<\/li>\n\n\n\n<li>une soci\u00e9t\u00e9 d&rsquo;enfants : importance de l&rsquo;imitation des pairs<\/li>\n<\/ul>\n\n\n\n<p class=\"wp-block-paragraph\">Une interview de&nbsp;<strong>Jacques FIJALKOW<\/strong>&nbsp;par la revue des instituteurs et profs d&rsquo;\u00e9cole \u00ab\u00a0Entre Guillemets\u00a0\u00bb:<\/p>\n\n\n\n<p class=\"wp-block-paragraph\">\u00ab\u00a0<strong><a href=\"https:\/\/www.babelio.com\/auteur\/Jacques-Fijalkow\/92565\">Jacques FIJALKOW<\/a><\/strong> , professeur \u00e0 l&rsquo;Universit\u00e9 de Toulouse, a travaill\u00e9 en Isra\u00ebl, au Qu\u00e9bec dans des projets europ\u00e9ens et <strong>s&rsquo;int\u00e9resse plus particuli\u00e8rement aux enfants en difficult\u00e9 <\/strong>(&#8230;).\u00a0\u00bb <\/p>\n\n\n\n<figure class=\"wp-block-table\"><table><tbody><tr><td><strong>L&rsquo;imitation est primordiale<\/strong><br><br><\/td><td><br>   Il montre que les enfants en difficult\u00e9 en lecture sont en difficult\u00e9&nbsp;<strong>parce qu&rsquo;ils ne sont pas socialement dans l&rsquo;\u00e9cole<\/strong>. Il faut donc attendre qu&rsquo;ils se socialisent m\u00eame si cela prend du temps, et les aider \u00e0 prendre conscience de l&rsquo;int\u00e9r\u00eat de ce qu&rsquo;ils font \u00e0 l&rsquo;\u00e9cole. Pour lui, dans une soci\u00e9t\u00e9 d&rsquo;enfants, l&rsquo;imitation (que l&rsquo;on appelle \u00e0 tort le copiage, des enfants les uns sur les autres) est primordiale pour la progression des enfants en difficult\u00e9.\u00a0\u00bbPour les enseignants, c&rsquo;est tr\u00e8s difficile, car&nbsp;<strong>il y a une pression tr\u00e8s forte, en particulier lors du CP<\/strong>. Les parents sont angoiss\u00e9s, les coll\u00e8gues sont press\u00e9s, etc. Pourtant avec certains enfants, il faut attendre plus d&rsquo;un an. Parfois, il faut attendre que l&rsquo;enfant soit au CE1 pour que \u00e7a d\u00e9marre. Il y a tellement de cas spectaculaires de d\u00e9marrage quand les enseignants ont jou\u00e9 le jeu, quand c&rsquo;est la m\u00eame \u00e9quipe qui a fonctionn\u00e9 sur l&rsquo;ensemble du cycle que je suis convaincu que si l&rsquo;on donne du temps \u00e0 ces enfants, ils progresseront.(&#8230;)\u00a0\u00bb\u00a0\u00bbIl faut donc que les premiers, ceux qui sont pr\u00eats, fassent et que les autres les voient faire, qu&rsquo;ils les imitent pour que peu \u00e0 peu \u00e7a fonctionne. Il y a une soci\u00e9t\u00e9 des enfants, ils s&rsquo;observent les uns les autres, beaucoup plus qu&rsquo;on ne le pense. La mise en place des<strong>&nbsp;cycles*<\/strong>&nbsp;est une chose importante. Il faut effectivement donner le temps au temps. Il faut vraiment jouer le jeu sur trois ans, sinon \u00e7a ne peut pas fonctionner pour tous. (&#8230;)\u00a0\u00bb<br><\/td><\/tr><\/tbody><\/table><figcaption class=\"wp-element-caption\">  <br><br>   \u00ab\u00a0<strong>L&rsquo;entr\u00e9e dans l&rsquo;\u00e9crit est le pas d\u00e9cisif que nos soci\u00e9t\u00e9s demandent de faire au jeune de cinq, six et sept ans. <\/strong>Dans \u00ab\u00a0l&rsquo;apprentissage de la lecture\u00a0\u00bb, l&rsquo;\u00e9criture, aujourd&rsquo;hui, est prise en compte au m\u00eame titre que la lecture, tandis que <strong>l&rsquo;enfant se retrouve plac\u00e9 au centre des pr\u00e9occupations.<\/strong> Quelques-uns des meilleurs sp\u00e9cialistes mondiaux de la conception constructiviste s&rsquo;expriment dans cet ouvrage sur un th\u00e8me qui fait l&rsquo;objet d&rsquo;un int\u00e9r\u00eat chaque jour plus grand\u00a0\u00bb.<br><br><strong>\u00c9diteur \u200f : \u200e&nbsp;<\/strong>Presses universitaires du Midi (27 f\u00e9vrier 2020)<\/figcaption><\/figure>\n\n\n<div class=\"wp-block-image\">\n<figure class=\"aligncenter size-large is-resized\"><img loading=\"lazy\" decoding=\"async\" width=\"352\" height=\"522\" src=\"https:\/\/education-bien-commun.fr\/wp-content\/uploads\/2023\/10\/2020-fijalkow-livre.jpg?w=352\" alt=\"\" class=\"wp-image-8001\" style=\"width:210px;height:auto\" srcset=\"https:\/\/education-bien-commun.fr\/wp-content\/uploads\/2023\/10\/2020-fijalkow-livre.jpg 352w, https:\/\/education-bien-commun.fr\/wp-content\/uploads\/2023\/10\/2020-fijalkow-livre-202x300.jpg 202w\" sizes=\"auto, (max-width: 352px) 100vw, 352px\" \/><\/figure>\n<\/div>\n\n\n<p class=\"has-text-align-center wp-block-paragraph\">***<\/p>\n\n\n\n<ul class=\"wp-block-list\">\n<li>Et lire la revue <strong><a href=\"http:\/\/www.lecture.org\/revues_livres\/actes_lecture.html\">\u00ab\u00a0Les Actes de lecture\u00a0\u00bb<\/a><\/strong> de l&rsquo;AFL (Association Fran\u00e7aise pour la Lecture. <\/li>\n<\/ul>\n\n\n\n<figure class=\"wp-block-table\"><table><tbody><tr><td><strong><br>Revues consultables en ligne (par num\u00e9ro)<\/strong><\/td><\/tr><\/tbody><\/table><\/figure>\n","protected":false},"excerpt":{"rendered":"<p>Par Nadine Lanneau, professeure documentaliste en coll\u00e8ge et lyc\u00e9e de l&rsquo;Education nationale. R\u00e9cemment \u00e0 la retraite. Publi\u00e9 dans Syst\u00e8me \u00e9ducatif. \u00c7a va \u00eatre votre f\u00eate, mesdames et messieurs les enseignant\u2022e\u2022s ! Le 5 octobre, ce fut votre f\u00eate, mesdames et messieurs les enseignant\u2022e\u2022s ! Le 5 octobre, c&rsquo;est la f\u00eate mondiale des enseignantes et des&hellip; <a class=\"more-link\" href=\"https:\/\/education-bien-commun.fr\/?p=7785\">Lire la suite <span class=\"screen-reader-text\">Il est grand temps de bifurquer&#8230;<\/span><\/a><\/p>\n","protected":false},"author":3,"featured_media":0,"comment_status":"open","ping_status":"open","sticky":false,"template":"","format":"standard","meta":{"_jetpack_newsletter_access":"","_jetpack_dont_email_post_to_subs":false,"_jetpack_newsletter_tier_id":0,"_jetpack_memberships_contains_paywalled_content":false,"_jetpack_feature_clip_id":0,"_jetpack_memberships_contains_paid_content":false,"footnotes":"","jetpack_post_was_ever_published":false},"categories":[47,57,75,81,85,96],"tags":[103,108,110,120,121,122,126,129],"class_list":["post-7785","post","type-post","status-publish","format-standard","hentry","category-enseignement","category-finalite-du-systeme-educatif","category-pedagogie","category-politique-educative","category-promotion-collective","category-systeme-educatif","tag-bac-professionnel","tag-college-unique","tag-cycles","tag-lycee-professionnel","tag-manuel-unique","tag-milieux-defavorises","tag-reforme","tag-savoirs-fondamentaux"],"jetpack_sharing_enabled":true,"jetpack_featured_media_url":"","_links":{"self":[{"href":"https:\/\/education-bien-commun.fr\/index.php?rest_route=\/wp\/v2\/posts\/7785","targetHints":{"allow":["GET"]}}],"collection":[{"href":"https:\/\/education-bien-commun.fr\/index.php?rest_route=\/wp\/v2\/posts"}],"about":[{"href":"https:\/\/education-bien-commun.fr\/index.php?rest_route=\/wp\/v2\/types\/post"}],"author":[{"embeddable":true,"href":"https:\/\/education-bien-commun.fr\/index.php?rest_route=\/wp\/v2\/users\/3"}],"replies":[{"embeddable":true,"href":"https:\/\/education-bien-commun.fr\/index.php?rest_route=%2Fwp%2Fv2%2Fcomments&post=7785"}],"version-history":[{"count":0,"href":"https:\/\/education-bien-commun.fr\/index.php?rest_route=\/wp\/v2\/posts\/7785\/revisions"}],"wp:attachment":[{"href":"https:\/\/education-bien-commun.fr\/index.php?rest_route=%2Fwp%2Fv2%2Fmedia&parent=7785"}],"wp:term":[{"taxonomy":"category","embeddable":true,"href":"https:\/\/education-bien-commun.fr\/index.php?rest_route=%2Fwp%2Fv2%2Fcategories&post=7785"},{"taxonomy":"post_tag","embeddable":true,"href":"https:\/\/education-bien-commun.fr\/index.php?rest_route=%2Fwp%2Fv2%2Ftags&post=7785"}],"curies":[{"name":"wp","href":"https:\/\/api.w.org\/{rel}","templated":true}]}}